{"id":63413,"date":"2020-10-16T09:23:38","date_gmt":"2020-10-16T12:23:38","guid":{"rendered":"https:\/\/catolicanet.net\/wp-cnet\/?p=63413"},"modified":"2020-10-16T13:25:11","modified_gmt":"2020-10-16T16:25:11","slug":"pascom-brasil-elabora-material-formativo-sobre-direitos-autorais-e-de-imagem","status":"publish","type":"post","link":"https:\/\/catolicanet.net\/wp-cnet\/pascom-brasil-elabora-material-formativo-sobre-direitos-autorais-e-de-imagem\/","title":{"rendered":"PASCOM BRASIL ELABORA MATERIAL FORMATIVO SOBRE DIREITOS AUTORAIS E DE IMAGEM"},"content":{"rendered":"<p style=\"text-align: justify;\"><strong>Atender \u00e0s necessidades de forma\u00e7\u00e3o e sanar d\u00favidas dos agentes pastorais, quanto aos direitos autorais e de imagem.<\/strong>\u00a0Este \u00e9 objetivo da cartilha preparada e distribu\u00edda gratuitamente, a partir de uma iniciativa da Pascom Brasil.\u00a0<strong>Para acessar o material,\u00a0<a href=\"https:\/\/pascombrasil.org.br\/wp-content\/uploads\/sites\/153\/2020\/10\/PASCOM_Cartilha-Direitos-Autorais-e-imagens.pdf\" target=\"_blank\" rel=\"noopener noreferrer\">clique aqui<\/a>.\u00a0<\/strong><\/p>\n<p style=\"text-align: justify;\">Uma das principais dificuldades encontradas na pr\u00e1tica pastoral refere-se ao uso de imagens (que foto \u00e9 permitida? como dar os cr\u00e9ditos? todas as fotos podem ser usadas?) ou at\u00e9 mesmo o uso de um texto autoral. Pensando nisso, um grupo de trabalho se reuniu, discutiu e prop\u00f4s a elabora\u00e7\u00e3o deste subs\u00eddio. Sem pretens\u00e3o de esgotar o assunto, mas de dar dicas simples e orienta\u00e7\u00f5es precisas sobre um tema t\u00e3o importante, esta \u00e9 a primeira de outras tem\u00e1ticas a serem abordadas numa perspectiva pastoral.<\/p>\n<h3 style=\"text-align: justify;\"><strong>Facilidade no trabalho\u00a0<\/strong><\/h3>\n<p style=\"text-align: justify;\">Para Adielson Agrelos, coordenador da Pascom no Regional Leste 1 (estado do Rio de Janeiro) e do GT Produ\u00e7\u00e3o da Pascom Brasil, estar presente num grupo de trabalho t\u00e3o qualificado como o composto para elabora\u00e7\u00e3o do subs\u00eddio nos diz que estamos no caminho certo naquilo que escolhemos tanto profissionalmente, como no sentido pastoral.<\/p>\n<blockquote><p>\u201cAcredito que, por ser um material elaborado a partir do objetivo central de toda comunica\u00e7\u00e3o, ou seja, claro \u2013 conciso \u2013 coerente, facilitar\u00e1 muito o trabalho dos nossos agentes para que possamos desde j\u00e1 nos adequar \u00e0s exig\u00eancias dos novos tempos no que diz respeito aos direitos do cidad\u00e3o e \u00e0 prote\u00e7\u00e3o de dados\u201d, afirmou.<\/p><\/blockquote>\n<h6 style=\"text-align: justify;\"><strong>Grupo de trabalho<\/strong><\/h6>\n<ul style=\"text-align: justify;\">\n<li>Adielson Agrelos, coordenador do GT Produ\u00e7\u00e3o da Pascom Brasil<\/li>\n<li>Andr\u00e9 Fachetti Lustosa, fot\u00f3grafo e advogado<\/li>\n<li>Manuela Castro, coordenadora da assessoria de comunica\u00e7\u00e3o da CNBB<\/li>\n<li>Marcus Tullius, coordenador geral da Pascom Brasil<\/li>\n<li>Silvonei Jos\u00e9, Vatican Media<\/li>\n<li>Dr. Wellington Santana, advogado e assessor jur\u00eddico da Diocese de Duque de Caxias<\/li>\n<\/ul>\n<p style=\"text-align: justify;\">\n<pre>Com informa\u00e7\u00f5es da Pascom Brasil<\/pre>\n","protected":false},"excerpt":{"rendered":"<p>Atender \u00e0s necessidades de forma\u00e7\u00e3o e sanar d\u00favidas dos agentes pastorais, quanto aos direitos autorais e de imagem.\u00a0Este \u00e9 objetivo da cartilha preparada e distribu\u00edda gratuitamente, a partir de uma iniciativa da Pascom Brasil.\u00a0Para acessar o material,\u00a0clique aqui.\u00a0 Uma das principais dificuldades encontradas na pr\u00e1tica pastoral refere-se ao uso de imagens (que foto \u00e9 permitida? [&hellip;]<\/p>\n","protected":false},"author":1,"featured_media":63414,"comment_status":"open","ping_status":"closed","sticky":false,"template":"","format":"standard","meta":{"footnotes":""},"categories":[7],"tags":[],"class_list":["post-63413","post","type-post","status-publish","format-standard","has-post-thumbnail","hentry","category-cnbb"],"_links":{"self":[{"href":"https:\/\/catolicanet.net\/wp-cnet\/wp-json\/wp\/v2\/posts\/63413","targetHints":{"allow":["GET"]}}],"collection":[{"href":"https:\/\/catolicanet.net\/wp-cnet\/wp-json\/wp\/v2\/posts"}],"about":[{"href":"https:\/\/catolicanet.net\/wp-cnet\/wp-json\/wp\/v2\/types\/post"}],"author":[{"embeddable":true,"href":"https:\/\/catolicanet.net\/wp-cnet\/wp-json\/wp\/v2\/users\/1"}],"replies":[{"embeddable":true,"href":"https:\/\/catolicanet.net\/wp-cnet\/wp-json\/wp\/v2\/comments?post=63413"}],"version-history":[{"count":1,"href":"https:\/\/catolicanet.net\/wp-cnet\/wp-json\/wp\/v2\/posts\/63413\/revisions"}],"predecessor-version":[{"id":63415,"href":"https:\/\/catolicanet.net\/wp-cnet\/wp-json\/wp\/v2\/posts\/63413\/revisions\/63415"}],"wp:featuredmedia":[{"embeddable":true,"href":"https:\/\/catolicanet.net\/wp-cnet\/wp-json\/wp\/v2\/media\/63414"}],"wp:attachment":[{"href":"https:\/\/catolicanet.net\/wp-cnet\/wp-json\/wp\/v2\/media?parent=63413"}],"wp:term":[{"taxonomy":"category","embeddable":true,"href":"https:\/\/catolicanet.net\/wp-cnet\/wp-json\/wp\/v2\/categories?post=63413"},{"taxonomy":"post_tag","embeddable":true,"href":"https:\/\/catolicanet.net\/wp-cnet\/wp-json\/wp\/v2\/tags?post=63413"}],"curies":[{"name":"wp","href":"https:\/\/api.w.org\/{rel}","templated":true}]}}