{"id":63407,"date":"2020-10-16T09:19:03","date_gmt":"2020-10-16T12:19:03","guid":{"rendered":"https:\/\/catolicanet.net\/wp-cnet\/?p=63407"},"modified":"2020-10-16T13:20:50","modified_gmt":"2020-10-16T16:20:50","slug":"honduras-diretor-das-pom-mostrar-uniao-entre-caridade-e-evangelizacao","status":"publish","type":"post","link":"https:\/\/catolicanet.net\/wp-cnet\/honduras-diretor-das-pom-mostrar-uniao-entre-caridade-e-evangelizacao\/","title":{"rendered":"Honduras. Diretor das POM: mostrar uni\u00e3o entre caridade e evangeliza\u00e7\u00e3o"},"content":{"rendered":"<div class=\"article__subTitle\" style=\"text-align: justify;\">\u201c\u00c9 muito importante dar a conhecer essa liga\u00e7\u00e3o entre caridade e evangeliza\u00e7\u00e3o que est\u00e1 na experi\u00eancia vital do povo de Deus. Os irm\u00e3os pobres compartilham o pouco que t\u00eam com os mais pobres, quase no estilo das primeiras comunidades crist\u00e3s\u201d, explica padre Lazo falando sobre o clima de celebra\u00e7\u00f5es que est\u00e3o acompanhando o M\u00eas Mission\u00e1rio no pa\u00eds centro-americano, em vista do Dia Mundial das Miss\u00f5es, que se celebra este domingo, 18 de outubro<\/div>\n<div class=\"title__separator\" style=\"text-align: justify;\"><\/div>\n<div class=\"article__text \">\n<p style=\"text-align: justify;\"><b>Vatican News<\/b><\/p>\n<div style=\"text-align: justify;\">\n<div class=\"article__embed article__embed--unwrap article__embed--dark\">\n<div class=\"article__innerTitle\">Ou\u00e7a e compartilhe<\/div>\n<div>\n<!--[if lt IE 9]><script>document.createElement('audio');<\/script><![endif]-->\n<audio class=\"wp-audio-shortcode\" id=\"audio-63407-1\" preload=\"none\" style=\"width: 100%;\" controls=\"controls\"><source type=\"audio\/mpeg\" src=\"https:\/\/media.vaticannews.va\/media\/audio\/s1\/2020\/10\/16\/13\/135753754_F135753754.mp3?_=1\" \/><a href=\"https:\/\/media.vaticannews.va\/media\/audio\/s1\/2020\/10\/16\/13\/135753754_F135753754.mp3\">https:\/\/media.vaticannews.va\/media\/audio\/s1\/2020\/10\/16\/13\/135753754_F135753754.mp3<\/a><\/audio>\n<\/div>\n<\/div>\n<\/div>\n<p style=\"text-align: justify;\">\u201cH\u00e1 grande alegria e entusiasmo em todas as dire\u00e7\u00f5es das miss\u00f5es diocesanas pelo outubro mission\u00e1rio: esta \u00e9 uma grande oportunidade para convidar todos os batizados a tomar consci\u00eancia de sua voca\u00e7\u00e3o e de seu compromisso de colaborar na grande obra de Deus.\u201d<\/p>\n<p style=\"text-align: justify;\">Foi o que disse \u00e0 ag\u00eancia mission\u00e1ria Fides o diretor das Pontif\u00edcias Obras Mission\u00e1rias (POM) em Honduras, padre Bernardino Lazo, falando sobre o clima de celebra\u00e7\u00f5es que est\u00e3o acompanhando o M\u00eas mission\u00e1rio no pa\u00eds centro-americano, em vista do Dia Mundial das Miss\u00f5es, que se celebra este domingo, 18 de outubro.<\/p>\n<h2 style=\"text-align: justify;\">Solidariedade das Igrejas locais mesmo antes a pandemia<\/h2>\n<p style=\"text-align: justify;\">\u201c\u00c9 muito importante dar a conhecer essa liga\u00e7\u00e3o entre caridade e evangeliza\u00e7\u00e3o que est\u00e1 na experi\u00eancia vital do povo de Deus. Os irm\u00e3os pobres compartilham o pouco que t\u00eam com os mais pobres, quase no estilo das primeiras comunidades crist\u00e3s\u201d, explica padre Bernardino.<\/p>\n<p style=\"text-align: justify;\">\u201cTodas as Igrejas particulares com seus pastores, mesmo antes da pandemia, sempre estiveram empenhadas em ajudar a popula\u00e7\u00e3o local entre as mil dificuldades, num contexto caracterizado por uma alta taxa de pobreza, com servi\u00e7os de sa\u00fade muito vulner\u00e1veis, alto desemprego e muita criminalidade\u201d, continua.<\/p>\n<h2 style=\"text-align: justify;\">SOS mission\u00e1ria na Arquidiocese de Tegucigalpa<\/h2>\n<p style=\"text-align: justify;\">Entre as iniciativas a servi\u00e7o dos mais necessitados, padre Lazo fala de uma experi\u00eancia nascida na Arquidiocese de Tegucigalpa, capital hondurenha, chamada \u201cSOS mission\u00e1rio\u201d, que fornece alimenta\u00e7\u00e3o, assist\u00eancia m\u00e9dica, psicol\u00f3gica e espiritual.<\/p>\n<div style=\"text-align: justify;\">\n<div class=\"article__embed article__embed--border embed_style\">\n<blockquote><p>\u201cEm n\u00edvel nacional, durante a pandemia ajudamos muitos fi\u00e9is em dificuldade, fazendo forma\u00e7\u00e3o psicol\u00f3gica e espiritual online. Em muitas par\u00f3quias, sacerdotes e religiosos trabalharam a fim de assegurar bens de primeira necessidade aos irm\u00e3os e irm\u00e3s menos favorecidos.\u201d<\/p><\/blockquote>\n<\/div>\n<\/div>\n<p style=\"text-align: justify;\">Falando sobre o trabalho das Pontif\u00edcias Obras Mission\u00e1rias em Honduras, padre Bernardino diz que este \u201ccontinuar\u00e1 se renovando enquanto estiver numa atitude constante de abertura mission\u00e1ria \u2018ad gentes\u2019 rumo \u00e0s periferias geogr\u00e1ficas, socioculturais e existenciais\u201d.<\/p>\n<h2 style=\"text-align: justify;\">Despertar a consci\u00eancia mission\u00e1ria do povo de Deus<\/h2>\n<p style=\"text-align: justify;\">\u201cTodos os batizados s\u00e3o chamados a contribuir para despertar a consci\u00eancia mission\u00e1ria do povo de Deus: \u00e9 preciso partir da dor, da ang\u00fastia e das esperan\u00e7as e responder a seus gritos, perguntas, fome e desejo de Deus.\u201d<\/p>\n<p style=\"text-align: justify;\">\u201cNossos objetivos e esfor\u00e7os \u2013 conclui padre Lazo \u2013 devem ser baseados na resposta sobre como tornar poss\u00edvel a corresponsabilidade da miss\u00e3o universal da Igreja em todas as \u00e1reas do pa\u00eds, vez que ainda h\u00e1 muitas pessoas que n\u00e3o conhecem o Senhor.\u201d<\/p>\n<p style=\"text-align: justify;\">(Fides)<\/p>\n<\/div>\n","protected":false},"excerpt":{"rendered":"<p>\u201c\u00c9 muito importante dar a conhecer essa liga\u00e7\u00e3o entre caridade e evangeliza\u00e7\u00e3o que est\u00e1 na experi\u00eancia vital do povo de Deus. Os irm\u00e3os pobres compartilham o pouco que t\u00eam com os mais pobres, quase no estilo das primeiras comunidades crist\u00e3s\u201d, explica padre Lazo falando sobre o clima de celebra\u00e7\u00f5es que est\u00e3o acompanhando o M\u00eas Mission\u00e1rio [&hellip;]<\/p>\n","protected":false},"author":1,"featured_media":63408,"comment_status":"open","ping_status":"closed","sticky":false,"template":"","format":"standard","meta":{"footnotes":""},"categories":[3],"tags":[],"class_list":["post-63407","post","type-post","status-publish","format-standard","has-post-thumbnail","hentry","category-vaticano"],"_links":{"self":[{"href":"https:\/\/catolicanet.net\/wp-cnet\/wp-json\/wp\/v2\/posts\/63407","targetHints":{"allow":["GET"]}}],"collection":[{"href":"https:\/\/catolicanet.net\/wp-cnet\/wp-json\/wp\/v2\/posts"}],"about":[{"href":"https:\/\/catolicanet.net\/wp-cnet\/wp-json\/wp\/v2\/types\/post"}],"author":[{"embeddable":true,"href":"https:\/\/catolicanet.net\/wp-cnet\/wp-json\/wp\/v2\/users\/1"}],"replies":[{"embeddable":true,"href":"https:\/\/catolicanet.net\/wp-cnet\/wp-json\/wp\/v2\/comments?post=63407"}],"version-history":[{"count":1,"href":"https:\/\/catolicanet.net\/wp-cnet\/wp-json\/wp\/v2\/posts\/63407\/revisions"}],"predecessor-version":[{"id":63409,"href":"https:\/\/catolicanet.net\/wp-cnet\/wp-json\/wp\/v2\/posts\/63407\/revisions\/63409"}],"wp:featuredmedia":[{"embeddable":true,"href":"https:\/\/catolicanet.net\/wp-cnet\/wp-json\/wp\/v2\/media\/63408"}],"wp:attachment":[{"href":"https:\/\/catolicanet.net\/wp-cnet\/wp-json\/wp\/v2\/media?parent=63407"}],"wp:term":[{"taxonomy":"category","embeddable":true,"href":"https:\/\/catolicanet.net\/wp-cnet\/wp-json\/wp\/v2\/categories?post=63407"},{"taxonomy":"post_tag","embeddable":true,"href":"https:\/\/catolicanet.net\/wp-cnet\/wp-json\/wp\/v2\/tags?post=63407"}],"curies":[{"name":"wp","href":"https:\/\/api.w.org\/{rel}","templated":true}]}}