{"id":6338,"date":"2015-08-11T12:14:04","date_gmt":"2015-08-11T15:14:04","guid":{"rendered":"http:\/\/catolicanet.net\/wp-cnet\/ataques-contra-haitianos-oea-condena-xenofobia-no-brasil\/"},"modified":"2017-04-11T09:07:47","modified_gmt":"2017-04-11T12:07:47","slug":"ataques-contra-haitianos-oea-condena-xenofobia-no-brasil","status":"publish","type":"post","link":"https:\/\/catolicanet.net\/wp-cnet\/ataques-contra-haitianos-oea-condena-xenofobia-no-brasil\/","title":{"rendered":"Ataques contra haitianos: OEA condena xenofobia no Brasil"},"content":{"rendered":"<p style=\"text-align: justify;\"><img decoding=\"async\" src=\"http:\/\/catolicanet.com.br\/images\/stories\/geral\/xenofobia.jpg\" border=\"0\" align=\"left\" \/>O relator sobre os Direitos dos Migrantes da Comiss\u00e3o Interamericana de Direitos Humanos (CIDH), Felipe Gonz\u00e1lez, exortou que o Governo promova uma ampla investiga\u00e7\u00e3o ap\u00f3s o ataque a tiros que deixou 7 imigrantes haitianos feridos no centro da capital paulista.<\/p>\n<p>\u201c\u00c9 uma situa\u00e7\u00e3o espec\u00edfica e efetivamente estamos ao corrente disso. Conhecemos a declara\u00e7\u00e3o feita pelas autoridades e o que nos parece \u00e9 que o Estado precisa assegurar que seja feita uma investiga\u00e7\u00e3o r\u00e1pida e rigorosa\u201d, disse Gonz\u00e1les a jornalistas estrangeiros em S\u00e3o Paulo.<\/p>\n<p>Para o relator, \u00e9 importante determinar se o ataque teria tido uma motiva\u00e7\u00e3o xen\u00f3foba. \u201cPor isso, \u00e9 importante que se fa\u00e7a uma investiga\u00e7\u00e3o a fundo e que estas pessoas sejam atendidas pelos servi\u00e7os de sa\u00fade\u201d, destacou Gonz\u00e1les.<\/p>\n<p>Igreja<\/p>\n<p>O ataque aconteceu a poucos metros da Par\u00f3quia Nossa Senhora da Paz, na Liberdade, conhecida por acolher os migrantes \u2013 n\u00e3o somente haitianos. No site da miss\u00e3o, o depoimento de Rubens Michel, imigrante haitiano radicado em S\u00e3o Paulo, testemunha a dificuldade em ser migrante na maior cidade da Am\u00e9rica do Sul.<\/p>\n<p>\u201cAqui no Brasil a gente \u2018t\u00e1\u2019 com medo. Quando eu cheguei em S\u00e3o Paulo, vi que \u00e9 uma outra coisa. A gente tem medo at\u00e9 da pol\u00edcia, quando dizem \u2018m\u00e3os na cabe\u00e7a\u2019 e a gente n\u00e3o sabe o porqu\u00ea. O preconceito aqui em S\u00e3o Paulo \u00e9 muito forte. \u00c0s vezes, no metr\u00f4, te olham de um jeito estranho, a\u00ed voc\u00ea levanta&#8230; \u00c9 um problema de racismo. Tem isso. \u00c9 muito forte\u201d.<\/p>\n<p style=\"text-align: justify;\">Fonte: R\u00e1dio Vaticano<\/p>\n","protected":false},"excerpt":{"rendered":"<p>O relator sobre os Direitos dos Migrantes da Comiss\u00e3o Interamericana de Direitos Humanos (CIDH), Felipe Gonz\u00e1lez, exortou que o Governo promova uma ampla investiga\u00e7\u00e3o ap\u00f3s o ataque a tiros que deixou 7 imigrantes haitianos feridos no centro da capital paulista. \u201c\u00c9 uma situa\u00e7\u00e3o espec\u00edfica e efetivamente estamos ao corrente disso. Conhecemos a declara\u00e7\u00e3o feita pelas [&hellip;]<\/p>\n","protected":false},"author":1,"featured_media":0,"comment_status":"closed","ping_status":"closed","sticky":false,"template":"","format":"standard","meta":{"footnotes":""},"categories":[3],"tags":[],"class_list":["post-6338","post","type-post","status-publish","format-standard","hentry","category-vaticano"],"_links":{"self":[{"href":"https:\/\/catolicanet.net\/wp-cnet\/wp-json\/wp\/v2\/posts\/6338","targetHints":{"allow":["GET"]}}],"collection":[{"href":"https:\/\/catolicanet.net\/wp-cnet\/wp-json\/wp\/v2\/posts"}],"about":[{"href":"https:\/\/catolicanet.net\/wp-cnet\/wp-json\/wp\/v2\/types\/post"}],"author":[{"embeddable":true,"href":"https:\/\/catolicanet.net\/wp-cnet\/wp-json\/wp\/v2\/users\/1"}],"replies":[{"embeddable":true,"href":"https:\/\/catolicanet.net\/wp-cnet\/wp-json\/wp\/v2\/comments?post=6338"}],"version-history":[{"count":1,"href":"https:\/\/catolicanet.net\/wp-cnet\/wp-json\/wp\/v2\/posts\/6338\/revisions"}],"predecessor-version":[{"id":11152,"href":"https:\/\/catolicanet.net\/wp-cnet\/wp-json\/wp\/v2\/posts\/6338\/revisions\/11152"}],"wp:attachment":[{"href":"https:\/\/catolicanet.net\/wp-cnet\/wp-json\/wp\/v2\/media?parent=6338"}],"wp:term":[{"taxonomy":"category","embeddable":true,"href":"https:\/\/catolicanet.net\/wp-cnet\/wp-json\/wp\/v2\/categories?post=6338"},{"taxonomy":"post_tag","embeddable":true,"href":"https:\/\/catolicanet.net\/wp-cnet\/wp-json\/wp\/v2\/tags?post=6338"}],"curies":[{"name":"wp","href":"https:\/\/api.w.org\/{rel}","templated":true}]}}