{"id":63367,"date":"2020-10-15T09:45:46","date_gmt":"2020-10-15T12:45:46","guid":{"rendered":"https:\/\/catolicanet.net\/wp-cnet\/?p=63367"},"modified":"2020-10-15T11:46:44","modified_gmt":"2020-10-15T14:46:44","slug":"nesta-quinta-feira-terceira-live-sobre-o-novo-estatuto-da-cnbb-vai-abordar-a-missionariedade","status":"publish","type":"post","link":"https:\/\/catolicanet.net\/wp-cnet\/nesta-quinta-feira-terceira-live-sobre-o-novo-estatuto-da-cnbb-vai-abordar-a-missionariedade\/","title":{"rendered":"NESTA QUINTA-FEIRA, TERCEIRA LIVE SOBRE O NOVO ESTATUTO DA CNBB VAI ABORDAR A MISSIONARIEDADE"},"content":{"rendered":"<p style=\"text-align: justify;\">Nesta quinta-feira, \u00e0s 15 horas, ser\u00e1 realizada a terceira live sobre novo estatuto da Confer\u00eancia Nacional dos Bispos do Brasil (CNBB), que est\u00e1 em processo de elabora\u00e7\u00e3o. O tema de hoje \u00e9 \u201cNovo estatuto da CNBB e a Missionariedade\u201d. Ser\u00e1 poss\u00edvel acompanhar pelas redes sociais da entidade.<\/p>\n<p style=\"text-align: justify;\">S\u00e3o os convidados para abordar o tema o assessor da Comiss\u00e3o para a A\u00e7\u00e3o Mission\u00e1ria e a Coopera\u00e7\u00e3o Intereclesial da CNBB padre Daniel Rochetti e o bispo auxiliar de Bel\u00e9m (PA) e membro da Comiss\u00e3o Episcopal Pastoral para a Juventude da CNBB, dom Ant\u00f4nio de Assis Ribeiro. Mediar\u00e1 o bate-papo o padre Manoel Filho, professor na Universidade Cat\u00f3lica de Salvador (UCSal) e coordenador nacional da Pastoral do Turismo.<\/p>\n<p style=\"text-align: justify;\">Padre Daniel ir\u00e1 desenvolver uma reflex\u00e3o sobre \u201cOs desafios atuais da miss\u00e3o\u201d. J\u00e1 dom Ant\u00f4nio falar\u00e1 sobre \u201cA Confer\u00eancia Episcopal e a Missionariedade\u201d.<\/p>\n<p style=\"text-align: justify;\">Acompanhe:<\/p>\n<p style=\"text-align: justify;\"><a href=\"https:\/\/www.facebook.com\/cnbbnacional\">Facebook<\/a><\/p>\n<p style=\"text-align: justify;\"><a href=\"https:\/\/twitter.com\/CNBBNacional\">Twitter<\/a><\/p>\n<p style=\"text-align: justify;\"><a href=\"https:\/\/www.youtube.com\/user\/CNBBNacionalBrasilia\">Youtube<\/a>.<\/p>\n","protected":false},"excerpt":{"rendered":"<p>Nesta quinta-feira, \u00e0s 15 horas, ser\u00e1 realizada a terceira live sobre novo estatuto da Confer\u00eancia Nacional dos Bispos do Brasil (CNBB), que est\u00e1 em processo de elabora\u00e7\u00e3o. O tema de hoje \u00e9 \u201cNovo estatuto da CNBB e a Missionariedade\u201d. Ser\u00e1 poss\u00edvel acompanhar pelas redes sociais da entidade. S\u00e3o os convidados para abordar o tema o [&hellip;]<\/p>\n","protected":false},"author":1,"featured_media":63368,"comment_status":"open","ping_status":"closed","sticky":false,"template":"","format":"standard","meta":{"footnotes":""},"categories":[7],"tags":[],"class_list":["post-63367","post","type-post","status-publish","format-standard","has-post-thumbnail","hentry","category-cnbb"],"_links":{"self":[{"href":"https:\/\/catolicanet.net\/wp-cnet\/wp-json\/wp\/v2\/posts\/63367","targetHints":{"allow":["GET"]}}],"collection":[{"href":"https:\/\/catolicanet.net\/wp-cnet\/wp-json\/wp\/v2\/posts"}],"about":[{"href":"https:\/\/catolicanet.net\/wp-cnet\/wp-json\/wp\/v2\/types\/post"}],"author":[{"embeddable":true,"href":"https:\/\/catolicanet.net\/wp-cnet\/wp-json\/wp\/v2\/users\/1"}],"replies":[{"embeddable":true,"href":"https:\/\/catolicanet.net\/wp-cnet\/wp-json\/wp\/v2\/comments?post=63367"}],"version-history":[{"count":1,"href":"https:\/\/catolicanet.net\/wp-cnet\/wp-json\/wp\/v2\/posts\/63367\/revisions"}],"predecessor-version":[{"id":63369,"href":"https:\/\/catolicanet.net\/wp-cnet\/wp-json\/wp\/v2\/posts\/63367\/revisions\/63369"}],"wp:featuredmedia":[{"embeddable":true,"href":"https:\/\/catolicanet.net\/wp-cnet\/wp-json\/wp\/v2\/media\/63368"}],"wp:attachment":[{"href":"https:\/\/catolicanet.net\/wp-cnet\/wp-json\/wp\/v2\/media?parent=63367"}],"wp:term":[{"taxonomy":"category","embeddable":true,"href":"https:\/\/catolicanet.net\/wp-cnet\/wp-json\/wp\/v2\/categories?post=63367"},{"taxonomy":"post_tag","embeddable":true,"href":"https:\/\/catolicanet.net\/wp-cnet\/wp-json\/wp\/v2\/tags?post=63367"}],"curies":[{"name":"wp","href":"https:\/\/api.w.org\/{rel}","templated":true}]}}