{"id":63364,"date":"2020-10-15T09:43:12","date_gmt":"2020-10-15T12:43:12","guid":{"rendered":"https:\/\/catolicanet.net\/wp-cnet\/?p=63364"},"modified":"2020-10-15T11:45:12","modified_gmt":"2020-10-15T14:45:12","slug":"lideres-cristaos-pedem-ao-fmi-o-cancelamento-da-divida-dos-paises-em-desenvolvimento","status":"publish","type":"post","link":"https:\/\/catolicanet.net\/wp-cnet\/lideres-cristaos-pedem-ao-fmi-o-cancelamento-da-divida-dos-paises-em-desenvolvimento\/","title":{"rendered":"L\u00edderes crist\u00e3os pedem ao FMI o cancelamento da d\u00edvida dos pa\u00edses em desenvolvimento"},"content":{"rendered":"<div class=\"article__subTitle\" style=\"text-align: justify;\">Os peticion\u00e1rios lembram a Mensagem do Papa para o Dia Mundial de Ora\u00e7\u00e3o pelo Cuidado da Cria\u00e7\u00e3o de 1\u00ba de setembro, na qual o Pont\u00edfice exorta a \u201ccancelar a d\u00edvida dos pa\u00edses mais fr\u00e1geis, \u00e0 luz do grave impacto das crises sanit\u00e1rias, sociais e econ\u00f4micas que aqueles t\u00eam de enfrentar na sequ\u00eancia do v\u00edrus Covid-19\u201d. \u00c9 a \u201cmaneira mais imediata de liberar os fundos necess\u00e1rios para evitar que milh\u00f5es de nossos irm\u00e3os e irm\u00e3s sejam empurrados desnecessariamente para a pobreza por causa da pandemia\u201d, frisam eles<\/div>\n<div class=\"title__separator\" style=\"text-align: justify;\"><\/div>\n<div class=\"article__text \">\n<p style=\"text-align: justify;\"><b>Vatican News<\/b><\/p>\n<div style=\"text-align: justify;\">\n<div class=\"article__embed article__embed--unwrap article__embed--dark\">\n<div class=\"article__innerTitle\">Ou\u00e7a e compartilhe<\/div>\n<div>\n<!--[if lt IE 9]><script>document.createElement('audio');<\/script><![endif]-->\n<audio class=\"wp-audio-shortcode\" id=\"audio-63364-1\" preload=\"none\" style=\"width: 100%;\" controls=\"controls\"><source type=\"audio\/mpeg\" src=\"https:\/\/media.vaticannews.va\/media\/audio\/s1\/2020\/10\/15\/09\/135751751_F135751751.mp3?_=1\" \/><a href=\"https:\/\/media.vaticannews.va\/media\/audio\/s1\/2020\/10\/15\/09\/135751751_F135751751.mp3\">https:\/\/media.vaticannews.va\/media\/audio\/s1\/2020\/10\/15\/09\/135751751_F135751751.mp3<\/a><\/audio>\n<\/div>\n<\/div>\n<\/div>\n<p style=\"text-align: justify;\">Cancelar a d\u00edvida das na\u00e7\u00f5es em desenvolvimento: \u00e9 o que mais de 140 l\u00edderes religiosos crist\u00e3os do mundo est\u00e3o pedindo ao Fundo Monet\u00e1rio Internacional (FMI) e ao Banco Mundial (BM). Numa carta coletiva enviada ao FMI e ao BM \u00a0os signat\u00e1rios, reunidos em sua reuni\u00e3o anual em andamento de 12 a 18 de outubro, evocam a necessidade desta medida como parte das estrat\u00e9gias globais de recupera\u00e7\u00e3o diante da pandemia da Covid-19.<\/p>\n<p style=\"text-align: justify;\">\u201cEscrevemos num esp\u00edrito de solidariedade e esperan\u00e7a. Cada um de n\u00f3s testemunha o impacto que a pandemia do coronav\u00edrus teve sobre os membros mais vulner\u00e1veis de nossas comunidades devido a doen\u00e7as, morte, fome e perda de meios de subsist\u00eancia\u201d, diz a missiva, e de tais comunidades que sofrem \u201ccompartilhamos esperan\u00e7as e temores pelo futuro\u201d.<\/p>\n<p style=\"text-align: justify;\">Em seguida, recordando que o pr\u00f3prio FMI e o BM destacaram os s\u00e9rios riscos da emerg\u00eancia sanit\u00e1ria \u2013 incluindo o aumento vertiginoso da pobreza e a queda dos pre\u00e7os das mat\u00e9rias-primas \u2013, os signat\u00e1rios denunciam \u201cuma injusti\u00e7a\u201d: \u201cO dinheiro t\u00e3o desesperadamente necess\u00e1rio para medicamentos, equipamentos de prote\u00e7\u00e3o pessoal, suprimentos alimentares de emerg\u00eancia e redes de seguran\u00e7a social ainda est\u00e1 sendo desviado para o pagamento da d\u00edvida\u201d.<\/p>\n<h2 style=\"text-align: justify;\">Carta lembra tamb\u00e9m Mensagem do Papa Francisco<\/h2>\n<p style=\"text-align: justify;\">O apelo, portanto, \u00e9 a \u201cmostrar uma lideran\u00e7a corajosa neste momento cr\u00edtico\u201d e a \u201ccancelar as d\u00edvidas dos pa\u00edses em desenvolvimento durante a dura\u00e7\u00e3o desta crise\u201d.<\/p>\n<p style=\"text-align: justify;\">De fato, o cancelamento da d\u00edvida \u2013 prossegue a carta \u2013 \u00e9 \u201ca maneira mais imediata de liberar os fundos necess\u00e1rios para evitar que milh\u00f5es de nossos irm\u00e3os e irm\u00e3s sejam empurrados desnecessariamente para a pobreza por causa da pandemia\u201d.<\/p>\n<p style=\"text-align: justify;\">A carta lembra tamb\u00e9m a\u00a0<a href=\"http:\/\/www.vatican.va\/content\/francesco\/pt\/messages\/pont-messages\/2020\/documents\/papa-francesco_20200901_messaggio-giornata-cura-creato.html\" target=\"_blank\" rel=\"external noopener noreferrer\">Mensagem do Papa Francisco para o Dia Mundial de Ora\u00e7\u00e3o pelo Cuidado da Cria\u00e7\u00e3o<\/a>\u00a0de 1\u00ba de setembro, na qual o Pont\u00edfice exorta a \u201ccancelar a d\u00edvida dos pa\u00edses mais fr\u00e1geis, \u00e0 luz do grave impacto das crises sanit\u00e1rias, sociais e econ\u00f4micas que aqueles t\u00eam de enfrentar na sequ\u00eancia do v\u00edrus Covid-19\u201d.<\/p>\n<h2 style=\"text-align: justify;\">L\u00edderes crist\u00e3os apreciam medidas j\u00e1 tomadas pelo FMI e BM<\/h2>\n<p style=\"text-align: justify;\">Ademais, os l\u00edderes crist\u00e3os manifestam apre\u00e7o por algumas medidas j\u00e1 tomadas, tais como \u201ca decis\u00e3o do FMI de cobrir os pagamentos da d\u00edvida devida por um per\u00edodo de seis meses para 28 pa\u00edses, bem como a disponibilidade de novos financiamentos de emerg\u00eancia do pr\u00f3prio Fundo e do Banco Mundial no valor de 88 bilh\u00f5es de d\u00f3lares\u201d. Trata-se, contudo, de \u201ciniciativas insuficientes\u201d que \u201cn\u00e3o respondem \u00e0 urg\u00eancia e \u00e0 amplid\u00e3o da crise\u201d.<\/p>\n<div style=\"text-align: justify;\">\n<div class=\"article__embed article__embed--border embed_style\">\n<blockquote><p>\u201cSem o cancelamento da d\u00edvida, permanece elevado o risco de que &#8216;as na\u00e7\u00f5es em desenvolvimento n\u00e3o tenham dinheiro para impedir a propaga\u00e7\u00e3o do v\u00edrus, para curar as pessoas e para mitigar e recuperar-se da destrui\u00e7\u00e3o econ\u00f4mica e social amea\u00e7ada pelo v\u00edrus&#8217;.\u201d<\/p><\/blockquote>\n<\/div>\n<\/div>\n<p style=\"text-align: justify;\">Da\u00ed, a exorta\u00e7\u00e3o ao FMI e ao BM a utilizarem suas reservas monet\u00e1rias \u201cpara aliviar o peso da d\u00edvida das na\u00e7\u00f5es necessitadas\u201d, pois tanto o Fundo quanto o Banco Mundial t\u00eam \u201cum papel fundamental a desempenhar para enfrentar esta crise, de modo a priorizar as necessidades das pessoas mais vulner\u00e1veis, aprender com o passado e tentar curar e reconstruir nosso mundo\u201d.<\/p>\n<p style=\"text-align: justify;\">Vatican News \u2013 IP\/RL<\/p>\n<\/div>\n","protected":false},"excerpt":{"rendered":"<p>Os peticion\u00e1rios lembram a Mensagem do Papa para o Dia Mundial de Ora\u00e7\u00e3o pelo Cuidado da Cria\u00e7\u00e3o de 1\u00ba de setembro, na qual o Pont\u00edfice exorta a \u201ccancelar a d\u00edvida dos pa\u00edses mais fr\u00e1geis, \u00e0 luz do grave impacto das crises sanit\u00e1rias, sociais e econ\u00f4micas que aqueles t\u00eam de enfrentar na sequ\u00eancia do v\u00edrus Covid-19\u201d. [&hellip;]<\/p>\n","protected":false},"author":1,"featured_media":63365,"comment_status":"open","ping_status":"closed","sticky":false,"template":"","format":"standard","meta":{"footnotes":""},"categories":[3],"tags":[],"class_list":["post-63364","post","type-post","status-publish","format-standard","has-post-thumbnail","hentry","category-vaticano"],"_links":{"self":[{"href":"https:\/\/catolicanet.net\/wp-cnet\/wp-json\/wp\/v2\/posts\/63364","targetHints":{"allow":["GET"]}}],"collection":[{"href":"https:\/\/catolicanet.net\/wp-cnet\/wp-json\/wp\/v2\/posts"}],"about":[{"href":"https:\/\/catolicanet.net\/wp-cnet\/wp-json\/wp\/v2\/types\/post"}],"author":[{"embeddable":true,"href":"https:\/\/catolicanet.net\/wp-cnet\/wp-json\/wp\/v2\/users\/1"}],"replies":[{"embeddable":true,"href":"https:\/\/catolicanet.net\/wp-cnet\/wp-json\/wp\/v2\/comments?post=63364"}],"version-history":[{"count":1,"href":"https:\/\/catolicanet.net\/wp-cnet\/wp-json\/wp\/v2\/posts\/63364\/revisions"}],"predecessor-version":[{"id":63366,"href":"https:\/\/catolicanet.net\/wp-cnet\/wp-json\/wp\/v2\/posts\/63364\/revisions\/63366"}],"wp:featuredmedia":[{"embeddable":true,"href":"https:\/\/catolicanet.net\/wp-cnet\/wp-json\/wp\/v2\/media\/63365"}],"wp:attachment":[{"href":"https:\/\/catolicanet.net\/wp-cnet\/wp-json\/wp\/v2\/media?parent=63364"}],"wp:term":[{"taxonomy":"category","embeddable":true,"href":"https:\/\/catolicanet.net\/wp-cnet\/wp-json\/wp\/v2\/categories?post=63364"},{"taxonomy":"post_tag","embeddable":true,"href":"https:\/\/catolicanet.net\/wp-cnet\/wp-json\/wp\/v2\/tags?post=63364"}],"curies":[{"name":"wp","href":"https:\/\/api.w.org\/{rel}","templated":true}]}}