{"id":63335,"date":"2020-10-14T09:39:45","date_gmt":"2020-10-14T12:39:45","guid":{"rendered":"https:\/\/catolicanet.net\/wp-cnet\/?p=63335"},"modified":"2020-10-14T14:41:27","modified_gmt":"2020-10-14T17:41:27","slug":"papa-reza-pelas-trapistas-que-em-breve-vao-fundar-novo-mosteiro-em-portugal","status":"publish","type":"post","link":"https:\/\/catolicanet.net\/wp-cnet\/papa-reza-pelas-trapistas-que-em-breve-vao-fundar-novo-mosteiro-em-portugal\/","title":{"rendered":"Papa reza pelas Trapistas que em breve v\u00e3o fundar novo mosteiro em Portugal"},"content":{"rendered":"<figure class=\"article__image\" style=\"text-align: justify;\"><span class=\"didascalia_img\">Audi\u00eancia geral\u00a0 (Vatican Media)<\/span><\/figure>\n<div class=\"article__meta\">\n<div class=\"article__subTitle\" style=\"text-align: justify;\">\u201cRezemos ao Senhor para que tenham muitas voca\u00e7\u00f5es, como agora as t\u00eam tantas\u201d \u2013 disse o Papa Francisco, na manh\u00e3 desta quarta-feira (14\/10) durante a audi\u00eancia geral, referindo-se \u00e0s Monjas Trapistas de Vitorquiano que partem em breve para Portugal.<\/div>\n<div class=\"title__separator\" style=\"text-align: justify;\"><\/div>\n<div class=\"article__text \">\n<p style=\"text-align: justify;\"><b>Padre Bernardo Suate &#8211; Vatican News<\/b><\/p>\n<p style=\"text-align: justify;\">Durante a audi\u00eancia geral desta quarta-feira (14\/10) e dirigindo-se ao grupo de l\u00edngua italiana, o Santo Padre saudou em particular as Monjas Trapistas de Vitorquiano que v\u00e3o fundar um novo Mosteiro em Portugal. \u201cRezemos ao Senhor, para que tenham muitas voca\u00e7\u00f5es, como agora, que as t\u00eam muitas\u201d \u2013 disse Francisco na sua alocu\u00e7\u00e3o.<\/p>\n<p style=\"text-align: justify;\">A comunidade das Trapistas \u2013 l\u00ea-se no portal do Mosteiro \u2013 \u00e9 formada por pouco mais de setenta mulheres, \u201cde todas as idades, e provenientes das mais variadas experi\u00eancias, e que entraram no Mosteiro movidas pelo desejo de conhecer o Mist\u00e9rio de Deus e fazer experi\u00eancia do Seu Amor\u201d. \u00a0A sua vida \u00e9 moldada pela f\u00e9, a liturgia e o trabalho manual, procurando juntas deixar-se transformar pelo Amor, pela Pessoa de Cristo, uma vida que n\u00e3o se funda numa ideia ou decis\u00e3o \u00e9tica, mas radicada no encontro com Cristo que se renova cada dia na Igreja.<\/p>\n<p style=\"text-align: justify;\">\u201cDa certeza de sermos amados como filhos no Filho nasce a obedi\u00eancia; da certeza que Ele \u00e9 o sumo bem nasce a necessidade de viver na pobreza; da experi\u00eancia do seu grande amor nasce o desejo de amar intensa e totalmente cada irm\u00e3o ou irm\u00e3\u201d \u2013 se l\u00ea ainda no site do Mosteiro, que assim sintetisa a vida comunit\u00e1ria: caridade rec\u00edproca e ininterrupta, como falam os fundadores. Na verdade, como dizia Baldwin Ford, um dos Padres Cistercienses, existe caridade rec\u00edproca quando &#8220;aquilo que \u00e9 meu \u00e9 tamb\u00e9m teu&#8221;.<\/p>\n<p style=\"text-align: justify;\">Contudo, para al\u00e9m de ser rec\u00edproca, a caridade deve tamb\u00e9m ser ininterrupta, na vida das monjas trapistas, ou seja, que se deve fundar na verdade e, longe de ser viciada por rancores ou suspeitas, deve pelo contr\u00e1rio, ser cultivada e alimentada por uma aceita\u00e7\u00e3o e submiss\u00e3o rec\u00edprocas e, sobretudo, sem algum fingimento. Portanto, \u201cningu\u00e9m se iluda quanto ao amor de Deus, ningu\u00e9m se engane pensando de am\u00e1-l\u2019O: se n\u00e3o ama o pr\u00f3ximo, n\u00e3o ama a Deus\u201d, como escrevia Baldwin Ford.<\/p>\n<p style=\"text-align: justify;\">As Trapistas de Vitorquiano s\u00e3o uma comunidade da Ordem Cisterciense de Estricta Observ\u00e2ncia (mais conhecida por Ordem Trapista) e pertencem ao movimento mon\u00e1stico que a partir do s\u00e9culo VI, seguindo a Regra de S\u00e3o Bento, evangelizou e promoveu o desenvolvimento da Europa. A Ordem Cisterciense nasceu em 1098, em C\u00eeteaux (Cister, Fran\u00e7a), onde alguns monges beneditinos quiseram construir um novo mosteiro para se empenharem a viver com mais autenticidade e pureza a Regra de S\u00e3o Bento.<\/p>\n<p style=\"text-align: justify;\">S\u00e3o Bernardo de Clairvaux (uma das primeiras casas-filhas de Cister), deu um impulso significativo ao aprofundamento da espiritualidade mon\u00e1stica e ao crescimento da Ordem que, desde o in\u00edcio, teve uma rica expans\u00e3o mission\u00e1ria atrav\u00e9s dos v\u00e1rios mosteiros constru\u00eddos em todo o continente europeu.<\/p>\n<\/div>\n<\/div>\n","protected":false},"excerpt":{"rendered":"<p>Audi\u00eancia geral\u00a0 (Vatican Media) \u201cRezemos ao Senhor para que tenham muitas voca\u00e7\u00f5es, como agora as t\u00eam tantas\u201d \u2013 disse o Papa Francisco, na manh\u00e3 desta quarta-feira (14\/10) durante a audi\u00eancia geral, referindo-se \u00e0s Monjas Trapistas de Vitorquiano que partem em breve para Portugal. Padre Bernardo Suate &#8211; Vatican News Durante a audi\u00eancia geral desta quarta-feira [&hellip;]<\/p>\n","protected":false},"author":1,"featured_media":63336,"comment_status":"open","ping_status":"closed","sticky":false,"template":"","format":"standard","meta":{"footnotes":""},"categories":[3],"tags":[],"class_list":["post-63335","post","type-post","status-publish","format-standard","has-post-thumbnail","hentry","category-vaticano"],"_links":{"self":[{"href":"https:\/\/catolicanet.net\/wp-cnet\/wp-json\/wp\/v2\/posts\/63335","targetHints":{"allow":["GET"]}}],"collection":[{"href":"https:\/\/catolicanet.net\/wp-cnet\/wp-json\/wp\/v2\/posts"}],"about":[{"href":"https:\/\/catolicanet.net\/wp-cnet\/wp-json\/wp\/v2\/types\/post"}],"author":[{"embeddable":true,"href":"https:\/\/catolicanet.net\/wp-cnet\/wp-json\/wp\/v2\/users\/1"}],"replies":[{"embeddable":true,"href":"https:\/\/catolicanet.net\/wp-cnet\/wp-json\/wp\/v2\/comments?post=63335"}],"version-history":[{"count":1,"href":"https:\/\/catolicanet.net\/wp-cnet\/wp-json\/wp\/v2\/posts\/63335\/revisions"}],"predecessor-version":[{"id":63337,"href":"https:\/\/catolicanet.net\/wp-cnet\/wp-json\/wp\/v2\/posts\/63335\/revisions\/63337"}],"wp:featuredmedia":[{"embeddable":true,"href":"https:\/\/catolicanet.net\/wp-cnet\/wp-json\/wp\/v2\/media\/63336"}],"wp:attachment":[{"href":"https:\/\/catolicanet.net\/wp-cnet\/wp-json\/wp\/v2\/media?parent=63335"}],"wp:term":[{"taxonomy":"category","embeddable":true,"href":"https:\/\/catolicanet.net\/wp-cnet\/wp-json\/wp\/v2\/categories?post=63335"},{"taxonomy":"post_tag","embeddable":true,"href":"https:\/\/catolicanet.net\/wp-cnet\/wp-json\/wp\/v2\/tags?post=63335"}],"curies":[{"name":"wp","href":"https:\/\/api.w.org\/{rel}","templated":true}]}}