{"id":63292,"date":"2020-10-13T10:02:18","date_gmt":"2020-10-13T13:02:18","guid":{"rendered":"https:\/\/catolicanet.net\/wp-cnet\/?p=63292"},"modified":"2020-10-13T13:03:45","modified_gmt":"2020-10-13T16:03:45","slug":"ha-103-anos-ocorreu-o-milagre-do-sol-da-virgem-de-fatima","status":"publish","type":"post","link":"https:\/\/catolicanet.net\/wp-cnet\/ha-103-anos-ocorreu-o-milagre-do-sol-da-virgem-de-fatima\/","title":{"rendered":"H\u00e1 103 anos ocorreu o \u201cMilagre do sol\u201d da Virgem de F\u00e1tima"},"content":{"rendered":"<p style=\"text-align: justify;\">No dia 13 de outubro de 1917, diante de milhares de peregrinos que chegaram a F\u00e1tima (Portugal), ocorreu o denominado \u201cMilagre do sol\u201d, no qual, ap\u00f3s a apari\u00e7\u00e3o de Nossa Senhora aos pastorinhos Jacinta, Francisco e L\u00facia, p\u00f4de-se ver o sol tremer, em uma esp\u00e9cie de \u201cdan\u00e7a\u201d, conforme relataram os que estavam l\u00e1.<\/p>\n<p style=\"text-align: justify;\">Depois de uma chuva intensa, as nuvens escuras se abriram e deram espa\u00e7o ao sol que, segundo as testemunhas, aparecia como um suave disco de prata. Ent\u00e3o, a luz do sol tomou diferentes cores e o sol pareceu envolver as milhares de pessoas, que j\u00e1 estavam de joelhos.<\/p>\n<p style=\"text-align: justify;\">O jornalista do jornal portugu\u00eas \u2018O S\u00e9culo\u2019, Avelino de Almeida, estimou entre 30 mil a 40 mil pessoas o n\u00famero de presentes no momento do milagre, enquanto o professor de ci\u00eancias naturais da Universidade de Coimbra, Joseph Garrett, que assim como o jornalista de Almeida esteve no lugar nesse dia, estimou o n\u00famero de testemunhas em 100 mil.<\/p>\n<p style=\"text-align: justify;\">O milagre durou cerca de tr\u00eas minutos. Al\u00e9m do \u201cMilagre do sol\u201d, os pastorinhos disseram ter visto\u00a0imagens\u00a0de Jesus, de Nossa Senhora e de S\u00e3o Jos\u00e9 aben\u00e7oando a multid\u00e3o. A Virgem de apresentou como a Senhora do Ros\u00e1rio.<\/p>\n<p style=\"text-align: justify;\">Atualmente, a cada 13 de outubro a\u00a0Igreja\u00a0come\u00e7a a novena a S\u00e3o Jo\u00e3o Paulo II, Santo Padre que foi mencionado no terceiro segredo de F\u00e1tima.<\/p>\n","protected":false},"excerpt":{"rendered":"<p>No dia 13 de outubro de 1917, diante de milhares de peregrinos que chegaram a F\u00e1tima (Portugal), ocorreu o denominado \u201cMilagre do sol\u201d, no qual, ap\u00f3s a apari\u00e7\u00e3o de Nossa Senhora aos pastorinhos Jacinta, Francisco e L\u00facia, p\u00f4de-se ver o sol tremer, em uma esp\u00e9cie de \u201cdan\u00e7a\u201d, conforme relataram os que estavam l\u00e1. Depois de [&hellip;]<\/p>\n","protected":false},"author":1,"featured_media":63293,"comment_status":"open","ping_status":"closed","sticky":false,"template":"","format":"standard","meta":{"footnotes":""},"categories":[4],"tags":[],"class_list":["post-63292","post","type-post","status-publish","format-standard","has-post-thumbnail","hentry","category-cotidiano"],"_links":{"self":[{"href":"https:\/\/catolicanet.net\/wp-cnet\/wp-json\/wp\/v2\/posts\/63292","targetHints":{"allow":["GET"]}}],"collection":[{"href":"https:\/\/catolicanet.net\/wp-cnet\/wp-json\/wp\/v2\/posts"}],"about":[{"href":"https:\/\/catolicanet.net\/wp-cnet\/wp-json\/wp\/v2\/types\/post"}],"author":[{"embeddable":true,"href":"https:\/\/catolicanet.net\/wp-cnet\/wp-json\/wp\/v2\/users\/1"}],"replies":[{"embeddable":true,"href":"https:\/\/catolicanet.net\/wp-cnet\/wp-json\/wp\/v2\/comments?post=63292"}],"version-history":[{"count":1,"href":"https:\/\/catolicanet.net\/wp-cnet\/wp-json\/wp\/v2\/posts\/63292\/revisions"}],"predecessor-version":[{"id":63294,"href":"https:\/\/catolicanet.net\/wp-cnet\/wp-json\/wp\/v2\/posts\/63292\/revisions\/63294"}],"wp:featuredmedia":[{"embeddable":true,"href":"https:\/\/catolicanet.net\/wp-cnet\/wp-json\/wp\/v2\/media\/63293"}],"wp:attachment":[{"href":"https:\/\/catolicanet.net\/wp-cnet\/wp-json\/wp\/v2\/media?parent=63292"}],"wp:term":[{"taxonomy":"category","embeddable":true,"href":"https:\/\/catolicanet.net\/wp-cnet\/wp-json\/wp\/v2\/categories?post=63292"},{"taxonomy":"post_tag","embeddable":true,"href":"https:\/\/catolicanet.net\/wp-cnet\/wp-json\/wp\/v2\/tags?post=63292"}],"curies":[{"name":"wp","href":"https:\/\/api.w.org\/{rel}","templated":true}]}}