{"id":63289,"date":"2020-10-13T10:01:23","date_gmt":"2020-10-13T13:01:23","guid":{"rendered":"https:\/\/catolicanet.net\/wp-cnet\/?p=63289"},"modified":"2020-10-13T13:01:29","modified_gmt":"2020-10-13T16:01:29","slug":"hoje-comeca-a-novena-a-sao-joao-paulo-ii-o-papa-da-familia","status":"publish","type":"post","link":"https:\/\/catolicanet.net\/wp-cnet\/hoje-comeca-a-novena-a-sao-joao-paulo-ii-o-papa-da-familia\/","title":{"rendered":"Hoje come\u00e7a a novena a S\u00e3o Jo\u00e3o Paulo II, o Papa da Fam\u00edlia"},"content":{"rendered":"<p style=\"text-align: justify;\">\u201cInvoquemos juntos a Sagrada Fam\u00edlia; imploremos, em particular, a ajuda da Virgem sant\u00edssima para que todas as fam\u00edlias do mundo sejam profundamente consciente de sua grade voca\u00e7\u00e3o\u201d, disse certa vez S\u00e3o Jo\u00e3o Paulo II, conhecido como o Papa peregrino e chamado \u201co Papa da Fam\u00edlia\u201d pelo Papa Francisco.<\/p>\n<p style=\"text-align: justify;\">Pr\u00f3ximos da festa lit\u00fargica de S\u00e3o Jo\u00e3o Paulo II, que \u00e9 celebrada em 22 de outubro, apresentamos a seguir uma novena para pedir a intercess\u00e3o daquele que deu in\u00edcio \u00e0 Jornada Mundial da Juventude e viajou por muitos pa\u00edses do mundo, buscando a paz entre as na\u00e7\u00f5es.<\/p>\n<p style=\"text-align: justify;\"><em>Em nome do Pai, do Filho e do Esp\u00edrito Santo.<\/em><\/p>\n<p style=\"text-align: justify;\"><strong>Ora\u00e7\u00e3o de S\u00e3o Jo\u00e3o Paulo II pela fam\u00edlia<\/strong><\/p>\n<p style=\"text-align: justify;\">\u00d3 Deus, de quem procede toda a paternidade no c\u00e9u e na terra. Pai, que \u00e9s amor e\u00a0<a href=\"https:\/\/www.acidigital.com\/vida\/index.html\">vida<\/a>, faze que cada fam\u00edlia humana sobre a terra se converta, por meio de Teu Filho, Jesus Cristo, nascido de mulher e mediante o Esp\u00edrito Santo, fonte da caridade divina, em verdadeiro santu\u00e1rio da vida e do amor para as gera\u00e7\u00f5es que sempre se renovam.<\/p>\n<p style=\"text-align: justify;\">Faze que tua gra\u00e7a guie os pensamentos e as obras dos esposos para o bem de suas fam\u00edlias e de todas as fam\u00edlias do mundo.<\/p>\n<p style=\"text-align: justify;\">Faze que as jovens gera\u00e7\u00f5es encontrem na fam\u00edlia apoio para sua humanidade e para seu crescimento na verdade e no amor.<\/p>\n<p style=\"text-align: justify;\">Faze que o amor reafirmado pela gra\u00e7a do sacramento do matrim\u00f4nio, se revele mais forte que qualquer debilidade a qualquer crise, pelas quais \u00e0s vezes passam nossas fam\u00edlias.<\/p>\n<p style=\"text-align: justify;\">Faze, finalmente, Te pedimos por intercess\u00e3o da Sagrada Fam\u00edlia de Nazar\u00e9, que a\u00a0<a href=\"https:\/\/www.acidigital.com\/igreja\/index.html\">Igreja<\/a>, em todas as na\u00e7\u00f5es da Terra, possa cumprir frutiferamente sua miss\u00e3o na fam\u00edlia e por meio da fam\u00edlia. Tu, que \u00e9s a vida, a verdade e o amor, na unidade do Filho e do Esp\u00edrito Santo. Am\u00e9m.<\/p>\n<p style=\"text-align: justify;\"><em>Medita-se a reflex\u00e3o de cada dia<\/em>\u00a0(confira abaixo)<\/p>\n<p style=\"text-align: justify;\"><strong>Ora\u00e7\u00e3o a S\u00e3o Jo\u00e3o Paulo II<\/strong><\/p>\n<p style=\"text-align: justify;\">\u00d3 S\u00e3o Jo\u00e3o Paulo, da janela do c\u00e9u, d\u00e1-nos a tua b\u00ean\u00e7\u00e3o!<\/p>\n<p style=\"text-align: justify;\">Aben\u00e7oa a Igreja, que tu amaste, serviste e guiaste, incentivando-a a caminhar corajosamente pelos caminhos do mundo, para levar Jesus a todos e todos a Jesus!<\/p>\n<p style=\"text-align: justify;\">Aben\u00e7oa os jovens, que tamb\u00e9m foram tua grande paix\u00e3o. Ajuda-os a voltar a sonhar, voltar a dirigir o olhar ao alto para encontrar a luz que ilumina os caminhos da vida na terra.<\/p>\n<p style=\"text-align: justify;\">Aben\u00e7oa as fam\u00edlias, aben\u00e7oa cada fam\u00edlia! Tu percebeste a a\u00e7\u00e3o de Satan\u00e1s contra esta preciosa e indispens\u00e1vel fa\u00edsca do c\u00e9u que Deus acendeu sobre a terra. S\u00e3o Jo\u00e3o Paulo, com a tua intercess\u00e3o, protege as fam\u00edlias e cada vida que nasce dentro da fam\u00edlia.<\/p>\n<div class=\"ad_inline\" style=\"text-align: justify;\"><\/div>\n<p style=\"text-align: justify;\">\n<p style=\"text-align: justify;\">Roga pelo mundo inteiro, ainda marcado por tens\u00f5es, guerras e injusti\u00e7as. Tu te opuseste \u00e0 guerra, invocando o di\u00e1logo e semeando o amor; roga por n\u00f3s, para que sejamos incans\u00e1veis semeadores de paz.<\/p>\n<p style=\"text-align: justify;\">\u00d3 S\u00e3o Jo\u00e3o Paulo, da janela do c\u00e9u, onde te vemos junto a Maria, faz descer sobre todos n\u00f3s a b\u00ean\u00e7\u00e3o de Deus! Am\u00e9m.<\/p>\n<p style=\"text-align: justify;\"><em>Menciona-se as inten\u00e7\u00f5es da novena e, em seguida, reza-se tr\u00eas vezes Pai Nosso, Ave Maria e Gl\u00f3ria.<\/em><\/p>\n<p style=\"text-align: justify;\"><strong>Ora\u00e7\u00e3o de S\u00e3o Jo\u00e3o Paulo II \u00e0\u00a0<a href=\"https:\/\/www.acidigital.com\/Maria\/index.html\">Virgem Maria<\/a>\u00a0<\/strong>(Evangelium Vitae)<\/p>\n<p style=\"text-align: justify;\">\u00d3 Maria, aurora do mundo novo, M\u00e3e dos viventes, confiamo-Vos a causa da vida: olhai, M\u00e3e, para o n\u00famero sem fim de crian\u00e7as a quem \u00e9 impedido nascer, de pobres para quem se torna dif\u00edcil viver, de homens e mulheres v\u00edtimas de inumana viol\u00eancia, de idosos e doentes assassinados pela indiferen\u00e7a ou por uma suposta compaix\u00e3o.<\/p>\n<p style=\"text-align: justify;\">Fazei com que todos aqueles que creem no vosso Filho saibam anunciar com desassombro e amor aos homens do nosso tempo o Evangelho da vida.<\/p>\n<p style=\"text-align: justify;\">Alcan\u00e7ai-lhes a gra\u00e7a de o acolher como um dom sempre novo, a alegria de o celebrar com gratid\u00e3o em toda a sua exist\u00eancia, e a coragem para o testemunhar com laboriosa tenacidade, para constru\u00edrem, juntamente com todos os homens de boa vontade, a civiliza\u00e7\u00e3o da verdade e do amor, para louvor e gl\u00f3ria de Deus Criador e amante da vida. Am\u00e9m.<\/p>\n<p style=\"text-align: justify;\"><strong>Primeiro dia: Luzes e sombras da fam\u00edlia na atualidade\u00a0<\/strong>(Familiares Consortio 9)<\/p>\n<p style=\"text-align: justify;\">Todos devemos opor-nos com uma convers\u00e3o da mente e do cora\u00e7\u00e3o, seguindo a Cristo Crucificado, no dizer n\u00e3o ao pr\u00f3prio ego\u00edsmo, \u00e0 injusti\u00e7a originada pelo pecado &#8211; profundamente penetrado tamb\u00e9m nas estruturas do mundo de hoje &#8211; e que muitas vezes obsta a fam\u00edlia na plena realiza\u00e7\u00e3o de si mesma e dos seus direitos fundamentais. Uma semelhante convers\u00e3o n\u00e3o poder\u00e1 deixar de ter influ\u00eancia ben\u00e9fica e renovadora mesmo sobre as estruturas da sociedade.<\/p>\n<p style=\"text-align: justify;\">\u00c9 pedida uma convers\u00e3o cont\u00ednua, permanente, que, embora exigindo o afastamento interior de todo o mal e a ades\u00e3o ao bem na sua plenitude, se atua concretamente em passos que conduzem sempre para al\u00e9m dela. Desenvolve-se assim um processo din\u00e2mico, que avan\u00e7a gradualmente com a progressiva integra\u00e7\u00e3o dos dons de Deus e das exig\u00eancias do seu amor definitivo e absoluto em toda a vida pessoal e social do homem. \u00c9, por isso, necess\u00e1rio um caminho pedag\u00f3gico de crescimento, a fim de que os fi\u00e9is, as fam\u00edlias e os povos, antes, a pr\u00f3pria civiliza\u00e7\u00e3o, daquilo que j\u00e1 receberam do Mist\u00e9rio de Cristo, possam ser conduzidos pacientemente mais al\u00e9m, atingindo um conhecimento mais rico e uma integra\u00e7\u00e3o mais plena deste mist\u00e9rio na sua vida.<\/p>\n<p style=\"text-align: justify;\"><strong>Segundo dia: Matrim\u00f4nio e comunh\u00e3o entre Deus e os homens\u00a0<\/strong>(Familiares Consortio 12)<\/p>\n<p style=\"text-align: justify;\">A comunh\u00e3o de amor entre Deus e os homens, conte\u00fado fundamental da Revela\u00e7\u00e3o e da experi\u00eancia de f\u00e9 de Israel, encontra uma sua significativa express\u00e3o na alian\u00e7a nupcial, que se instaura entre o homem e a mulher.<\/p>\n<p style=\"text-align: justify;\">\u00c9 por isto que a palavra central da Revela\u00e7\u00e3o, \u00abDeus ama o seu povo\u00bb, \u00e9 tamb\u00e9m pronunciada atrav\u00e9s das palavras vivas e concretas com que o homem e a mulher se declaram o seu amor conjugal. O seu v\u00ednculo de amor torna-se a imagem e o s\u00edmbolo da Alian\u00e7a que une Deus e o seu povo. E o mesmo pecado, que pode ferir o pacto conjugal, torna-se imagem da infidelidade do povo para com o seu Deus: a idolatria \u00e9 prostitui\u00e7\u00e3o, a infidelidade \u00e9 adult\u00e9rio, a desobedi\u00eancia \u00e0 lei \u00e9 abandono do amor nupcial para com o Senhor. Mas a infidelidade de Israel n\u00e3o destr\u00f3i a fidelidade eterna do Senhor e, portanto, o amor sempre fiel de Deus p\u00f5e-se como exemplar das rela\u00e7\u00f5es do amor fiel que devem existir entre os esposos.<\/p>\n<p style=\"text-align: justify;\"><strong>Terceiro dia: Os filhos, dom precios\u00edssimo do matrim\u00f4nio\u00a0<\/strong>(Familiares Consortio 14)<\/p>\n<p style=\"text-align: justify;\">Segundo o des\u00edgnio de Deus, o matrim\u00f4nio \u00e9 o fundamento da mais ampla comunidade da fam\u00edlia, pois que o pr\u00f3prio instituto do matrim\u00f4nio e o amor conjugal se ordenam \u00e0 procria\u00e7\u00e3o e educa\u00e7\u00e3o da prole, na qual encontram a sua coroa\u00e7\u00e3o.<\/p>\n<p style=\"text-align: justify;\">Na sua realidade mais profunda, o amor \u00e9 essencialmente dom e o amor conjugal, enquanto conduz os esposos ao \u00abconhecimento\u00bb rec\u00edproco que os torna \u00abuma s\u00f3 carne\u00bb, n\u00e3o se esgota no interior do pr\u00f3prio casal, j\u00e1 que os habilita para a m\u00e1xima doa\u00e7\u00e3o poss\u00edvel, pela qual se tornam cooperadores com Deus no dom da vida a uma nova pessoa humana. Deste modo os c\u00f4njuges, enquanto se doam entre si, doam para al\u00e9m de si mesmo a realidade do filho, reflexo vivo do seu amor, sinal permanente da unidade conjugal e s\u00edntese viva e indissoci\u00e1vel do ser pai e m\u00e3e.<\/p>\n<p style=\"text-align: justify;\">Tornando-se pais, os esposos recebem de Deus o dom de uma nova responsabilidade. O seu amor paternal \u00e9 chamado a tornar-se para os filhos o sinal vis\u00edvel do pr\u00f3prio amor de Deus, \u00abdo qual deriva toda a paternidade no c\u00e9u e na terra\u00bb.<\/p>\n<p style=\"text-align: justify;\">N\u00e3o deve todavia esquecer-se que, mesmo quando a procria\u00e7\u00e3o n\u00e3o \u00e9 poss\u00edvel, nem por isso a vida conjugal perde o seu valor. A esterilidade f\u00edsica, de facto, pode ser para os esposos ocasi\u00e3o de outros servi\u00e7os importantes \u00e0 vida da pessoa humana, como por exemplo a adop\u00e7\u00e3o, as v\u00e1rias formas de obras educativas, a ajuda a outras fam\u00edlias, \u00e0s crian\u00e7as pobres ou deficientes.<\/p>\n<p style=\"text-align: justify;\"><strong>Quarto dia: Fam\u00edlia, torna-te aquilo que \u00e9s!\u00a0<\/strong>(Familiares Consortio 17)<\/p>\n<p style=\"text-align: justify;\">No plano de Deus Criador e Redentor a fam\u00edlia descobre n\u00e3o s\u00f3 a sua \u00abidentidade\u00bb, o que \u00ab\u00e9\u00bb, mas tamb\u00e9m a sua \u00abmiss\u00e3o\u00bb, o que ela pode e deve \u00abfazer\u00bb. As tarefas, que a fam\u00edlia \u00e9 chamada por Deus a desenvolver na hist\u00f3ria, brotam do seu pr\u00f3prio ser e representam o seu desenvolvimento din\u00e2mico e existencial. Cada fam\u00edlia descobre e encontra em si mesma o apelo inextingu\u00edvel, que ao mesmo tempo define a sua dignidade e a sua responsabilidade: fam\u00edlia, \u00abtorna-te aquilo que \u00e9s\u00bb!<\/p>\n<p style=\"text-align: justify;\">Voltar ao \u00abprinc\u00edpio\u00bb do gesto criativo de Deus \u00e9 ent\u00e3o uma necessidade para a fam\u00edlia, se se quiser conhecer e realizar segundo a verdade interior n\u00e3o s\u00f3 do seu ser mas tamb\u00e9m do seu agir hist\u00f3rico. E porque, segundo o plano de Deus, \u00e9 constitu\u00edda qual \u00ab\u00edntima comunidade de vida e de amor\u00bb, a fam\u00edlia tem a miss\u00e3o de se tornar cada vez mais aquilo que \u00e9, ou seja, comunidade de vida e de amor, numa tens\u00e3o que, como para cada realidade criada e redimida, encontrar\u00e1 a plenitude no Reino de Deus. E numa perspectiva que atinge as pr\u00f3prias ra\u00edzes da realidade, deve dizer-se que a ess\u00eancia e os deveres da fam\u00edlia s\u00e3o, em \u00faltima an\u00e1lise, definidos pelo amor. Por isto \u00e9-lhe confiada a miss\u00e3o de guardar, revelar e comunicar o amor, qual reflexo vivo e participa\u00e7\u00e3o real do amor de Deus pela humanidade e do amor de Cristo pela Igreja, sua esposa.<\/p>\n<p style=\"text-align: justify;\">Cada dever particular da fam\u00edlia \u00e9 a express\u00e3o e a atua\u00e7\u00e3o concreta de tal miss\u00e3o fundamental. \u00c9 necess\u00e1rio, portanto, penetrar mais profundamente na riqueza singular da miss\u00e3o da fam\u00edlia e sondar os seus conte\u00fados numerosos e unit\u00e1rios.<\/p>\n<p style=\"text-align: justify;\"><strong>Quinto dia: A fam\u00edlia, c\u00e9lula primeira e vital da sociedade\u00a0<\/strong>(Familiares Consortio 42)<\/p>\n<p style=\"text-align: justify;\">\u00abPois que o Criador de todas as coisas constituiu o matrim\u00f4nio princ\u00edpio e fundamento da sociedade humana\u00bb, a fam\u00edlia tornou-se a \u00abc\u00e9lula primeira e vital da sociedade\u00bb.<\/p>\n<p style=\"text-align: justify;\">A fam\u00edlia possui v\u00ednculos vitais e org\u00e2nicos com a sociedade, porque constitui o seu fundamento e alimento cont\u00ednuo mediante o dever de servi\u00e7o \u00e0 vida: saem, de facto, da fam\u00edlia os cidad\u00e3os e na fam\u00edlia encontram a primeira escola daquelas virtudes sociais, que s\u00e3o a alma da vida e do desenvolvimento da mesma sociedade.<\/p>\n<p style=\"text-align: justify;\">Assim por for\u00e7a da sua natureza e voca\u00e7\u00e3o, longe de fechar-se em si mesma, a fam\u00edlia abre-se \u00e0s outras fam\u00edlias e \u00e0 sociedade, assumindo a sua tarefa social.<\/p>\n<p style=\"text-align: justify;\"><strong>Sexto dia: Matrim\u00f4nio e\u00a0<a href=\"https:\/\/www.acidigital.com\/fiestas\/Eucaristia\/index.html\">Eucaristia<\/a>\u00a0<\/strong>(Familiares Consortio 57)<\/p>\n<p style=\"text-align: justify;\">O dever de santifica\u00e7\u00e3o da fam\u00edlia tem a sua primeira raiz no baptismo e a sua express\u00e3o m\u00e1xima na Eucaristia, \u00e0 qual est\u00e1 intimamente ligado o matrim\u00f4nio crist\u00e3o. O Conc\u00edlio Vaticano II quis chamar a aten\u00e7\u00e3o para a rela\u00e7\u00e3o especial que existe entre a Eucaristia e o matrim\u00f4nio pedindo que: \u00abo matrim\u00f4nio se celebre usualmente dentro da\u00a0<a href=\"https:\/\/www.acidigital.com\/fiestas\/eucaristia\/index.html\">Missa<\/a>\u00bb. Redescobrir e aprofundar tal rela\u00e7\u00e3o \u00e9 absolutamente necess\u00e1rio, se se quiser compreender e viver com uma maior intensidade as gra\u00e7as e as responsabilidades do matrim\u00f4nio e da fam\u00edlia crist\u00e3.<\/p>\n<p style=\"text-align: justify;\">A Eucaristia \u00e9 a fonte pr\u00f3pria do matrim\u00f4nio crist\u00e3o. O sacrif\u00edcio eucar\u00edstico, de fato, representa a alian\u00e7a de amor de Cristo com a Igreja, enquanto sigilada com o sangue da sua Cruz. Neste sacrif\u00edcio da Nova e Eterna Alian\u00e7a \u00e9 que os c\u00f4njuges crist\u00e3os encontram a raiz da qual brota, \u00e9 interiormente plasmada e continuamente vivificada a sua alian\u00e7a conjugal. Como representa\u00e7\u00e3o do sacrif\u00edcio de amor de Cristo pela Igreja, a Eucaristia \u00e9 fonte de caridade. E no dom eucar\u00edstico da caridade a fam\u00edlia crist\u00e3 encontra o fundamento e a alma da sua \u00abcomunh\u00e3o\u00bb e da sua \u00abmiss\u00e3o\u00bb: o P\u00e3o eucar\u00edstico faz dos diversos membros da comunidade familiar um \u00fanico corpo, revela\u00e7\u00e3o e participa\u00e7\u00e3o na mais ampla unidade da Igreja; a participa\u00e7\u00e3o pois ao Corpo \u00abdado\u00bb e ao Sangue \u00abderramado\u00bb de Cristo torna-se fonte inesgot\u00e1vel do dinamismo mission\u00e1rio e apost\u00f3lico da fam\u00edlia crist\u00e3.<\/p>\n<p style=\"text-align: justify;\"><strong>S\u00e9timo dia: O sacramento da convers\u00e3o e da reconcilia\u00e7\u00e3o\u00a0<\/strong>(Familiares Consortio 58)<\/p>\n<p style=\"text-align: justify;\">Uma parte essencial e permanente do dever de santifica\u00e7\u00e3o da fam\u00edlia crist\u00e3 \u00e9 o acolhimento do apelo evang\u00e9lico de convers\u00e3o dirigido a todos os crist\u00e3os, que nem sempre permanecem fi\u00e9is \u00e0 \u00abnovidade\u00bb daquele baptismo que os constituiu \u00absantos\u00bb. A fam\u00edlia crist\u00e3 tamb\u00e9m nem sempre \u00e9 coerente com a lei da gra\u00e7a e da santidade batismal, proclamada de novo pelo sacramento do matrim\u00f4nio.<\/p>\n<p style=\"text-align: justify;\">O arrependimento e o m\u00fatuo perd\u00e3o no seio da fam\u00edlia crist\u00e3, que se revestem de tanta import\u00e2ncia na vida quotidiana, encontram o seu momento sacramental espec\u00edfico na Penit\u00eancia crist\u00e3. Aos c\u00f4njuges escrevia assim Paulo VI, na Enc\u00edclica Humanae Vitae: \u00abSe o pecado os atingir, n\u00e3o desanimem, mas recorram com humilde perseveran\u00e7a \u00e0 miseric\u00f3rdia de Deus, que com prodigalidade \u00e9 generosamente dada no sacramento da Penit\u00eancia\u00bb.<\/p>\n<p style=\"text-align: justify;\">A celebra\u00e7\u00e3o deste sacramento d\u00e1 \u00e0 vida familiar um significado particular: ao descobrirem pela f\u00e9 como o pecado contradiz n\u00e3o s\u00f3 a alian\u00e7a com Deus, mas tamb\u00e9m a alian\u00e7a dos c\u00f4njuges e a comunh\u00e3o da fam\u00edlia, os esposos e todos os membros da fam\u00edlia s\u00e3o conduzidos ao encontro com Deus \u00abrico em miseric\u00f3rdia\u00bb, o qual, alargando o seu amor que \u00e9 mais forte do que o pecado, reconstr\u00f3i e aperfei\u00e7oa a alian\u00e7a conjugal e a comunh\u00e3o familiar.<\/p>\n<p style=\"text-align: justify;\"><strong>Oitavo dia: Ora\u00e7\u00e3o e vida\u00a0<\/strong>(Familiares Consortio 62)<\/p>\n<p style=\"text-align: justify;\">Nunca se dever\u00e1 esquecer que a ora\u00e7\u00e3o \u00e9 parte constitutiva essencial da vida crist\u00e3, tomada na sua integralidade e centralidade; mais ainda, pertence \u00e0 nossa mesma \u00abhumanidade\u00bb: \u00e9 \u00aba primeira express\u00e3o da vida interior do homem, a primeira condi\u00e7\u00e3o da aut\u00eantica liberdade do esp\u00edrito\u00bb.<\/p>\n<p style=\"text-align: justify;\">Por isso, a ora\u00e7\u00e3o n\u00e3o representa de modo algum uma evas\u00e3o que desvia do empenho quotidiano, mas constitui o impulso mais forte para que a fam\u00edlia crist\u00e3 assuma e cumpra em plenitude todas as suas responsabilidades de c\u00e9lula primeira e fundamental da sociedade humana. Em tal sentido, a efetiva participa\u00e7\u00e3o na vida e na miss\u00e3o da Igreja no mundo \u00e9 proporcional \u00e0 fidelidade e \u00e0 intensidade da ora\u00e7\u00e3o com que a fam\u00edlia crist\u00e3 se une \u00e0 Videira fecunda, Cristo Senhor.<\/p>\n<p style=\"text-align: justify;\">Da uni\u00e3o vital com Cristo, alimentada pela Liturgia, pelo oferecimento de si e da ora\u00e7\u00e3o, deriva tamb\u00e9m a fecundidade da fam\u00edlia crist\u00e3 no seu servi\u00e7o espec\u00edfico de promo\u00e7\u00e3o humana, que de per si n\u00e3o pode n\u00e3o levar \u00e0 transforma\u00e7\u00e3o do mundo.<\/p>\n<p style=\"text-align: justify;\"><strong>Nono dia: O futuro da humanidade passa pela fam\u00edlia!\u00a0\u00a0<\/strong>(Familiares Consortio 86)<\/p>\n<p style=\"text-align: justify;\">\u00c9 pois indispens\u00e1vel e urgente que cada homem de boa vontade se empenhe em salvar e promover os valores e as exig\u00eancias da fam\u00edlia.<\/p>\n<p style=\"text-align: justify;\">Sinto-me no dever de pedir aos filhos da Igreja um esfor\u00e7o especial neste campo. Conhecendo plenamente, pela f\u00e9, o maravilhoso plano de Deus, eles t\u00eam uma raz\u00e3o mais para se dedicar \u00e0 realidade da fam\u00edlia neste nosso tempo de prova e de gra\u00e7a.<\/p>\n<p style=\"text-align: justify;\">Devem amar particularmente a fam\u00edlia. \u00c9 o que concreta e exigentemente vos confio.<\/p>\n<p style=\"text-align: justify;\">Amar a fam\u00edlia significa saber estimar os seus valores e possibilidades, promovendo-os sempre. Amar a fam\u00edlia significa descobrir os perigos e os males que a amea\u00e7am, para poder super\u00e1-los. Amar a fam\u00edlia significa empenhar-se em criar um ambiente favor\u00e1vel ao seu desenvolvimento. E, por fim, forma eminente de amor \u00e0 fam\u00edlia crist\u00e3 de hoje, muitas vezes tentada por incomodidades e angustiada por crescentes dificuldades, \u00e9 dar-lhe novamente raz\u00f5es de confian\u00e7a em si mesma, nas riquezas pr\u00f3prias que lhe adv\u00e9m da natureza e da gra\u00e7a e na miss\u00e3o que Deus lhe confiou. \u00ab\u00c9 necess\u00e1rio que as fam\u00edlias do nosso tempo tomem novamente altura! \u00c9 necess\u00e1rio que sigam a Cristo\u00bb<\/p>\n","protected":false},"excerpt":{"rendered":"<p>\u201cInvoquemos juntos a Sagrada Fam\u00edlia; imploremos, em particular, a ajuda da Virgem sant\u00edssima para que todas as fam\u00edlias do mundo sejam profundamente consciente de sua grade voca\u00e7\u00e3o\u201d, disse certa vez S\u00e3o Jo\u00e3o Paulo II, conhecido como o Papa peregrino e chamado \u201co Papa da Fam\u00edlia\u201d pelo Papa Francisco. Pr\u00f3ximos da festa lit\u00fargica de S\u00e3o Jo\u00e3o [&hellip;]<\/p>\n","protected":false},"author":1,"featured_media":63290,"comment_status":"open","ping_status":"closed","sticky":false,"template":"","format":"standard","meta":{"footnotes":""},"categories":[4],"tags":[],"class_list":["post-63289","post","type-post","status-publish","format-standard","has-post-thumbnail","hentry","category-cotidiano"],"_links":{"self":[{"href":"https:\/\/catolicanet.net\/wp-cnet\/wp-json\/wp\/v2\/posts\/63289","targetHints":{"allow":["GET"]}}],"collection":[{"href":"https:\/\/catolicanet.net\/wp-cnet\/wp-json\/wp\/v2\/posts"}],"about":[{"href":"https:\/\/catolicanet.net\/wp-cnet\/wp-json\/wp\/v2\/types\/post"}],"author":[{"embeddable":true,"href":"https:\/\/catolicanet.net\/wp-cnet\/wp-json\/wp\/v2\/users\/1"}],"replies":[{"embeddable":true,"href":"https:\/\/catolicanet.net\/wp-cnet\/wp-json\/wp\/v2\/comments?post=63289"}],"version-history":[{"count":1,"href":"https:\/\/catolicanet.net\/wp-cnet\/wp-json\/wp\/v2\/posts\/63289\/revisions"}],"predecessor-version":[{"id":63291,"href":"https:\/\/catolicanet.net\/wp-cnet\/wp-json\/wp\/v2\/posts\/63289\/revisions\/63291"}],"wp:featuredmedia":[{"embeddable":true,"href":"https:\/\/catolicanet.net\/wp-cnet\/wp-json\/wp\/v2\/media\/63290"}],"wp:attachment":[{"href":"https:\/\/catolicanet.net\/wp-cnet\/wp-json\/wp\/v2\/media?parent=63289"}],"wp:term":[{"taxonomy":"category","embeddable":true,"href":"https:\/\/catolicanet.net\/wp-cnet\/wp-json\/wp\/v2\/categories?post=63289"},{"taxonomy":"post_tag","embeddable":true,"href":"https:\/\/catolicanet.net\/wp-cnet\/wp-json\/wp\/v2\/tags?post=63289"}],"curies":[{"name":"wp","href":"https:\/\/api.w.org\/{rel}","templated":true}]}}