{"id":63243,"date":"2020-10-09T09:04:22","date_gmt":"2020-10-09T12:04:22","guid":{"rendered":"https:\/\/catolicanet.net\/wp-cnet\/?p=63243"},"modified":"2020-10-09T13:05:38","modified_gmt":"2020-10-09T16:05:38","slug":"madre-teresa-pulando-corda-irma-dulce-tocando-acordeon-santidade-e-alegria","status":"publish","type":"post","link":"https:\/\/catolicanet.net\/wp-cnet\/madre-teresa-pulando-corda-irma-dulce-tocando-acordeon-santidade-e-alegria\/","title":{"rendered":"Madre Teresa pulando corda, Irm\u00e3 Dulce tocando acordeon: santidade \u00e9 alegria!"},"content":{"rendered":"<h2 class=\"subtitle\" style=\"text-align: justify;\">A beatifica\u00e7\u00e3o do jovem Carlo Acutis, apaixonado pela Eucaristia e pela inform\u00e1tica, nos lembra que todos podemos ser &#8220;santos de cal\u00e7a jeans&#8221;<\/h2>\n<p style=\"text-align: justify;\">Santa alegria! Ser santo \u00e9 amar a Deus sobre todas as coisas e ao pr\u00f3ximo como a si mesmo, praticando no dia-a-dia os ensinamentos de Jesus e mantendo a uni\u00e3o com Deus mediante a vida de gra\u00e7a.<\/p>\n<p style=\"text-align: justify;\">Parece simples \u2013 porque \u00e9 mesmo. No entanto, \u201csimples\u201d n\u00e3o \u00e9 o mesmo que \u201cf\u00e1cil\u201d.<\/p>\n<p style=\"text-align: justify;\">E, de fato, n\u00e3o \u00e9 f\u00e1cil porque exige escolhas \u2013 e toda escolha exige ren\u00fancias.<\/p>\n<p style=\"text-align: justify;\">Se voc\u00ea escolhe a Deus, ent\u00e3o renuncia ao mal e a todos os agentes do mal. Escolhendo o pr\u00f3ximo, voc\u00ea renuncia ao ego\u00edsmo. Ao escolher os ensinamentos de Jesus, renuncia \u00e0s ideologias do mundo. E, se escolhe a vida de gra\u00e7a, \u00e9 porque renuncia ao pecado.<\/p>\n<h3 style=\"text-align: justify;\">Saber amar a n\u00f3s mesmos<\/h3>\n<p style=\"text-align: justify;\">Renunciar ao ego\u00edsmo, no entanto, n\u00e3o quer dizer que voc\u00ea deva deixar a si mesmo completamente de lado. Jesus, afinal, n\u00e3o pediu para amarmos o pr\u00f3ximo\u00a0<em>mais que<\/em>\u00a0a n\u00f3s mesmos: Ele nos pediu para amarmos o pr\u00f3ximo\u00a0<em>como<\/em>\u00a0a n\u00f3s mesmos.<\/p>\n<div id=\"aleteia-welcome\" style=\"text-align: justify;\"><\/div>\n<p style=\"text-align: justify;\">Amar a n\u00f3s mesmos, portanto, \u00e9 um mandamento crist\u00e3o! S\u00f3 que nos amarmos de verdade n\u00e3o \u00e9 escolher o que nos escraviza e nos acomoda. Pelo contr\u00e1rio: \u00e9 escolher e alimentar o que existe de mais nobre e elevado em n\u00f3s, j\u00e1 que somos imagem e semelhan\u00e7a de Deus e Ele nos chama a restaurar esta semelhan\u00e7a. O que \u00e9 para deixar de lado, ent\u00e3o, \u00e9 tudo aquilo que o pecado corrompeu em nossa natureza; tudo aquilo que nos afasta da verdadeira ess\u00eancia humana, que \u00e9 ser imagem e semelhan\u00e7a de Deus, nosso Pai.<\/p>\n<div id=\"article-desk-content-p6-ad_2020_10_09_madre-teresa-pulando-corda-irma-dulce-tocando-acordeon-santidade-e-alegria\" class=\"css-y9mcup\" style=\"text-align: justify;\" data-google-query-id=\"CM2vvsjxp-wCFWEuuQYdrBILqA\">\n<div id=\"google_ads_iframe_64500793\/PT_DESK_ARTICLE_WELCOME_1X1_1__container__\"><\/div>\n<\/div>\n<p style=\"text-align: justify;\">E Deus \u00e9 Alegria! No fim das contas, Deus nos criou para sermos felizes, alegres, radiantes! \u00c9 por isso que, na vida de uni\u00e3o com Deus, todas as alegrias puras, belas e simples n\u00e3o s\u00e3o apenas recomend\u00e1veis: elas s\u00e3o imprescind\u00edveis.<\/p>\n<h3 style=\"text-align: justify;\">Santa alegria<\/h3>\n<p style=\"text-align: justify;\">Os santos s\u00e3o exemplos de como desfrutar das coisas simples e belas da cria\u00e7\u00e3o divina com alegria e leveza.<\/p>\n<p style=\"text-align: justify;\">\u00c9 por isso vemos imagens como a da Santa Madre Teresa de Calcut\u00e1 pulando corda com uma crian\u00e7a \u2013 e como uma crian\u00e7a\u2026<\/p>\n<p style=\"text-align: justify;\">E Santa Dulce dos Pobres tocando acordeon\u2026<\/p>\n<p style=\"text-align: justify;\">Ou S\u00e3o Jo\u00e3o Paulo II fazendo caretas para os fot\u00f3grafos e jogando bola de batina e tudo\u2026<\/p>\n<figure class=\"aligncenter\" style=\"text-align: justify;\"><img decoding=\"async\" src=\"https:\/\/wp.pt.aleteia.org\/wp-content\/uploads\/sites\/5\/2017\/11\/web3-pope-john-paul-ii-catholic-jokes-nachtwanderin-youtube.jpg\" alt=\"POPE JOHN PAUL II\" \/><\/p>\n<footer><small>Nachtwanderin | Youtube<\/small><\/footer>\n<\/figure>\n<p style=\"text-align: justify;\">E os Papas Bento tomando cerveja, como bom alem\u00e3o, e Francisco tomando vinho, como bom argentino\u2026<\/p>\n<figure class=\"aligncenter\" style=\"text-align: justify;\"><img decoding=\"async\" src=\"https:\/\/wp.pt.aleteia.org\/wp-content\/uploads\/sites\/5\/2018\/04\/web3-pope-benedict-xvi-beer-birthday-happy-smiling-043_dpa-pa_170417-99-99721_dpai-lena-klimkeit-dpa-afp.jpg\" alt=\"POPE BENEDICT,BIRTHDAY\" \/><\/p>\n<footer><small>Lena Klimkeit | DPA | AFP<\/small><\/footer>\n<\/figure>\n<h3 style=\"text-align: justify;\">\u201cSantos de cal\u00e7a jeans\u201d<\/h3>\n<p style=\"text-align: justify;\">Entre centenas ou milhares de outros exemplos, vemos, tamb\u00e9m, o jovem beato Carlo Acutis harmonizando com alegre simplicidade a sua paix\u00e3o pelos computadores e o seu imenso amor pela Eucaristia! Como bem o descreveram, ele \u00e9 um testemunho de que d\u00e1 para sermos \u201csantos de cal\u00e7a jeans\u201d!<\/p>\n<p style=\"text-align: justify;\">Pode n\u00e3o ser f\u00e1cil \u2013 mas \u00e9 simples!<\/p>\n<figure class=\"aligncenter\" style=\"text-align: justify;\"><img decoding=\"async\" src=\"https:\/\/wp.pt.aleteia.org\/wp-content\/uploads\/sites\/5\/2020\/06\/WEB3-CARLO-ACUTIS-15-carloacutis.com_.jpg\" alt=\"CARLO ACUTIS\" \/><\/p>\n<footer><small>carloacutis.com<\/small><\/footer>\n<\/figure>\n","protected":false},"excerpt":{"rendered":"<p>A beatifica\u00e7\u00e3o do jovem Carlo Acutis, apaixonado pela Eucaristia e pela inform\u00e1tica, nos lembra que todos podemos ser &#8220;santos de cal\u00e7a jeans&#8221; Santa alegria! Ser santo \u00e9 amar a Deus sobre todas as coisas e ao pr\u00f3ximo como a si mesmo, praticando no dia-a-dia os ensinamentos de Jesus e mantendo a uni\u00e3o com Deus mediante [&hellip;]<\/p>\n","protected":false},"author":1,"featured_media":63244,"comment_status":"open","ping_status":"closed","sticky":false,"template":"","format":"standard","meta":{"footnotes":""},"categories":[4],"tags":[],"class_list":["post-63243","post","type-post","status-publish","format-standard","has-post-thumbnail","hentry","category-cotidiano"],"_links":{"self":[{"href":"https:\/\/catolicanet.net\/wp-cnet\/wp-json\/wp\/v2\/posts\/63243","targetHints":{"allow":["GET"]}}],"collection":[{"href":"https:\/\/catolicanet.net\/wp-cnet\/wp-json\/wp\/v2\/posts"}],"about":[{"href":"https:\/\/catolicanet.net\/wp-cnet\/wp-json\/wp\/v2\/types\/post"}],"author":[{"embeddable":true,"href":"https:\/\/catolicanet.net\/wp-cnet\/wp-json\/wp\/v2\/users\/1"}],"replies":[{"embeddable":true,"href":"https:\/\/catolicanet.net\/wp-cnet\/wp-json\/wp\/v2\/comments?post=63243"}],"version-history":[{"count":1,"href":"https:\/\/catolicanet.net\/wp-cnet\/wp-json\/wp\/v2\/posts\/63243\/revisions"}],"predecessor-version":[{"id":63245,"href":"https:\/\/catolicanet.net\/wp-cnet\/wp-json\/wp\/v2\/posts\/63243\/revisions\/63245"}],"wp:featuredmedia":[{"embeddable":true,"href":"https:\/\/catolicanet.net\/wp-cnet\/wp-json\/wp\/v2\/media\/63244"}],"wp:attachment":[{"href":"https:\/\/catolicanet.net\/wp-cnet\/wp-json\/wp\/v2\/media?parent=63243"}],"wp:term":[{"taxonomy":"category","embeddable":true,"href":"https:\/\/catolicanet.net\/wp-cnet\/wp-json\/wp\/v2\/categories?post=63243"},{"taxonomy":"post_tag","embeddable":true,"href":"https:\/\/catolicanet.net\/wp-cnet\/wp-json\/wp\/v2\/tags?post=63243"}],"curies":[{"name":"wp","href":"https:\/\/api.w.org\/{rel}","templated":true}]}}