{"id":63216,"date":"2020-10-09T09:44:19","date_gmt":"2020-10-09T12:44:19","guid":{"rendered":"https:\/\/catolicanet.net\/wp-cnet\/?p=63216"},"modified":"2020-10-09T12:47:09","modified_gmt":"2020-10-09T15:47:09","slug":"novena-e-festa-de-nossa-senhora-aparecida-2020-sao-realizadas-de-forma-virtual","status":"publish","type":"post","link":"https:\/\/catolicanet.net\/wp-cnet\/novena-e-festa-de-nossa-senhora-aparecida-2020-sao-realizadas-de-forma-virtual\/","title":{"rendered":"NOVENA E FESTA DE NOSSA SENHORA APARECIDA 2020 S\u00c3O REALIZADAS DE FORMA VIRTUAL"},"content":{"rendered":"<p style=\"text-align: justify;\">Todas as celebra\u00e7\u00f5es da Novena e Festa da Padroeira do Brasil deste ano n\u00e3o ser\u00e3o realizadas em seu formato tradicional. A programa\u00e7\u00e3o foi alterada devido \u00e0 pandemia do novo coronav\u00edrus e est\u00e1 sendo realizada de forma virtual.<\/p>\n<p style=\"text-align: justify;\">Para possibilitar a participa\u00e7\u00e3o dos fi\u00e9is, a Rede Aparecida de Comunica\u00e7\u00e3o (TV, R\u00e1dio e portal A12) e as redes sociais do Santu\u00e1rio Nacional (Facebook e Youtube) ir\u00e3o transmitir ao vivo as festividades em louvor \u00e0 Padroeira.<\/p>\n<p style=\"text-align: justify;\">Al\u00e9m das celebra\u00e7\u00f5es, outros eventos tamb\u00e9m sofreram altera\u00e7\u00f5es. Prociss\u00f5es externas, vig\u00edlias, carreata e passeio cicl\u00edstico foram cancelados. Apresenta\u00e7\u00f5es musicais e art\u00edsticas tamb\u00e9m n\u00e3o est\u00e3o previstas.<\/p>\n<p style=\"text-align: justify;\">A participa\u00e7\u00e3o virtual dos devotos ser\u00e1 motivada pela intera\u00e7\u00e3o atrav\u00e9s das redes sociais, para que fotografias enviadas sejam reproduzidas na tela durante a transmiss\u00e3o.<\/p>\n<div class=\"ast-oembed-container\" style=\"text-align: justify;\">\n<p><iframe loading=\"lazy\" title=\"Mensagem do reitor: Novena e Festa da Padroeira 2020\" width=\"696\" height=\"392\" src=\"https:\/\/www.youtube.com\/embed\/CFkBS2Sc3jQ?feature=oembed\" frameborder=\"0\" allow=\"accelerometer; autoplay; clipboard-write; encrypted-media; gyroscope; picture-in-picture\" allowfullscreen><\/iframe><\/p>\n<\/div>\n<p style=\"text-align: justify;\">\n<p style=\"text-align: justify;\">O tema da Novena e Festa da Padroeira 2020, \u00e9:\u00a0<strong>\u201cCom Maria, em fam\u00edlia, revestir-se da Palavra\u201d.<\/strong>\u00a0As reflex\u00f5es promover\u00e3o a fam\u00edlia e sua intimidade com a Palavra de Deus.<\/p>\n<p style=\"text-align: justify;\">As diversas celebra\u00e7\u00f5es, que ir\u00e3o acontecer de forma restrita, contar\u00e3o com pessoas que atuam em institui\u00e7\u00f5es diretamente ligadas \u00e0 Arquidiocese de Aparecida e \u00e0s obras sociais e de evangeliza\u00e7\u00e3o do Santu\u00e1rio Nacional, representando todos os devotos. Dessa forma, n\u00e3o ser\u00e1 poss\u00edvel o livre acesso do p\u00fablico \u00e0s bas\u00edlicas durante as cerim\u00f4nias.<\/p>\n<p style=\"text-align: justify;\">Durante o per\u00edodo, toda a infraestrutura de acolhimento e servi\u00e7os do Santu\u00e1rio estar\u00e3o \u00e0 disposi\u00e7\u00e3o do visitante.<\/p>\n<h3 style=\"text-align: justify;\"><strong>Programa\u00e7\u00e3o<\/strong><\/h3>\n<p style=\"text-align: justify;\">A Novena \u00e9 realizada de 3 a 11 de outubro, \u00e0s 15h e \u00e0s 19h. J\u00e1 no dia 12, as missas acontecem \u00e0s 7h, 9h, 12h e 18h. Uma novidade deste ano \u00e9 que as celebra\u00e7\u00f5es acontecer\u00e3o nas duas bas\u00edlicas.<\/p>\n<p style=\"text-align: justify;\">O Santu\u00e1rio estar\u00e1 aberto \u00e0 visita\u00e7\u00e3o das 5h \u00e0s 17h, dos dias 3 a 11, e das 12h \u00e0s 17h, no dia 12. Durante o per\u00edodo, na Tribuna Papa Bento XVI, ser\u00e3o realizadas as celebra\u00e7\u00f5es das b\u00ean\u00e7\u00e3os dos objetos de piedade e devo\u00e7\u00e3o.<\/p>\n<p style=\"text-align: justify;\">Veja, na sequ\u00eancia, o detalhamento da programa\u00e7\u00e3o e hor\u00e1rios:<\/p>\n<p style=\"text-align: justify;\"><strong>Bas\u00edlica Velha<\/strong><\/p>\n<p style=\"text-align: justify;\">Celebra\u00e7\u00f5es:<\/p>\n<p style=\"text-align: justify;\">S\u00e1bados (3 e 10): Missas \u00e0s 9h, 12 e novena das 15h<\/p>\n<p style=\"text-align: justify;\">Domingos: (4 e 11): Missas \u00e0s 8h, 12h e novena das 15h<\/p>\n<p style=\"text-align: justify;\">Segunda a sexta (5 a 9): Missas \u00e0s 6h45, 9h, 12h e novena das 15h<\/p>\n<p style=\"text-align: justify;\">12 de outubro: 7h (missa das crian\u00e7as), 12h (\u00c2ngelus e missa), 15h (Consagra\u00e7\u00e3o Solene e b\u00ean\u00e7\u00e3o do Livro dos Devotos)<\/p>\n<p style=\"text-align: justify;\">Visita\u00e7\u00e3o:<\/p>\n<p style=\"text-align: justify;\">Liberada apenas a visita\u00e7\u00e3o \u00e0 Imagem: 17h \u00e0s 19h<\/p>\n<p style=\"text-align: justify;\"><strong>Santu\u00e1rio Nacional<\/strong><\/p>\n<p style=\"text-align: justify;\">Celebra\u00e7\u00f5es:<\/p>\n<p style=\"text-align: justify;\">3 a 11: 19h (Novena Solene)<\/p>\n<p style=\"text-align: justify;\">12 de outubro: 9h (Missa Solene), 18h (Missa de encerramento da Festa)<\/p>\n<p style=\"text-align: justify;\">Visita\u00e7\u00e3o (igreja)<\/p>\n<p style=\"text-align: justify;\">3 a 11: 5h \u00e0s 17h<\/p>\n<p style=\"text-align: justify;\">12 de outubro: 12h \u00e0s 17h<\/p>\n<p style=\"text-align: justify;\">Visita\u00e7\u00e3o (Imagem de Nossa Senhora)<\/p>\n<p style=\"text-align: justify;\">3 a 10: 5h \u00e0s 21h<\/p>\n<p style=\"text-align: justify;\">11: abertura \u00e0s 5h com fechamento \u00e0s 21h do dia 12 de outubro<\/p>\n<p style=\"text-align: justify;\">B\u00ean\u00e7\u00e3os (Tribuna Bento XVI):<\/p>\n<p style=\"text-align: justify;\">3 a 9: 8h, 9h, 10h30, 12h, 14h, 16h<\/p>\n<p style=\"text-align: justify;\">12 de outubro: A partir das 5h, a cada 30 minutos<\/p>\n<p style=\"text-align: justify;\"><strong>Estrutura<\/strong><\/p>\n<p style=\"text-align: justify;\">Posto M\u00e9dico, Tenda dos Peregrinos, Lojas Oficiais, Casa do P\u00e3o, Estacionamento, Imprensa, Seguran\u00e7a Patrimonial, Centro de Apoio ao Romeiro, Morro do Cruzeiro, Caminho do Ros\u00e1rio, Porto Itagua\u00e7u e demais \u00e1reas de acolhimento ao devoto funcionar\u00e3o normalmente.<\/p>\n<p style=\"text-align: justify;\">Hor\u00e1rios do subsolo durante Novena e Festa<\/p>\n<p style=\"text-align: justify;\">Segunda a sexta-feira: 8h \u00e0s 17h<\/p>\n<p style=\"text-align: justify;\">S\u00e1bado: 6h \u00e0s 18h<\/p>\n<p style=\"text-align: justify;\">Domingo (Dia 04\/10): 6h \u00e0s 17h<\/p>\n<p style=\"text-align: justify;\">S\u00e1bado (Dia 10\/10): 6h \u00e0s 19h<\/p>\n<p style=\"text-align: justify;\">Domingo (Dia 11\/10): 5h \u00e0s 19h<\/p>\n<p style=\"text-align: justify;\">Segunda-feira (Dia 12\/10): 5h \u00e0s 18h<\/p>\n<h3 style=\"text-align: justify;\">Temas e presidentes da celebra\u00e7\u00e3o das novenas solenes<\/h3>\n<p style=\"text-align: justify;\"><strong>DIA 3 DE OUTUBRO<\/strong><\/p>\n<p style=\"text-align: justify;\">1\u00ba Dia da Novena:\u00a0 Com Maria, em Fam\u00edlia, revestir-se da Palavra!<\/p>\n<p style=\"text-align: justify;\">Dom Walmor Oliveira de Azevedo \u2013 Arcebispo de Belo Horizonte (MG) e Presidente da CNBB (Confer\u00eancia Nacional dos Bispos do Brasil).<\/p>\n<p style=\"text-align: justify;\"><strong>DIA 4 DE OUTUBRO<\/strong><\/p>\n<p style=\"text-align: justify;\">2\u00ba Dia da Novena:\u00a0 Com Maria, viver a f\u00e9, \u00e0 luz da Palavra!<\/p>\n<p style=\"text-align: justify;\">Dom S\u00e9rgio Aparecido Colombo \u2013 Bispo de Bragan\u00e7a Paulista (SP)<\/p>\n<p style=\"text-align: justify;\"><strong>DIA 5 DE OUTUBRO<\/strong><\/p>\n<p style=\"text-align: justify;\">3\u00ba Dia da Novena:\u00a0 Com Maria, reunir-se para celebrar a Palavra!<\/p>\n<p style=\"text-align: justify;\">Dom Zanoni Demettino Castro \u2013 Arcebispo de Feira de Santana (BA)<\/p>\n<p style=\"text-align: justify;\"><strong>DIA 6 DE OUTUBRO<\/strong><\/p>\n<p style=\"text-align: justify;\">4\u00ba Dia da Novena:\u00a0 Com Maria, caminhar para a terra da justi\u00e7a e da paz!<\/p>\n<p style=\"text-align: justify;\">Dom Cl\u00e1udio Hummes, OFM \u2013 Cardeal Arcebispo Em\u00e9rito de S\u00e3o Paulo (SP)<\/p>\n<p style=\"text-align: justify;\">Presidente da Rede Eclesial Pan-Amaz\u00f4nica \u2013 REPAM<\/p>\n<p style=\"text-align: justify;\"><strong>DIA 7 DE OUTUBRO<\/strong><\/p>\n<p style=\"text-align: justify;\">5\u00ba Dia da Novena:\u00a0 Com Maria, revestir a Fam\u00edlia com a Palavra!<\/p>\n<p style=\"text-align: justify;\">Dom Francisco de Assis Gabriel dos Santos, C.Ss.R. \u2013 Bispo de Campo Maior (PI)<\/p>\n<p style=\"text-align: justify;\"><strong>DIA 8 DE OUTUBRO<\/strong><\/p>\n<p style=\"text-align: justify;\">6\u00ba Dia da Novena:\u00a0 Com Maria, viver em constante \u00eaxodo!<\/p>\n<p style=\"text-align: justify;\">Dom Gilson Andrade da Silva \u2013 Bispo de Nova Igua\u00e7u (RJ)<\/p>\n<p style=\"text-align: justify;\"><strong>DIA 9 DE OUTUBRO<\/strong><\/p>\n<p style=\"text-align: justify;\">7\u00ba Dia da Novena:\u00a0 Com Maria, sempre em \u00eaxodo mission\u00e1rio!<\/p>\n<p style=\"text-align: justify;\">Dom Amilton Manoel da Silva, CP \u2013 Bispo de Guarapuava (PR)<\/p>\n<p style=\"text-align: justify;\"><strong>DIA 10 DE OUTUBRO<\/strong><\/p>\n<p style=\"text-align: justify;\">8\u00ba Dia da Novena:\u00a0 Com Maria, revestir-se de Jesus, Palavra encarnada!<\/p>\n<p style=\"text-align: justify;\">Dom Leomar Ant\u00f4nio Brustolin \u2013 Bispo-auxiliar de Porto Alegre (RS)<\/p>\n<p style=\"text-align: justify;\"><strong>DIA 11 DE OUTUBRO<\/strong><\/p>\n<p style=\"text-align: justify;\">9\u00ba Dia da Novena:\u00a0 Com Maria, ser fiel \u00e0 Palavra de Deus hoje e sempre!<\/p>\n<p style=\"text-align: justify;\">Dom Paulo Mascarenhas Roxo, Opraem \u2013 Bispo Em\u00e9rito de Mogi das Cruzes (SP)<\/p>\n<p style=\"text-align: justify;\"><strong>DIA 12 DE OUTUBRO<\/strong><\/p>\n<p style=\"text-align: justify;\">Nossa Senhora Aparecida:\u00a0 Com Maria, em Fam\u00edlia, revestir-se da Palavra!<\/p>\n<p style=\"text-align: justify;\">Dom Orlando Brandes \u2013 Arcebispo de Aparecida (SP)<\/p>\n<p style=\"text-align: justify;\">\n<p style=\"text-align: justify;\">\n<p style=\"text-align: justify;\"><strong>Outras informa\u00e7\u00f5es e a programa\u00e7\u00e3o completa est\u00e3o dispon\u00edveis em\u00a0<a href=\"https:\/\/www.a12.com\/santuario\/noticias\/mensagem-do-reitor-novena-e-festa-da-padroeira-2020\">A12.com\/padroeira<\/a><\/strong><\/p>\n<p style=\"text-align: justify;\">\n<pre>Com informa\u00e7\u00f5es da Arquidiocese de Aparecida<\/pre>\n","protected":false},"excerpt":{"rendered":"<p>Todas as celebra\u00e7\u00f5es da Novena e Festa da Padroeira do Brasil deste ano n\u00e3o ser\u00e3o realizadas em seu formato tradicional. A programa\u00e7\u00e3o foi alterada devido \u00e0 pandemia do novo coronav\u00edrus e est\u00e1 sendo realizada de forma virtual. Para possibilitar a participa\u00e7\u00e3o dos fi\u00e9is, a Rede Aparecida de Comunica\u00e7\u00e3o (TV, R\u00e1dio e portal A12) e as [&hellip;]<\/p>\n","protected":false},"author":1,"featured_media":63217,"comment_status":"open","ping_status":"closed","sticky":false,"template":"","format":"standard","meta":{"footnotes":""},"categories":[7,13],"tags":[],"class_list":["post-63216","post","type-post","status-publish","format-standard","has-post-thumbnail","hentry","category-cnbb","category-featured"],"_links":{"self":[{"href":"https:\/\/catolicanet.net\/wp-cnet\/wp-json\/wp\/v2\/posts\/63216","targetHints":{"allow":["GET"]}}],"collection":[{"href":"https:\/\/catolicanet.net\/wp-cnet\/wp-json\/wp\/v2\/posts"}],"about":[{"href":"https:\/\/catolicanet.net\/wp-cnet\/wp-json\/wp\/v2\/types\/post"}],"author":[{"embeddable":true,"href":"https:\/\/catolicanet.net\/wp-cnet\/wp-json\/wp\/v2\/users\/1"}],"replies":[{"embeddable":true,"href":"https:\/\/catolicanet.net\/wp-cnet\/wp-json\/wp\/v2\/comments?post=63216"}],"version-history":[{"count":1,"href":"https:\/\/catolicanet.net\/wp-cnet\/wp-json\/wp\/v2\/posts\/63216\/revisions"}],"predecessor-version":[{"id":63218,"href":"https:\/\/catolicanet.net\/wp-cnet\/wp-json\/wp\/v2\/posts\/63216\/revisions\/63218"}],"wp:featuredmedia":[{"embeddable":true,"href":"https:\/\/catolicanet.net\/wp-cnet\/wp-json\/wp\/v2\/media\/63217"}],"wp:attachment":[{"href":"https:\/\/catolicanet.net\/wp-cnet\/wp-json\/wp\/v2\/media?parent=63216"}],"wp:term":[{"taxonomy":"category","embeddable":true,"href":"https:\/\/catolicanet.net\/wp-cnet\/wp-json\/wp\/v2\/categories?post=63216"},{"taxonomy":"post_tag","embeddable":true,"href":"https:\/\/catolicanet.net\/wp-cnet\/wp-json\/wp\/v2\/tags?post=63216"}],"curies":[{"name":"wp","href":"https:\/\/api.w.org\/{rel}","templated":true}]}}