{"id":6318,"date":"2015-08-07T19:28:47","date_gmt":"2015-08-07T22:28:47","guid":{"rendered":"http:\/\/catolicanet.net\/wp-cnet\/no-aniversario-do-exodo-de-cristaos-do-iraque-papa-pede-que-o-mundo-nao-qolhe-para-o-outro-ladoq\/"},"modified":"2017-04-11T09:22:14","modified_gmt":"2017-04-11T12:22:14","slug":"no-aniversario-do-exodo-de-cristaos-do-iraque-papa-pede-que-o-mundo-nao-qolhe-para-o-outro-ladoq","status":"publish","type":"post","link":"https:\/\/catolicanet.net\/wp-cnet\/no-aniversario-do-exodo-de-cristaos-do-iraque-papa-pede-que-o-mundo-nao-qolhe-para-o-outro-ladoq\/","title":{"rendered":"No anivers\u00e1rio do \u00eaxodo de crist\u00e3os do Iraque, Papa pede que o mundo n\u00e3o &#8220;olhe para o outro lado&#8221;"},"content":{"rendered":"<p style=\"text-align: justify;\"><img decoding=\"async\" src=\"http:\/\/catolicanet.com.br\/images\/stories\/geral\/franciscoaudiencia.jpg\" border=\"0\" align=\"left\" \/> O Papa Francisco recordou o primeiro anivers\u00e1rio do \u00eaxodo de mais de 120 mil crist\u00e3os obrigados a fugir da Plan\u00edcie de N\u00ednive (Iraque) com motivo da invas\u00e3o terrorista do Estado Isl\u00e2mico e pediu ao mundo n\u00e3o ficar mudo nem \u201colhar para o outro lado, ante o fanatismo, a intoler\u00e2ncia e a persegui\u00e7\u00e3o que sofrem os fi\u00e9is.<\/p>\n<p>O Santo Padre manifestou sua preocupa\u00e7\u00e3o pelos milhares de refugiados obrigados a fugir da persegui\u00e7\u00e3o no Oriente M\u00e9dio atrav\u00e9s de uma mensagem enviada ao Bispo Auxiliar de Jerusal\u00e9m dos Latinos e Vig\u00e1rio Patriarcal para o Jord\u00e2nia, Dom Maroun Lahham.<\/p>\n<p>No texto, o Pont\u00edfice reconhece de novo que \u201cs\u00e3o os m\u00e1rtires de hoje, humilhados e discriminados por sua fidelidade ao Evangelho\u201d.<\/p>\n<p>O texto foi enviado com motivo do primeiro anivers\u00e1rio da chegada dos refugiados iraquianos \u00e0 Jord\u00e2nia, no dia 8 de agosto de 2014. Ali ser\u00e3o celebradas v\u00e1rias atividades nas quais participar\u00e1 o Secret\u00e1rio Geral da Confer\u00eancia Episcopal Italiana, Dom Nunzio Galantino.<\/p>\n<p>\u201cEm outras ocasi\u00f5es j\u00e1 chamei a aten\u00e7\u00e3o para as persegui\u00e7\u00f5es desumanas e inexplic\u00e1veis que acontece em diversas partes do mundo, &#8211; sobretudo aos crist\u00e3os, sendo v\u00edtimas do fanatismo e da intoler\u00e2ncia -, normalmente mudo e inerte ao cen\u00e1rio de persegui\u00e7\u00e3o\u201d, reconheceu o Santo Padre.<\/p>\n<p>O Papa Francisco quer que suas palavras se recordem como \u201csinal de uma Igreja que n\u00e3o esquece e n\u00e3o abandona os seus filhos exilados por causa de sua f\u00e9: saibam que uma ora\u00e7\u00e3o cotidiana se levanta por eles, junto ao reconhecimento pelo testemunho que nos oferecem\u201d.<\/p>\n<p>O Bispo de Roma tamb\u00e9m menciona \u201cas comunidades que souberam cuidar desses irm\u00e3os, evitando olhar para o outro lado\u201d.<\/p>\n<p>\u201cVoc\u00eas anunciam a ressurrei\u00e7\u00e3o de Cristo compartilhando a dor e a ajuda solid\u00e1ria que prestam a milhares de refugiados; com seu caminho de sofrimento, que muitas vezes escurece a esperan\u00e7a; com seu servi\u00e7o fraterno que tamb\u00e9m corre o risco de momentos de escurid\u00e3o na exist\u00eancia\u201d, disse o Santo Padre dirigindo-se a eles. <\/p>\n<p>Diante desta realidade o Papa deseja que o Senhor os recompense, como s\u00f3 Ele pode fazer: \u201ccom a abund\u00e2ncia dos seus dons\u201d.<\/p>\n<p>Na mensagem, o Pont\u00edfice chama a aten\u00e7\u00e3o da comunidade internacional e solicita que \u201ca opini\u00e3o p\u00fablica mundial esteja mais atenta \u00e0s persegui\u00e7\u00f5es contra os crist\u00e3os e, de maneira geral, das minorias religiosas\u201d.<\/p>\n<p>\u201cRenovo o desejo de que a Comunidade Internacional n\u00e3o assista muda e inerte a tal inaceit\u00e1vel crime, que constitui uma preocupante deriva dos direitos humanos mais essenciais e impede a riqueza da conviv\u00eancia entre os povos, as culturas e os fi\u00e9is\u201d.<\/p>\n<p>Atualmente, milhares de refugiados foram privados de suas casas pela persegui\u00e7\u00e3o que sofrem por causa da sua f\u00e9. Principalmente, pelo autodenominado Estado Isl\u00e2mico que opera no Iraque e na S\u00edria.<\/p>\n<p>Na madrugada do dia 6 e 7 de agosto de 2014, cerca de 120.000 crist\u00e3os fugiram da Plan\u00edcie de N\u00ednive, por medo de serem assassinados pelos terroristas. Atualmente, vivem refugiados no Curdist\u00e3o iraquiano e s\u00e3o atendidos nos campos pela Igreja local.<\/p>\n<p style=\"text-align: justify;\">Fonte: Acidigital<\/p>\n","protected":false},"excerpt":{"rendered":"<p>O Papa Francisco recordou o primeiro anivers\u00e1rio do \u00eaxodo de mais de 120 mil crist\u00e3os obrigados a fugir da Plan\u00edcie de N\u00ednive (Iraque) com motivo da invas\u00e3o terrorista do Estado Isl\u00e2mico e pediu ao mundo n\u00e3o ficar mudo nem \u201colhar para o outro lado, ante o fanatismo, a intoler\u00e2ncia e a persegui\u00e7\u00e3o que sofrem os [&hellip;]<\/p>\n","protected":false},"author":1,"featured_media":0,"comment_status":"closed","ping_status":"closed","sticky":false,"template":"","format":"standard","meta":{"footnotes":""},"categories":[4],"tags":[],"class_list":["post-6318","post","type-post","status-publish","format-standard","hentry","category-cotidiano"],"_links":{"self":[{"href":"https:\/\/catolicanet.net\/wp-cnet\/wp-json\/wp\/v2\/posts\/6318","targetHints":{"allow":["GET"]}}],"collection":[{"href":"https:\/\/catolicanet.net\/wp-cnet\/wp-json\/wp\/v2\/posts"}],"about":[{"href":"https:\/\/catolicanet.net\/wp-cnet\/wp-json\/wp\/v2\/types\/post"}],"author":[{"embeddable":true,"href":"https:\/\/catolicanet.net\/wp-cnet\/wp-json\/wp\/v2\/users\/1"}],"replies":[{"embeddable":true,"href":"https:\/\/catolicanet.net\/wp-cnet\/wp-json\/wp\/v2\/comments?post=6318"}],"version-history":[{"count":1,"href":"https:\/\/catolicanet.net\/wp-cnet\/wp-json\/wp\/v2\/posts\/6318\/revisions"}],"predecessor-version":[{"id":11172,"href":"https:\/\/catolicanet.net\/wp-cnet\/wp-json\/wp\/v2\/posts\/6318\/revisions\/11172"}],"wp:attachment":[{"href":"https:\/\/catolicanet.net\/wp-cnet\/wp-json\/wp\/v2\/media?parent=6318"}],"wp:term":[{"taxonomy":"category","embeddable":true,"href":"https:\/\/catolicanet.net\/wp-cnet\/wp-json\/wp\/v2\/categories?post=6318"},{"taxonomy":"post_tag","embeddable":true,"href":"https:\/\/catolicanet.net\/wp-cnet\/wp-json\/wp\/v2\/tags?post=6318"}],"curies":[{"name":"wp","href":"https:\/\/api.w.org\/{rel}","templated":true}]}}