{"id":63177,"date":"2020-10-08T09:52:23","date_gmt":"2020-10-08T12:52:23","guid":{"rendered":"https:\/\/catolicanet.net\/wp-cnet\/?p=63177"},"modified":"2020-10-08T12:53:27","modified_gmt":"2020-10-08T15:53:27","slug":"papa-pede-mais-participacao-de-mulheres-leigas-em-instancias-de-responsabilidade-na-igreja","status":"publish","type":"post","link":"https:\/\/catolicanet.net\/wp-cnet\/papa-pede-mais-participacao-de-mulheres-leigas-em-instancias-de-responsabilidade-na-igreja\/","title":{"rendered":"Papa pede mais participa\u00e7\u00e3o de mulheres leigas em inst\u00e2ncias de responsabilidade na Igreja"},"content":{"rendered":"<h2 class=\"subtitle\" style=\"text-align: justify;\">No &#8216;V\u00eddeo do Papa\u2019 de outubro, m\u00eas mission\u00e1rio, o Papa Francisco faz um apelo \u00e0 promo\u00e7\u00e3o de uma maior integra\u00e7\u00e3o dos fi\u00e9is leigos, especialmente das mulheres, nas inst\u00e2ncias de responsabilidade da Igreja.<\/h2>\n<p style=\"text-align: justify;\"><a href=\"https:\/\/thepopevideo.org\/?lang=pt-br\" target=\"_blank\" rel=\"noopener noreferrer\"><span class=\"css-1q1joro\">O V\u00eddeo do Papa<\/span><\/a><span class=\"css-1q1joro\">\u00a0de outubro acaba de ser divulgado com a inten\u00e7\u00e3o de ora\u00e7\u00e3o que Francisco confia a toda a Igreja Cat\u00f3lica por meio da\u00a0<\/span><a href=\"https:\/\/www.popesprayer.va\/pt-pt\/\" target=\"_blank\" rel=\"noopener noreferrer\"><span class=\"css-1q1joro\">Rede Mundial de Ora\u00e7\u00e3o do Papa<\/span><\/a><span class=\"css-1q1joro\">\u00a0(inclui o Movimento Eucar\u00edstico Jovem \u2013 MEJ). Neste m\u00eas mission\u00e1rio, o Santo Padre destaca o papel dos leigos e leigas, a quem ele considera verdadeiros protagonistas do an\u00fancio do Evangelho, e pede que especialmente as mulheres participem das \u201cinst\u00e2ncias de responsabilidade na Igreja\u201d. Este v\u00eddeo foi produzido em colabora\u00e7\u00e3o com o\u00a0<\/span><a href=\"http:\/\/www.laityfamilylife.va\/content\/laityfamilylife\/pt.html\" target=\"_blank\" rel=\"noopener noreferrer\"><span class=\"css-1q1joro\">Dicast\u00e9rio para os Leigos, a Fam\u00edlia e a Vida<\/span><\/a><span class=\"css-1q1joro\">\u00a0e conta com a participa\u00e7\u00e3o de altas funcion\u00e1rias do Vaticano e jornalistas do Vatican News.<\/span><\/p>\n<h3 style=\"text-align: justify;\"><b>Ampliar os espa\u00e7os de presen\u00e7a feminina relevante na Igreja<\/b><\/h3>\n<p style=\"text-align: justify;\"><span class=\"css-1q1joro\">Para o Santo Padre, \u00e9 fundamental que as mulheres tenham uma presen\u00e7a mais relevante, pois \u201cmuitas vezes elas s\u00e3o deixadas de lado\u201d. Francisco sinalizou muitos gestos que promovem esta vontade de dar \u00e0 Igreja um peso feminino maior. Em 2016, por exemplo, o dia de santa\u00a0<\/span><b>Maria Madalena<\/b><span class=\"css-1q1joro\">\u00a0foi elevado \u00e0 categoria de festa lit\u00fargica, sendo a santa hoje definida no novo pref\u00e1cio da Missa como \u201cap\u00f3stola dos ap\u00f3stolos\u201d. Ele tomou essa decis\u00e3o para demonstrar a import\u00e2ncia desta mulher, a primeira a ver o rosto do Ressuscitado dentre os mortos, a primeira a quem Jesus chama pelo nome, a primeira a receber do pr\u00f3prio Jesus Cristo a miss\u00e3o de anunciar sua Ressurrei\u00e7\u00e3o. Assim, Francisco, desde o in\u00edcio de seu pontificado, tem nomeado cada vez mais mulheres para as inst\u00e2ncias de responsabilidade da Igreja.<\/span><\/p>\n<p style=\"text-align: justify;\"><span class=\"css-1q1joro\">O padre Fr\u00e9d\u00e9ric Fornos SJ, Diretor Internacional da Rede Mundial de Ora\u00e7\u00e3o do Papa, recorda que \u201cdesde 2013 muito foi feito, mas muito mais deve ser feito\u201d. Ele lembra uma frase do Papa Francisco em \u201c<\/span><i><span class=\"css-1q1joro\">A alegria do Evangelho\u201d<\/span><\/i><span class=\"css-1q1joro\">: \u201cAs reivindica\u00e7\u00f5es dos leg\u00edtimos direitos das mulheres, a partir da firme convic\u00e7\u00e3o de que homens e mulheres t\u00eam a mesma dignidade, colocam \u00e0 Igreja quest\u00f5es profundas que a desafiam e n\u00e3o se podem iludir superficialmente (EG 104). Sobre este v\u00eddeo, no qual Francisco promove \u201ca integra\u00e7\u00e3o das mulheres nos lugares onde s\u00e3o tomadas decis\u00f5es importantes\u201d, o padre Fornos recorda que \u201cpelo batismo todas s\u00e3o chamados a anunciar e servir com fidelidade o Evangelho de Jesus Cristo e a ser disc\u00edpulos mission\u00e1rios do Senhor, mas entre os fi\u00e9is leigos, as mulheres foram consciente e inconscientemente rebaixadas a um n\u00edvel inferior. Como recordou Francisco em \u201c<\/span><i><span class=\"css-1q1joro\">Querida Amaz\u00f4nia<\/span><\/i><span class=\"css-1q1joro\">\u201c, muitas mulheres, impelidas pelo Esp\u00edrito Santo, mant\u00eam a Igreja de p\u00e9, em muitas partes do mundo, com admir\u00e1vel dedica\u00e7\u00e3o e fervorosa f\u00e9. \u00c9 fundamental que participem cada vez mais em suas inst\u00e2ncias de decis\u00e3o. Isso exige uma mudan\u00e7a profunda de mentalidade, exige a nossa convers\u00e3o, que implica ora\u00e7\u00e3o.<\/span><\/p>\n<h3 style=\"text-align: justify;\"><b>O sentido do batismo e da miss\u00e3o da Igreja<\/b><\/h3>\n<p style=\"text-align: justify;\"><span class=\"css-1q1joro\">A Dra. Linda Ghisoni, Subsecret\u00e1ria para os Fi\u00e9is Leigos, reflete: \u201cNo v\u00eddeo de outubro de 2020, dedicado \u00e0 miss\u00e3o dos leigos na Igreja, o Santo Padre come\u00e7a falando sobre o batismo. Isso \u00e9 muito importante porque nos permite compreender que o desejo de ter uma maior participa\u00e7\u00e3o dos leigos \u2013 e em particular das mulheres \u2013 nas inst\u00e2ncias de responsabilidade da Igreja n\u00e3o deve ser interpretado como se fosse uma opera\u00e7\u00e3o sociol\u00f3gica ou para querer garantir maiores cotas para uma distribui\u00e7\u00e3o de poder entre mulheres e homens, entre leigos e cl\u00e9rigos. Portanto, n\u00e3o se trata de uma demanda de espa\u00e7o para obten\u00e7\u00e3o de cargos. Se, de fato, tomamos consci\u00eancia do sentido do nosso batismo, compreendemos o nosso lugar na Igreja, que, para tal, n\u00e3o pode renunciar \u00e0s contribui\u00e7\u00f5es espec\u00edficas dos leigos, das mulheres, que por voca\u00e7\u00e3o s\u00e3o parte constitutiva dela\u201d.<\/span><\/p>\n<figure class=\"alignnone\" style=\"text-align: justify;\"><img decoding=\"async\" src=\"https:\/\/wp.pt.aleteia.org\/wp-content\/uploads\/sites\/5\/2020\/10\/Infografia-TPV-10-2020-PT-O-Video-do-Papa-Mulheres-nas-insta%CC%82ncias-de-responsabilidade-na-Igreja.jpg\" alt=\"\" \/><\/p>\n<footer><small>The Pope Video<\/small><\/footer>\n<\/figure>\n<p style=\"text-align: justify;\"><b>O V\u00eddeo do Papa \u00e9 poss\u00edvel gra\u00e7as \u00e0 contribui\u00e7\u00e3o desinteressada de muitas pessoas.\u00a0<\/b><a href=\"https:\/\/thepopevideo.org\/quero-envolver-me\/?lang=pt-br\" target=\"_blank\" rel=\"noopener noreferrer\"><b>Neste link<\/b><\/a><b>\u00a0podem fazer-se donativos.<\/b><\/p>\n<h3 style=\"text-align: justify;\"><b>Onde se pode ver o v\u00eddeo?<\/b><\/h3>\n<ul style=\"text-align: justify;\">\n<li><a href=\"https:\/\/thepopevideo.org\/?lang=pt-br\" target=\"_blank\" rel=\"noopener noreferrer\"><b>Site web oficial de O V\u00eddeo do Papa<\/b><\/a><\/li>\n<li><a href=\"https:\/\/www.youtube.com\/channel\/UCj3F1SOuOBiM02OTbCrBJXA\" target=\"_blank\" rel=\"noopener noreferrer\"><b>Canal Youtube de O V\u00eddeo do Papa<\/b><\/a><\/li>\n<li><a href=\"https:\/\/pt.aleteia.org\/2020\/10\/08\/papa-pede-mais-participacao-de-mulheres-leigas-em-instancias-de-responsabilidade-na-igreja\/blank\" target=\"_blank\" rel=\"noopener noreferrer\"><b>P\u00e1gina de Facebook de O V\u00eddeo do Papa<\/b><\/a><\/li>\n<li><a href=\"https:\/\/twitter.com\/ovideodopapa\" target=\"_blank\" rel=\"noopener noreferrer\"><b>Twitter de O V\u00eddeo do Papa<\/b><\/a><\/li>\n<li><a href=\"http:\/\/www.twitter.com\/pontifex_pt\" target=\"_blank\" rel=\"noopener noreferrer\"><b>Twitter Oficial @Pontifex_pt<\/b><\/a><\/li>\n<li><a href=\"http:\/\/www.instagram.com\/franciscus\" target=\"_blank\" rel=\"noopener noreferrer\"><b>Instagram Oficial @Franciscus<\/b><\/a><\/li>\n<\/ul>\n<h3 style=\"text-align: justify;\"><b>Sobre O V\u00eddeo do Papa<\/b><\/h3>\n<div id=\"aleteia-welcome\" style=\"text-align: justify;\"><\/div>\n<p style=\"text-align: justify;\"><span class=\"css-1q1joro\">O V\u00eddeo do Papa \u00e9 uma iniciativa oficial de alcance global que tem como objetivo difundir as inten\u00e7\u00f5es de ora\u00e7\u00e3o mensais do Santo Padre. \u00c9 desenvolvido pela Rede Mundial de Ora\u00e7\u00e3o do Papa (Apostolado da Ora\u00e7\u00e3o). O projeto conta com o apoio do\u00a0<\/span><a href=\"https:\/\/www.vaticannews.va\/pt.html\" target=\"_blank\" rel=\"noopener noreferrer\"><span class=\"css-1q1joro\">Vatican Media<\/span><\/a><span class=\"css-1q1joro\">. Mais informa\u00e7\u00f5es em:\u00a0<\/span><a href=\"https:\/\/thepopevideo.org\/?lang=pt-br\" target=\"_blank\" rel=\"noopener noreferrer\"><span class=\"css-1q1joro\">ovideodopapa.org<\/span><\/a><\/p>\n<div id=\"article-desk-content-p6-ad_2020_10_08_papa-pede-mais-participacao-de-mulheres-leigas-em-instancias-de-responsabilidade-na-igreja\" class=\"css-y9mcup\" style=\"text-align: justify;\" data-google-query-id=\"CLrImYitpewCFQsPuQYdMkAPqg\">\n<div id=\"google_ads_iframe_64500793\/PT_DESK_ARTICLE_WELCOME_1X1_1__container__\"><\/div>\n<\/div>\n<h3 style=\"text-align: justify;\"><b>Sobre a Rede Mundial de Ora\u00e7\u00e3o do Papa<\/b><\/h3>\n<p style=\"text-align: justify;\"><span class=\"css-1q1joro\">A Rede Mundial de Ora\u00e7\u00e3o do Papa \u00e9 uma obra pontif\u00edcia cuja miss\u00e3o \u00e9 mobilizar os cat\u00f3licos, pela ora\u00e7\u00e3o e pela a\u00e7\u00e3o, face aos desafios da humanidade e da miss\u00e3o da Igreja. Estes desafios apresentam-se como inten\u00e7\u00f5es de ora\u00e7\u00e3o confiadas pelo Papa a toda a Igreja. A sua miss\u00e3o insere-se na din\u00e2mica do Cora\u00e7\u00e3o de Jesus, uma miss\u00e3o de compaix\u00e3o pelo mundo. Foi fundada em 1844 como Apostolado da Ora\u00e7\u00e3o. Est\u00e1 presente em 98 pa\u00edses e dela fazem parte mais de 35 milh\u00f5es de cat\u00f3licos. Inclui uma se\u00e7\u00e3o juvenil, o MEJ \u2013 Movimento Eucar\u00edstico Jovem. Em mar\u00e7o de 2018, o Papa constituiu este servi\u00e7o eclesial como obra pontif\u00edcia e aprovou os seus novos estatutos. O seu Diretor Internacional \u00e9 o P. Fr\u00e9d\u00e9ric Fornos, SJ. Mais informa\u00e7\u00e3o em:\u00a0<\/span><a href=\"https:\/\/www.popesprayer.va\/pt-pt\/\" target=\"_blank\" rel=\"noopener noreferrer\"><span class=\"css-1q1joro\">popesprayer.va<\/span><\/a><\/p>\n","protected":false},"excerpt":{"rendered":"<p>No &#8216;V\u00eddeo do Papa\u2019 de outubro, m\u00eas mission\u00e1rio, o Papa Francisco faz um apelo \u00e0 promo\u00e7\u00e3o de uma maior integra\u00e7\u00e3o dos fi\u00e9is leigos, especialmente das mulheres, nas inst\u00e2ncias de responsabilidade da Igreja. O V\u00eddeo do Papa\u00a0de outubro acaba de ser divulgado com a inten\u00e7\u00e3o de ora\u00e7\u00e3o que Francisco confia a toda a Igreja Cat\u00f3lica por [&hellip;]<\/p>\n","protected":false},"author":1,"featured_media":63178,"comment_status":"open","ping_status":"closed","sticky":false,"template":"","format":"standard","meta":{"footnotes":""},"categories":[4,13],"tags":[],"class_list":["post-63177","post","type-post","status-publish","format-standard","has-post-thumbnail","hentry","category-cotidiano","category-featured"],"_links":{"self":[{"href":"https:\/\/catolicanet.net\/wp-cnet\/wp-json\/wp\/v2\/posts\/63177","targetHints":{"allow":["GET"]}}],"collection":[{"href":"https:\/\/catolicanet.net\/wp-cnet\/wp-json\/wp\/v2\/posts"}],"about":[{"href":"https:\/\/catolicanet.net\/wp-cnet\/wp-json\/wp\/v2\/types\/post"}],"author":[{"embeddable":true,"href":"https:\/\/catolicanet.net\/wp-cnet\/wp-json\/wp\/v2\/users\/1"}],"replies":[{"embeddable":true,"href":"https:\/\/catolicanet.net\/wp-cnet\/wp-json\/wp\/v2\/comments?post=63177"}],"version-history":[{"count":1,"href":"https:\/\/catolicanet.net\/wp-cnet\/wp-json\/wp\/v2\/posts\/63177\/revisions"}],"predecessor-version":[{"id":63179,"href":"https:\/\/catolicanet.net\/wp-cnet\/wp-json\/wp\/v2\/posts\/63177\/revisions\/63179"}],"wp:featuredmedia":[{"embeddable":true,"href":"https:\/\/catolicanet.net\/wp-cnet\/wp-json\/wp\/v2\/media\/63178"}],"wp:attachment":[{"href":"https:\/\/catolicanet.net\/wp-cnet\/wp-json\/wp\/v2\/media?parent=63177"}],"wp:term":[{"taxonomy":"category","embeddable":true,"href":"https:\/\/catolicanet.net\/wp-cnet\/wp-json\/wp\/v2\/categories?post=63177"},{"taxonomy":"post_tag","embeddable":true,"href":"https:\/\/catolicanet.net\/wp-cnet\/wp-json\/wp\/v2\/tags?post=63177"}],"curies":[{"name":"wp","href":"https:\/\/api.w.org\/{rel}","templated":true}]}}