{"id":63174,"date":"2020-10-08T09:49:40","date_gmt":"2020-10-08T12:49:40","guid":{"rendered":"https:\/\/catolicanet.net\/wp-cnet\/?p=63174"},"modified":"2020-10-08T12:51:11","modified_gmt":"2020-10-08T15:51:11","slug":"carlo-acutis-trabalhou-nestes-quatro-projetos-de-catequese","status":"publish","type":"post","link":"https:\/\/catolicanet.net\/wp-cnet\/carlo-acutis-trabalhou-nestes-quatro-projetos-de-catequese\/","title":{"rendered":"Carlo Acutis trabalhou nestes quatro projetos de catequese"},"content":{"rendered":"<div id=\"main_image_wrapper\" class=\"main_image_wrapper\">\n<div id=\"main_image_container\" class=\"main_image_container\">\n<div class=\"main_caption\" style=\"text-align: justify;\">Carlo Acutis. Foto cedida: Nicola Gori, postulador da Causa de Beatifica\u00e7\u00e3o<\/div>\n<\/div>\n<\/div>\n<div class=\"custom_images\" style=\"text-align: justify;\"><\/div>\n<div>\n<p style=\"text-align: justify;\">Carlo Acutis, o adolescente italiano que faleceu aos 15 anos e ser\u00e1 beatificado em 10 de outubro, em Assis, trabalhou em quatro projetos de catequese.<\/p>\n<p style=\"text-align: justify;\">S\u00e3o quatro exposi\u00e7\u00f5es diferentes que o servo de Deus, conhecido por evangelizar atrav\u00e9s da internet, preparou para levar a forma\u00e7\u00e3o cat\u00f3lica aos jovens de sua idade e \u00e0s pessoas de todas as idades.<\/p>\n<p style=\"text-align: justify;\">A primeira \u00e9 sobre \u201cOs Milagres Eucar\u00edsticos no mundo\u201d, que \u00e9 composta por 163 pain\u00e9is que apresentam os principais Milagres Eucar\u00edsticos que foram reconhecidos pela\u00a0Igreja\u00a0em 20 pa\u00edses do mundo.<\/p>\n<p style=\"text-align: justify;\">Esta exposi\u00e7\u00e3o de Acutis, tamb\u00e9m chamado de ciberap\u00f3stolo da\u00a0Eucaristia, foi traduzida para 17 idiomas e visitou 500 par\u00f3quias na It\u00e1lia e mais de 10 mil par\u00f3quias em outros pa\u00edses.<\/p>\n<p style=\"text-align: justify;\">A segunda exposi\u00e7\u00e3o \u00e9 sobre \u201cOs chamados da\u00a0Virgem Maria\u201d e consiste na descri\u00e7\u00e3o de apari\u00e7\u00f5es e santu\u00e1rios marianos em 40 pa\u00edses.<\/p>\n<p style=\"text-align: justify;\">Carlo escreveu sobre a Virgem Maria que \u201c\u00e9 um modelo exemplar e o seu exemplo de f\u00e9, sustentado pela sua caridade perfeita, deve encorajar-nos a continuar o nosso caminho de santidade apesar das nossas fraquezas\u201d.<\/p>\n<p style=\"text-align: justify;\">Al\u00e9m disso, Carlo tamb\u00e9m trabalhou em uma exposi\u00e7\u00e3o sobre &#8220;Apari\u00e7\u00f5es de anjos e dem\u00f4nios&#8221; que est\u00e1 dispon\u00edvel em espanhol, ingl\u00eas, italiano e franc\u00eas.<\/p>\n<p style=\"text-align: justify;\">Este trabalho \u00e9 composto por 136 pain\u00e9is que descrevem relatos documentados de santos e sua rela\u00e7\u00e3o com anjos ou dem\u00f4nios durante sua\u00a0vida.<\/p>\n<p style=\"text-align: justify;\">Por fim, a Acutis preparou uma exposi\u00e7\u00e3o sobre o &#8220;Inferno, Purgat\u00f3rio e Para\u00edso&#8221; que atualmente est\u00e1 dispon\u00edvel em italiano, ingl\u00eas e franc\u00eas.<\/p>\n<p style=\"text-align: justify;\">A exposi\u00e7\u00e3o \u00e9 composta por 160 pain\u00e9is divididos em tr\u00eas temas: 20 sobre o inferno, 87 sobre o purgat\u00f3rio e 53 sobre o para\u00edso. Cada painel mostra o relato do ensinamento de um santo sobre esses tr\u00eas temas.<\/p>\n<p style=\"text-align: justify;\">Para obter mais informa\u00e7\u00f5es sobre as quatro exposi\u00e7\u00f5es, pode escrever para:\u00a0<a href=\"mailto:info@carloacutis.com\">info@carloacutis.com<\/a><\/p>\n<p style=\"text-align: justify;\">Exposi\u00e7\u00f5es em Assis<\/p>\n<p style=\"text-align: justify;\">Por ocasi\u00e3o das atividades de beatifica\u00e7\u00e3o de Carlo Acutis na cidade italiana de Assis, duas das exposi\u00e7\u00f5es realizadas pelo pr\u00f3ximo beato, a dos &#8220;Milagres Eucar\u00edsticos&#8221; e a das &#8220;Apari\u00e7\u00f5es Marianas&#8221;, foram inauguradas em 2 de outubro na Catedral de S\u00e3o Rufino e de Santa Maria dos Anjos.<\/p>\n<p style=\"text-align: justify;\"><em>Publicado originalmente em\u00a0<a href=\"https:\/\/www.aciprensa.com\/noticias\/carlo-acutis-trabajo-en-estos-cuatro-proyectos-de-catequesis-43069\">ACI Prensa.<\/a>\u00a0Traduzido e adaptado por Nath\u00e1lia Queiroz.<\/em><\/p>\n<\/div>\n","protected":false},"excerpt":{"rendered":"<p>Carlo Acutis. Foto cedida: Nicola Gori, postulador da Causa de Beatifica\u00e7\u00e3o Carlo Acutis, o adolescente italiano que faleceu aos 15 anos e ser\u00e1 beatificado em 10 de outubro, em Assis, trabalhou em quatro projetos de catequese. S\u00e3o quatro exposi\u00e7\u00f5es diferentes que o servo de Deus, conhecido por evangelizar atrav\u00e9s da internet, preparou para levar a [&hellip;]<\/p>\n","protected":false},"author":1,"featured_media":63175,"comment_status":"open","ping_status":"closed","sticky":false,"template":"","format":"standard","meta":{"footnotes":""},"categories":[4],"tags":[],"class_list":["post-63174","post","type-post","status-publish","format-standard","has-post-thumbnail","hentry","category-cotidiano"],"_links":{"self":[{"href":"https:\/\/catolicanet.net\/wp-cnet\/wp-json\/wp\/v2\/posts\/63174","targetHints":{"allow":["GET"]}}],"collection":[{"href":"https:\/\/catolicanet.net\/wp-cnet\/wp-json\/wp\/v2\/posts"}],"about":[{"href":"https:\/\/catolicanet.net\/wp-cnet\/wp-json\/wp\/v2\/types\/post"}],"author":[{"embeddable":true,"href":"https:\/\/catolicanet.net\/wp-cnet\/wp-json\/wp\/v2\/users\/1"}],"replies":[{"embeddable":true,"href":"https:\/\/catolicanet.net\/wp-cnet\/wp-json\/wp\/v2\/comments?post=63174"}],"version-history":[{"count":1,"href":"https:\/\/catolicanet.net\/wp-cnet\/wp-json\/wp\/v2\/posts\/63174\/revisions"}],"predecessor-version":[{"id":63176,"href":"https:\/\/catolicanet.net\/wp-cnet\/wp-json\/wp\/v2\/posts\/63174\/revisions\/63176"}],"wp:featuredmedia":[{"embeddable":true,"href":"https:\/\/catolicanet.net\/wp-cnet\/wp-json\/wp\/v2\/media\/63175"}],"wp:attachment":[{"href":"https:\/\/catolicanet.net\/wp-cnet\/wp-json\/wp\/v2\/media?parent=63174"}],"wp:term":[{"taxonomy":"category","embeddable":true,"href":"https:\/\/catolicanet.net\/wp-cnet\/wp-json\/wp\/v2\/categories?post=63174"},{"taxonomy":"post_tag","embeddable":true,"href":"https:\/\/catolicanet.net\/wp-cnet\/wp-json\/wp\/v2\/tags?post=63174"}],"curies":[{"name":"wp","href":"https:\/\/api.w.org\/{rel}","templated":true}]}}