{"id":63162,"date":"2020-10-08T09:36:59","date_gmt":"2020-10-08T12:36:59","guid":{"rendered":"https:\/\/catolicanet.net\/wp-cnet\/?p=63162"},"modified":"2020-10-08T12:38:21","modified_gmt":"2020-10-08T15:38:21","slug":"fratelli-tutti-compartilhada-pelo-mundo-islamico","status":"publish","type":"post","link":"https:\/\/catolicanet.net\/wp-cnet\/fratelli-tutti-compartilhada-pelo-mundo-islamico\/","title":{"rendered":"&#8220;Fratelli tutti&#8221;, compartilhada pelo mundo isl\u00e2mico"},"content":{"rendered":"<div class=\"article__subTitle\" style=\"text-align: justify;\">Abdellah Redouane, diretor do Centro Cultural Isl\u00e2mico da Grande Mesquita de Roma, define a enc\u00edclica do Papa Francisco \u201cFratelli tutti&#8221; como um dos \u201ctijolos para a constru\u00e7\u00e3o de uma s\u00f3lida rela\u00e7\u00e3o de amizade&#8221;<\/div>\n<div class=\"title__separator\" style=\"text-align: justify;\"><\/div>\n<div class=\"article__text \">\n<p style=\"text-align: justify;\"><b>Federico Piana- Vatican News<\/b><\/p>\n<p style=\"text-align: justify;\">A enc\u00edclica\u00a0<i><a href=\"http:\/\/www.vatican.va\/content\/francesco\/pt\/encyclicals\/documents\/papa-francesco_20201003_enciclica-fratelli-tutti.html\" target=\"_blank\" rel=\"external noopener noreferrer\">Fratelli tutti<\/a><\/i>\u00a0do Papa Francisco foi apreciada tamb\u00e9m no mundo isl\u00e2mico. As rea\u00e7\u00f5es ao documento que traz \u00e0 aten\u00e7\u00e3o do mundo inteiro os temas da fraternidade universal, migra\u00e7\u00e3o, justi\u00e7a social, novas rela\u00e7\u00f5es internacionais onde a \u00e9tica pode dominar e uma economia solid\u00e1ria e atenta \u00e0s necessidades dos pobres, registram satisfa\u00e7\u00e3o no mundo isl\u00e2mico e em algumas partes mesmo uma partilha da an\u00e1lise que o Pont\u00edfice faz dos males de nossa sociedade e de suas poss\u00edveis curas.<\/p>\n<div style=\"text-align: justify;\">\n<div class=\"article__embed article__embed--unwrap article__embed--dark\">\n<div class=\"article__innerTitle\">Ou\u00e7a e compartilhe!<\/div>\n<div>\n<!--[if lt IE 9]><script>document.createElement('audio');<\/script><![endif]-->\n<audio class=\"wp-audio-shortcode\" id=\"audio-63162-1\" preload=\"none\" style=\"width: 100%;\" controls=\"controls\"><source type=\"audio\/mpeg\" src=\"https:\/\/media.vaticannews.va\/media\/audio\/s1\/2020\/10\/08\/11\/135743723_F135743723.mp3?_=1\" \/><a href=\"https:\/\/media.vaticannews.va\/media\/audio\/s1\/2020\/10\/08\/11\/135743723_F135743723.mp3\">https:\/\/media.vaticannews.va\/media\/audio\/s1\/2020\/10\/08\/11\/135743723_F135743723.mp3<\/a><\/audio>\n<\/div>\n<\/div>\n<\/div>\n<h2 style=\"text-align: justify;\"><b>Abdellah Redouane: continuidade com Abu-Dhabi<\/b><\/h2>\n<p style=\"text-align: justify;\">Isto \u00e9 testemunhado por Abdellah Redouane, diretor do Centro Cultural Isl\u00e2mico da Grande Mesquita de Roma, que sublinha que a nova enc\u00edclica est\u00e1 em continuidade com o\u00a0<a href=\"http:\/\/www.vatican.va\/content\/francesco\/pt\/travels\/2019\/outside\/documents\/papa-francesco_20190204_documento-fratellanza-umana.html\" target=\"_blank\" rel=\"external noopener noreferrer\">documento sobre a Fraternidade Humana<\/a>, assinado em 2019 em Abu Dhabi entre o Papa Francisco e o Gr\u00e3o imame de Al-Azhar, Ahmad Al-Tayyeb.<\/p>\n<p style=\"text-align: justify;\">\u201cComo na enc\u00edclica\u00a0<i>Fratelli tutti<\/i>\u00a0&#8211; pondera &#8211; o documento de Abu Dhabi tamb\u00e9m fala de fraternidade humana. O Papa recorda isso, afirmando que Deus criou todos os seres humanos iguais em direitos, deveres e dignidade. E os chamou para viverem juntos como irm\u00e3os. Este \u00e9 um dos tijolos para a constru\u00e7\u00e3o de uma s\u00f3lida rela\u00e7\u00e3o de amizade tamb\u00e9m com o mundo isl\u00e2mico&#8221;. Enfim, Abdellah Redouane considera a mensagem da enc\u00edclica universal e pode fazer com &#8220;que todos possam se sentir envolvidos&#8221;.<\/p>\n<h2 style=\"text-align: justify;\"><b>Ajudar\u00e1 o di\u00e1logo e a liberdade religiosa<\/b><\/h2>\n<p style=\"text-align: justify;\">O diretor do Centro Cultural Isl\u00e2mico da Grande Mesquita de Roma tamb\u00e9m est\u00e1 convencido de que a\u00a0<i>Fratelli tutti<\/i>\u00a0dar\u00e1 origem a outro efeito positivo: poder\u00e1 favorecer o di\u00e1logo entre pessoas de v\u00e1rias religi\u00f5es, etnias e culturas e dar amplo apoio \u00e0 liberdade religiosa. &#8220;Porque o documento &#8211; afirma &#8211; d\u00e1 a todos uma oportunidade de refletir sobre estas quest\u00f5es, coloca uma perspectiva sobre os seres humanos, independentemente de suas cren\u00e7as religiosas ou pol\u00edticas\u201d. E tudo isso deveria levar a n\u00e3o querer mais construir muros, como o Papa pediu com fervor. &#8220;Certamente &#8211; diz Redouane &#8211; agora \u00e9 o momento de abrir todas as portas, n\u00e3o de construir muros que nos separam&#8221;.<\/p>\n<h2 style=\"text-align: justify;\"><b>O t\u00famulo de S\u00e3o Francisco, lugar simb\u00f3lico<\/b><\/h2>\n<p style=\"text-align: justify;\">E como mu\u00e7ulmano, Abdellah Redouane reconhece o t\u00famulo de S\u00e3o Francisco &#8211; onde o Papa assinou a enc\u00edclica &#8211; como um lugar altamente simb\u00f3lico, n\u00e3o apenas para os crist\u00e3os. &#8220;\u00c9 universalmente simb\u00f3lico\u201d. E acrescenta: \u201crevela como o esp\u00edrito do Santo est\u00e1 presente no Pont\u00edfice: por exemplo, basta lembrar que S\u00e3o Francisco tamb\u00e9m \u00e9 muito mencionado na Laudato si\u2019&#8221;.<\/p>\n<\/div>\n","protected":false},"excerpt":{"rendered":"<p>Abdellah Redouane, diretor do Centro Cultural Isl\u00e2mico da Grande Mesquita de Roma, define a enc\u00edclica do Papa Francisco \u201cFratelli tutti&#8221; como um dos \u201ctijolos para a constru\u00e7\u00e3o de uma s\u00f3lida rela\u00e7\u00e3o de amizade&#8221; Federico Piana- Vatican News A enc\u00edclica\u00a0Fratelli tutti\u00a0do Papa Francisco foi apreciada tamb\u00e9m no mundo isl\u00e2mico. As rea\u00e7\u00f5es ao documento que traz \u00e0 [&hellip;]<\/p>\n","protected":false},"author":1,"featured_media":63163,"comment_status":"open","ping_status":"closed","sticky":false,"template":"","format":"standard","meta":{"footnotes":""},"categories":[3],"tags":[],"class_list":["post-63162","post","type-post","status-publish","format-standard","has-post-thumbnail","hentry","category-vaticano"],"_links":{"self":[{"href":"https:\/\/catolicanet.net\/wp-cnet\/wp-json\/wp\/v2\/posts\/63162","targetHints":{"allow":["GET"]}}],"collection":[{"href":"https:\/\/catolicanet.net\/wp-cnet\/wp-json\/wp\/v2\/posts"}],"about":[{"href":"https:\/\/catolicanet.net\/wp-cnet\/wp-json\/wp\/v2\/types\/post"}],"author":[{"embeddable":true,"href":"https:\/\/catolicanet.net\/wp-cnet\/wp-json\/wp\/v2\/users\/1"}],"replies":[{"embeddable":true,"href":"https:\/\/catolicanet.net\/wp-cnet\/wp-json\/wp\/v2\/comments?post=63162"}],"version-history":[{"count":1,"href":"https:\/\/catolicanet.net\/wp-cnet\/wp-json\/wp\/v2\/posts\/63162\/revisions"}],"predecessor-version":[{"id":63164,"href":"https:\/\/catolicanet.net\/wp-cnet\/wp-json\/wp\/v2\/posts\/63162\/revisions\/63164"}],"wp:featuredmedia":[{"embeddable":true,"href":"https:\/\/catolicanet.net\/wp-cnet\/wp-json\/wp\/v2\/media\/63163"}],"wp:attachment":[{"href":"https:\/\/catolicanet.net\/wp-cnet\/wp-json\/wp\/v2\/media?parent=63162"}],"wp:term":[{"taxonomy":"category","embeddable":true,"href":"https:\/\/catolicanet.net\/wp-cnet\/wp-json\/wp\/v2\/categories?post=63162"},{"taxonomy":"post_tag","embeddable":true,"href":"https:\/\/catolicanet.net\/wp-cnet\/wp-json\/wp\/v2\/tags?post=63162"}],"curies":[{"name":"wp","href":"https:\/\/api.w.org\/{rel}","templated":true}]}}