{"id":6313,"date":"2015-08-07T18:35:45","date_gmt":"2015-08-07T21:35:45","guid":{"rendered":"http:\/\/catolicanet.net\/wp-cnet\/comissao-para-amazonia-planeja-atividades-para-o-quadrienio\/"},"modified":"2017-04-11T09:26:16","modified_gmt":"2017-04-11T12:26:16","slug":"comissao-para-amazonia-planeja-atividades-para-o-quadrienio","status":"publish","type":"post","link":"https:\/\/catolicanet.net\/wp-cnet\/comissao-para-amazonia-planeja-atividades-para-o-quadrienio\/","title":{"rendered":"Comiss\u00e3o para Amaz\u00f4nia planeja atividades para o quadri\u00eanio"},"content":{"rendered":"<p style=\"text-align: justify;\"><img decoding=\"async\" src=\"http:\/\/catolicanet.com.br\/images\/stories\/grupo amazonia 2015.jpg\" border=\"0\" align=\"left\" \/>Membros da Comiss\u00e3o Episcopal para a Amaz\u00f4nia da Confer\u00eancia Nacional dos Bispos do Brasil (CNBB) reuniram-se dias 4 e 5 de agosto, no Centro Cultural Mission\u00e1rio (CCM), em Bras\u00edlia, para definir o calend\u00e1rio de atividades para o quadri\u00eanio 2015-2019.<\/p>\n<p>Durante o encontro foram encaminhados os projetos priorit\u00e1rios para os pr\u00f3ximos quatro anos e definida a forma\u00e7\u00e3o do Comit\u00ea Nacional da Rede Eclesial Pan-Amaz\u00f4nica (Repam), cujos membros ser\u00e3o anunciados ap\u00f3s reuni\u00e3o em Manaus (AM), no dia 16 de agosto.<\/p>\n<p>O evento foi mediado pelo arcebispo em\u00e9rito de S\u00e3o Paulo (SP) e presidente da Comiss\u00e3o para a Amaz\u00f4nia, cardeal Cl\u00e1udio Hummes, que tamb\u00e9m falou sobre Enc\u00edclica do papa Francisco, \u201cLaudato Si: sobre o cuidado da casa comum\u201d.<\/p>\n<p>Valoriza\u00e7\u00e3o da Amaz\u00f4nia<\/p>\n<p>O bispo de Roraima, dom Roque Paloschi, destacou que, entre as a\u00e7\u00f5es priorit\u00e1rias, a Comiss\u00e3o dar\u00e1 continuidade ao trabalho de valoriza\u00e7\u00e3o da Amaz\u00f4nia, evidenciando o potencial da regi\u00e3o, mas tamb\u00e9m \u201cdenunciando as amea\u00e7as aos povos origin\u00e1rios e ao ecossistema\u201d.<\/p>\n<p>\u201c\u00c9 uma igreja que tamb\u00e9m vive no meio de muitos conflitos, como as amea\u00e7as aos povos ind\u00edgenas, ao meio ambiente e a destrui\u00e7\u00e3o promovida pelos grandes empreendimentos do governo. S\u00e3o situa\u00e7\u00f5es que assustam, mas n\u00e3o podemos ficar de bra\u00e7os cruzados, deitados em ber\u00e7o espl\u00eandido\u201d, disse dom Roque.<\/p>\n<p>Para este quadri\u00eanio est\u00e1 prevista a execu\u00e7\u00e3o do projeto de forma\u00e7\u00e3o do clero e lideran\u00e7as locais. A Comiss\u00e3o para a Amaz\u00f4nia buscar\u00e1 inspira\u00e7\u00e3o para os trabalhos \u00e0 luz das palavras do papa Francisco e da Enc\u00edclica \u201cLaudato Si\u201d, motivando as comunidades para o cuidado da casa comum.<\/p>\n<p>Dom Roque Paloschi recordou, ainda, a trajet\u00f3ria mission\u00e1ria da Igreja no Brasil presente na Amaz\u00f4nia, destacando a parceria de trabalhos entre as dioceses e congrega\u00e7\u00f5es religiosas que enviam mission\u00e1rios para a regi\u00e3o.<\/p>\n<p>Participaram da reuni\u00e3o o cardeal Cl\u00e1udio Hummes, dom Roque Paloschi, dom Moacyr Grechi, dom Erwin Kr\u00e4utler e dom S\u00e9rgio Castriani, com assessoria de irm\u00e3 Irene Lopes.<\/p>\n<p style=\"text-align: justify;\">Fonte: CNBB<\/p>\n","protected":false},"excerpt":{"rendered":"<p>Membros da Comiss\u00e3o Episcopal para a Amaz\u00f4nia da Confer\u00eancia Nacional dos Bispos do Brasil (CNBB) reuniram-se dias 4 e 5 de agosto, no Centro Cultural Mission\u00e1rio (CCM), em Bras\u00edlia, para definir o calend\u00e1rio de atividades para o quadri\u00eanio 2015-2019. Durante o encontro foram encaminhados os projetos priorit\u00e1rios para os pr\u00f3ximos quatro anos e definida a [&hellip;]<\/p>\n","protected":false},"author":1,"featured_media":0,"comment_status":"closed","ping_status":"closed","sticky":false,"template":"","format":"standard","meta":{"footnotes":""},"categories":[7],"tags":[],"class_list":["post-6313","post","type-post","status-publish","format-standard","hentry","category-cnbb"],"_links":{"self":[{"href":"https:\/\/catolicanet.net\/wp-cnet\/wp-json\/wp\/v2\/posts\/6313","targetHints":{"allow":["GET"]}}],"collection":[{"href":"https:\/\/catolicanet.net\/wp-cnet\/wp-json\/wp\/v2\/posts"}],"about":[{"href":"https:\/\/catolicanet.net\/wp-cnet\/wp-json\/wp\/v2\/types\/post"}],"author":[{"embeddable":true,"href":"https:\/\/catolicanet.net\/wp-cnet\/wp-json\/wp\/v2\/users\/1"}],"replies":[{"embeddable":true,"href":"https:\/\/catolicanet.net\/wp-cnet\/wp-json\/wp\/v2\/comments?post=6313"}],"version-history":[{"count":1,"href":"https:\/\/catolicanet.net\/wp-cnet\/wp-json\/wp\/v2\/posts\/6313\/revisions"}],"predecessor-version":[{"id":11177,"href":"https:\/\/catolicanet.net\/wp-cnet\/wp-json\/wp\/v2\/posts\/6313\/revisions\/11177"}],"wp:attachment":[{"href":"https:\/\/catolicanet.net\/wp-cnet\/wp-json\/wp\/v2\/media?parent=6313"}],"wp:term":[{"taxonomy":"category","embeddable":true,"href":"https:\/\/catolicanet.net\/wp-cnet\/wp-json\/wp\/v2\/categories?post=6313"},{"taxonomy":"post_tag","embeddable":true,"href":"https:\/\/catolicanet.net\/wp-cnet\/wp-json\/wp\/v2\/tags?post=6313"}],"curies":[{"name":"wp","href":"https:\/\/api.w.org\/{rel}","templated":true}]}}