{"id":63126,"date":"2020-10-07T09:16:41","date_gmt":"2020-10-07T12:16:41","guid":{"rendered":"https:\/\/catolicanet.net\/wp-cnet\/?p=63126"},"modified":"2020-10-07T12:17:36","modified_gmt":"2020-10-07T15:17:36","slug":"santa-se-refugiados-fortalecer-a-cooperacao-internacional","status":"publish","type":"post","link":"https:\/\/catolicanet.net\/wp-cnet\/santa-se-refugiados-fortalecer-a-cooperacao-internacional\/","title":{"rendered":"Santa S\u00e9: refugiados, fortalecer a coopera\u00e7\u00e3o internacional"},"content":{"rendered":"<div class=\"article__subTitle\" style=\"text-align: justify;\">A subsecret\u00e1ria do setor multilateral da Se\u00e7\u00e3o das Rela\u00e7\u00f5es com os Estados da Secretaria de Estado Vaticano, Francesca Di Giovanni, recordou a essencialidade do acesso \u00e0 educa\u00e7\u00e3o. Segundo ela, adotar pol\u00edticas que \u201cinvistam nos jovens refugiados e na educa\u00e7\u00e3o cont\u00ednua \u00e9 de import\u00e2ncia cr\u00edtica\u201d. \u00c9 tamb\u00e9m \u201cuma forma de proteger as crian\u00e7as do tr\u00e1fico de pessoas, do trabalho for\u00e7ado e de outras formas de escravid\u00e3o\u201d.<\/div>\n<div class=\"title__separator\" style=\"text-align: justify;\"><\/div>\n<div class=\"article__text \">\n<p style=\"text-align: justify;\"><b>Vatican News<\/b><\/p>\n<p style=\"text-align: justify;\">\u201cFortalecer a coopera\u00e7\u00e3o internacional e a solidariedade aos refugiados e comunidades de acolhimento atrav\u00e9s de uma partilha mais justa dos encargos.\u201d<\/p>\n<p style=\"text-align: justify;\">Foi o que disse a subsecret\u00e1ria do setor multilateral da Se\u00e7\u00e3o das Rela\u00e7\u00f5es com os Estados da Secretaria de Estado Vaticano, Francesca Di Giovanni, durante a 71\u00aa Comiss\u00e3o Executiva do Programa do Alto Comissariado das Na\u00e7\u00f5es Unidas para os Refugiados (Acnur), em Genebra, na Su\u00ed\u00e7a, nesta ter\u00e7a-feira (06\/10). A representante vaticano participou atrav\u00e9s de videoconfer\u00eancia como chefe da Delega\u00e7\u00e3o da Santa S\u00e9.<\/p>\n<h2 style=\"text-align: justify;\">Migrantes e refugiados \u201ctrabalhadores essenciais&#8221;<\/h2>\n<p style=\"text-align: justify;\">\u201cN\u00e3o podemos deixar que a proximidade geogr\u00e1fica de um Estado em situa\u00e7\u00f5es de crise seja o \u00fanico fator que determina a nossa responsabilidade partilhada, nem podemos esquecer que os talentos e compet\u00eancias dos refugiados s\u00e3o um recurso precioso\u201d, disse Francesca.<\/p>\n<p style=\"text-align: justify;\">A esse prop\u00f3sito, a dra. Di Giovanni recordou os v\u00e1rios migrantes e refugiados que, durante o confinamento por causa da pandemia da Covid-19, provaram ser \u201ctrabalhadores essenciais\u201d: \u201c\u00c9 importante que a sua contribui\u00e7\u00e3o em termos de compet\u00eancias seja reconhecida. Os refugiados podem e devem fazer parte da solu\u00e7\u00e3o\u201d, disse. Ao mesmo tempo, a representante da Santa S\u00e9 exortou \u201ca reconhecer a inestim\u00e1vel contribui\u00e7\u00e3o dos trabalhadores humanit\u00e1rios, incluindo as numerosas organiza\u00e7\u00f5es religiosas que oferecem hospitalidade e assist\u00eancia na linha de frente\u201d.<\/p>\n<p style=\"text-align: justify;\">A subsecret\u00e1ria indicou cinco \u201cpontos principais\u201d: primeiro, a necessidade de \u201cpromover e proteger os direitos fundamentais de todos os migrantes e refugiados\u201d, porque especialmente em tempos de pandemia \u201calgumas regras b\u00e1sicas\u201d a esse respeito foram ignoradas e at\u00e9 minadas, em particular o direito de buscar asilo e o princ\u00edpio cardinal de n\u00e3o-rejei\u00e7\u00e3o\u201d.<\/p>\n<h2 style=\"text-align: justify;\">Responsabilidade partilhada<\/h2>\n<p style=\"text-align: justify;\">Em segundo lugar, a refer\u00eancia \u00e0 \u201ccoopera\u00e7\u00e3o aut\u00eantica dentro da Comunidade internacional sobre o deslocamento interno\u201d: \u00e9 preciso \u201cuma abordagem mais coerente\u201d sobre este ponto, salientou Francesca, uma abordagem \u201cancorada na responsabilidade partilhada\u201d, a fim de \u201cgarantir prote\u00e7\u00e3o eficaz, obter solu\u00e7\u00f5es duradouras e salvar vidas\u201d.<\/p>\n<p style=\"text-align: justify;\">Foi central a reflex\u00e3o sobre os campos de refugiados que \u201cdevem permanecer como deveriam ser, ou seja, solu\u00e7\u00f5es tempor\u00e1rias para uma emerg\u00eancia\u201d, disse a subsecret\u00e1ria. Em vez disso, cada vez mais h\u00e1 \u201csuperlota\u00e7\u00e3o e condi\u00e7\u00f5es de seguran\u00e7a, vida e sa\u00fade prec\u00e1rias. Esta \u00e9 uma preocupa\u00e7\u00e3o realmente urgente que merece toda a nossa aten\u00e7\u00e3o\u201d, reiterou Francesca. Ela chamou tamb\u00e9m a aten\u00e7\u00e3o \u201cpara os abusos dos direitos humanos e as condi\u00e7\u00f5es deplor\u00e1veis vividas por migrantes e refugiados detidos na L\u00edbia\u201d: \u00e9 necess\u00e1rio \u201capoiar os esfor\u00e7os para transferi-los para pa\u00edses terceiros seguros onde seus pedidos de asilo sejam tratados num tempo ligeiro\u201d.<\/p>\n<h2 style=\"text-align: justify;\">Import\u00e2ncia do acesso \u00e0 educa\u00e7\u00e3o<\/h2>\n<p style=\"text-align: justify;\">A essencialidade do acesso \u00e0 educa\u00e7\u00e3o foi o quarto ponto fundamental destacado pela representante vaticano. Segundo ela, adotar pol\u00edticas que \u201cinvistam nos jovens refugiados e na educa\u00e7\u00e3o cont\u00ednua \u00e9 de import\u00e2ncia cr\u00edtica\u201d. \u00c9 tamb\u00e9m \u201cuma forma de proteger as crian\u00e7as do tr\u00e1fico de pessoas, do trabalho for\u00e7ado e de outras formas de escravid\u00e3o\u201d.<\/p>\n<p style=\"text-align: justify;\">Como quinta e \u00faltima sugest\u00e3o, a subsecret\u00e1ria lembrou \u201ca necessidade de expandir o n\u00famero e a gama de percursos jur\u00eddicos alternativos para o reassentamento seguro e volunt\u00e1rio\u201d de migrantes, fornecendo \u201cvistos tempor\u00e1rios especiais para refugiados em situa\u00e7\u00f5es particularmente vulner\u00e1veis\u201d e incluindo \u201ca garantia do direito de todos de viver e prosperar com dignidade, na paz e seguran\u00e7a em seus pa\u00edses de origem\u201d. \u201cAssim como estamos comprometidos com o combate \u00e0 pandemia da Covid-19, devemos nos comprometer, com a mesma convic\u00e7\u00e3o para enfrentar as causas radicais da migra\u00e7\u00e3o for\u00e7ada\u201d, a fim de encontrar \u201csolu\u00e7\u00f5es duradouras baseadas no multilateralismo eficaz, centrado na pessoa humana\u201d, concluiu Francesca.<\/p>\n<p style=\"text-align: justify;\">Vatican News Service \u2013 IP\/MJ<\/p>\n<\/div>\n","protected":false},"excerpt":{"rendered":"<p>A subsecret\u00e1ria do setor multilateral da Se\u00e7\u00e3o das Rela\u00e7\u00f5es com os Estados da Secretaria de Estado Vaticano, Francesca Di Giovanni, recordou a essencialidade do acesso \u00e0 educa\u00e7\u00e3o. Segundo ela, adotar pol\u00edticas que \u201cinvistam nos jovens refugiados e na educa\u00e7\u00e3o cont\u00ednua \u00e9 de import\u00e2ncia cr\u00edtica\u201d. \u00c9 tamb\u00e9m \u201cuma forma de proteger as crian\u00e7as do tr\u00e1fico de [&hellip;]<\/p>\n","protected":false},"author":1,"featured_media":63127,"comment_status":"open","ping_status":"closed","sticky":false,"template":"","format":"standard","meta":{"footnotes":""},"categories":[3],"tags":[],"class_list":["post-63126","post","type-post","status-publish","format-standard","has-post-thumbnail","hentry","category-vaticano"],"_links":{"self":[{"href":"https:\/\/catolicanet.net\/wp-cnet\/wp-json\/wp\/v2\/posts\/63126","targetHints":{"allow":["GET"]}}],"collection":[{"href":"https:\/\/catolicanet.net\/wp-cnet\/wp-json\/wp\/v2\/posts"}],"about":[{"href":"https:\/\/catolicanet.net\/wp-cnet\/wp-json\/wp\/v2\/types\/post"}],"author":[{"embeddable":true,"href":"https:\/\/catolicanet.net\/wp-cnet\/wp-json\/wp\/v2\/users\/1"}],"replies":[{"embeddable":true,"href":"https:\/\/catolicanet.net\/wp-cnet\/wp-json\/wp\/v2\/comments?post=63126"}],"version-history":[{"count":1,"href":"https:\/\/catolicanet.net\/wp-cnet\/wp-json\/wp\/v2\/posts\/63126\/revisions"}],"predecessor-version":[{"id":63128,"href":"https:\/\/catolicanet.net\/wp-cnet\/wp-json\/wp\/v2\/posts\/63126\/revisions\/63128"}],"wp:featuredmedia":[{"embeddable":true,"href":"https:\/\/catolicanet.net\/wp-cnet\/wp-json\/wp\/v2\/media\/63127"}],"wp:attachment":[{"href":"https:\/\/catolicanet.net\/wp-cnet\/wp-json\/wp\/v2\/media?parent=63126"}],"wp:term":[{"taxonomy":"category","embeddable":true,"href":"https:\/\/catolicanet.net\/wp-cnet\/wp-json\/wp\/v2\/categories?post=63126"},{"taxonomy":"post_tag","embeddable":true,"href":"https:\/\/catolicanet.net\/wp-cnet\/wp-json\/wp\/v2\/tags?post=63126"}],"curies":[{"name":"wp","href":"https:\/\/api.w.org\/{rel}","templated":true}]}}