{"id":63120,"date":"2020-10-07T09:11:17","date_gmt":"2020-10-07T12:11:17","guid":{"rendered":"https:\/\/catolicanet.net\/wp-cnet\/?p=63120"},"modified":"2020-10-07T12:13:26","modified_gmt":"2020-10-07T15:13:26","slug":"francisco-a-academia-das-ciencias-inovacoes-cientificas-e-inclusao-social","status":"publish","type":"post","link":"https:\/\/catolicanet.net\/wp-cnet\/francisco-a-academia-das-ciencias-inovacoes-cientificas-e-inclusao-social\/","title":{"rendered":"Francisco \u00e0 Academia das Ci\u00eancias: inova\u00e7\u00f5es cient\u00edficas e inclus\u00e3o social"},"content":{"rendered":"<div class=\"article__subTitle\" style=\"text-align: justify;\">&#8220;Como seria bom se, ao aumento das inova\u00e7\u00f5es cient\u00edficas e tecnol\u00f3gicas, correspondesse tamb\u00e9m uma equidade e uma inclus\u00e3o social cada vez maior!&#8221;. S\u00e3o os votos do Papa Francisco na Mensagem dirigida \u00e0 Pontif\u00edcia Academia das Ci\u00eancias por ocasi\u00e3o da Plen\u00e1ria virtual<\/div>\n<div class=\"title__separator\" style=\"text-align: justify;\"><\/div>\n<div class=\"article__text \">\n<p style=\"text-align: justify;\"><b>Jane Nogara &#8211; Vatican News<\/b><\/p>\n<p style=\"text-align: justify;\">O Papa Francisco enviou uma mensagem \u00e0 Pontif\u00edcia Academia das Ci\u00eancias por ocasi\u00e3o da Plen\u00e1ria virtual que se realiza de 7 a 9 de outubro. O Pont\u00edfice iniciou sua mensagem agradecendo o tema da Plen\u00e1ria deste ano que \u201cse compromete em colocar a pesquisa cient\u00edfica de base ao servi\u00e7o da sa\u00fade do nosso planeta e de seus habitantes, especialmente os mais pobres e desfavorecidos\u201d. Recorda que \u00e9 um tema de profunda import\u00e2ncia para toda a humanidade \u201ccom a concentra\u00e7\u00e3o da no\u00e7\u00e3o de ci\u00eancia ao servi\u00e7o das pessoas para a sobreviv\u00eancia da humanidade na pandemia da Covid-19 e em outras quest\u00f5es globais\u201d.<\/p>\n<h2 style=\"text-align: justify;\"><b>Superconectados, mas com fragmenta\u00e7\u00f5es<\/b><\/h2>\n<p style=\"text-align: justify;\">Francisco recorda as falsas seguran\u00e7as que se manifestaram citando a recente enc\u00edclica \u201c<a href=\"http:\/\/www.vatican.va\/content\/francesco\/pt\/encyclicals\/documents\/papa-francesco_20201003_enciclica-fratelli-tutti.html\" target=\"_blank\" rel=\"external noopener noreferrer\">Fratello tutti<\/a>\u201d: \u201cApesar de estarmos superconectados, verificou-se uma fragmenta\u00e7\u00e3o que tornou mais dif\u00edcil resolver os problemas que nos afetam a todos\u201d (cf. n. 7). Portanto \u00e9 significativo que esta sess\u00e3o plen\u00e1ria virtual da Academia re\u00fana v\u00e1rias disciplinas cient\u00edficas diferentes; neste sentido, ela oferece um exemplo de como os desafios da crise da COVID-19 devem ser enfrentados atrav\u00e9s de esfor\u00e7os coordenados ao servi\u00e7o de toda a fam\u00edlia humana.<\/p>\n<h2 style=\"text-align: justify;\"><b>Ver no outro um portador de v\u00edrus<\/b><\/h2>\n<p style=\"text-align: justify;\">\u201cComo sabemos \u2013 continua o Pont\u00edfice &#8211; o v\u00edrus, afetando a sa\u00fade das pessoas, tamb\u00e9m afetou todo o tecido social, econ\u00f4mico e espiritual da sociedade, paralisando as rela\u00e7\u00f5es humanas, o trabalho, a produ\u00e7\u00e3o, o com\u00e9rcio e at\u00e9 mesmo muitas atividades espirituais. Com enorme impacto sobre a educa\u00e7\u00e3o\u201d. E o Papa recorda as consequ\u00eancias desta realidade:<\/p>\n<div style=\"text-align: justify;\">\n<div class=\"article__embed article__embed--border embed_style\">\n<blockquote><p>\u201cN\u00e3o poder ver o rosto de uma pessoa e considerar outras pessoas como portadores potenciais do v\u00edrus \u00e9 uma terr\u00edvel met\u00e1fora para uma crise social global que deve preocupar todos aqueles que se preocupam com o futuro da humanidade\u201d. Por isso conclui \u201cnenhum de n\u00f3s pode deixar de estar preocupado com o impacto da crise sobre os pobres do mundo\u201d<\/p><\/blockquote>\n<\/div>\n<\/div>\n<h2 style=\"text-align: justify;\"><b>Prefer\u00eancia pelos pobres<\/b><\/h2>\n<p style=\"text-align: justify;\">\u201cSe tiver que dar prefer\u00eancia a algu\u00e9m \u2013 reitera o Papa &#8211; que seja o mais necessitado e vulner\u00e1vel entre n\u00f3s.\u00a0 Da mesma forma, quando as vacinas estiverem dispon\u00edveis, devemos assegurar o acesso justo a elas independentemente da renda, sempre come\u00e7ando pelos \u00faltimos&#8221;.<\/p>\n<h2 style=\"text-align: justify;\"><b>Convers\u00e3o para uma ecologia humana<\/b><\/h2>\n<p style=\"text-align: justify;\">O Papa recorda suas enc\u00edclicas ao falar sobre a convers\u00e3o ecol\u00f3gica: \u201cA chegada da pandemia, no contexto mais amplo do aquecimento global, da crise ecol\u00f3gica e da tr\u00e1gica perda da biodiversidade, constitui um apelo para que nossa fam\u00edlia humana reveja seu curso, se arrependa e empreenda uma convers\u00e3o ecol\u00f3gica (cf.\u00a0<i>Laudato si\u2019<\/i>, nn. 216-221). Uma convers\u00e3o que se baseia em todos os dons e talentos dados por Deus a fim de promover uma &#8216;ecologia humana&#8217; digna de nossa inata dignidade e de nosso destino comum\u201d.<\/p>\n<h2 style=\"text-align: justify;\"><b>Fratelli tutti<\/b><\/h2>\n<p style=\"text-align: justify;\">Francisco cita a\u00a0<i>Fratelli tutti<\/i>\u00a0ao saudar os acad\u00eamicos: \u201cComo seria bom se, ao aumento das inova\u00e7\u00f5es cient\u00edficas e tecnol\u00f3gicas, correspondesse tamb\u00e9m uma equidade e uma inclus\u00e3o social cada vez maior! Como seria bom se, enquanto descobrimos novos planetas long\u00ednquos, tamb\u00e9m descobr\u00edssemos as necessidades do irm\u00e3o e da irm\u00e3 que orbitam ao nosso redor!\u201d. (n. 31)<\/p>\n<h2 style=\"text-align: justify;\"><b>Responsabilidade dos cientistas<\/b><\/h2>\n<p style=\"text-align: justify;\">Por fim o Pont\u00edfice recorda a import\u00e2ncia dos cientistas nas responsabilidades das a\u00e7\u00f5es em prol do bem comum: \u201cPor maior que seja a responsabilidade dos pol\u00edticos, ela n\u00e3o isenta os cientistas de reconhecerem suas responsabilidades \u00e9ticas num esfor\u00e7o para acabar n\u00e3o apenas com a produ\u00e7\u00e3o, posse e uso de armas nucleares, mas tamb\u00e9m com o desenvolvimento de armas biol\u00f3gicas, com seu potencial de devastar civis inocentes e, de fato, povos inteiros\u201d.<\/p>\n<\/div>\n","protected":false},"excerpt":{"rendered":"<p>&#8220;Como seria bom se, ao aumento das inova\u00e7\u00f5es cient\u00edficas e tecnol\u00f3gicas, correspondesse tamb\u00e9m uma equidade e uma inclus\u00e3o social cada vez maior!&#8221;. S\u00e3o os votos do Papa Francisco na Mensagem dirigida \u00e0 Pontif\u00edcia Academia das Ci\u00eancias por ocasi\u00e3o da Plen\u00e1ria virtual Jane Nogara &#8211; Vatican News O Papa Francisco enviou uma mensagem \u00e0 Pontif\u00edcia Academia [&hellip;]<\/p>\n","protected":false},"author":1,"featured_media":63121,"comment_status":"open","ping_status":"closed","sticky":false,"template":"","format":"standard","meta":{"footnotes":""},"categories":[3],"tags":[],"class_list":["post-63120","post","type-post","status-publish","format-standard","has-post-thumbnail","hentry","category-vaticano"],"_links":{"self":[{"href":"https:\/\/catolicanet.net\/wp-cnet\/wp-json\/wp\/v2\/posts\/63120","targetHints":{"allow":["GET"]}}],"collection":[{"href":"https:\/\/catolicanet.net\/wp-cnet\/wp-json\/wp\/v2\/posts"}],"about":[{"href":"https:\/\/catolicanet.net\/wp-cnet\/wp-json\/wp\/v2\/types\/post"}],"author":[{"embeddable":true,"href":"https:\/\/catolicanet.net\/wp-cnet\/wp-json\/wp\/v2\/users\/1"}],"replies":[{"embeddable":true,"href":"https:\/\/catolicanet.net\/wp-cnet\/wp-json\/wp\/v2\/comments?post=63120"}],"version-history":[{"count":1,"href":"https:\/\/catolicanet.net\/wp-cnet\/wp-json\/wp\/v2\/posts\/63120\/revisions"}],"predecessor-version":[{"id":63122,"href":"https:\/\/catolicanet.net\/wp-cnet\/wp-json\/wp\/v2\/posts\/63120\/revisions\/63122"}],"wp:featuredmedia":[{"embeddable":true,"href":"https:\/\/catolicanet.net\/wp-cnet\/wp-json\/wp\/v2\/media\/63121"}],"wp:attachment":[{"href":"https:\/\/catolicanet.net\/wp-cnet\/wp-json\/wp\/v2\/media?parent=63120"}],"wp:term":[{"taxonomy":"category","embeddable":true,"href":"https:\/\/catolicanet.net\/wp-cnet\/wp-json\/wp\/v2\/categories?post=63120"},{"taxonomy":"post_tag","embeddable":true,"href":"https:\/\/catolicanet.net\/wp-cnet\/wp-json\/wp\/v2\/tags?post=63120"}],"curies":[{"name":"wp","href":"https:\/\/api.w.org\/{rel}","templated":true}]}}