{"id":63112,"date":"2020-10-06T09:35:46","date_gmt":"2020-10-06T12:35:46","guid":{"rendered":"https:\/\/catolicanet.net\/wp-cnet\/?p=63112"},"modified":"2020-10-06T12:36:47","modified_gmt":"2020-10-06T15:36:47","slug":"voce-esta-realmente-atento-a-palavra-do-senhor-faca-o-teste","status":"publish","type":"post","link":"https:\/\/catolicanet.net\/wp-cnet\/voce-esta-realmente-atento-a-palavra-do-senhor-faca-o-teste\/","title":{"rendered":"Voc\u00ea est\u00e1 realmente atento \u00e0 Palavra do Senhor? Fa\u00e7a o teste"},"content":{"rendered":"<h2 class=\"subtitle\" style=\"text-align: justify;\">A Palavra transmitir\u00e1 a sua chama se a colocarmos junto ao nosso cora\u00e7\u00e3o. Veja como fazer isso realmente bem<\/h2>\n<p style=\"text-align: justify;\"><span class=\"css-1q1joro\">Fa\u00e7a este pequeno exerc\u00edcio pr\u00e1tico. Pegue uma folha de papel e, depois de ler atentamente a Palavra do Senhor (Evangelho), feche-o e escreva na folha de papel o que guardou na mente depois de ter lido ele. Releia o texto e compare o que voc\u00ea escreveu com o original. Claro, haver\u00e1 lacunas, imprecis\u00f5es, pontos cegos e falsidades.<\/span><\/p>\n<p style=\"text-align: justify;\"><span class=\"css-1q1joro\">Em suma, muitas vezes lemos num artigo o que queremos ler. A verdadeira aten\u00e7\u00e3o \u00e9 uma quest\u00e3o de amor. Quando o amor deseja para si mesmo, a mem\u00f3ria \u00e9 sempre seletiva. Mas se o amor quiser agradar, ent\u00e3o os olhos e os ouvidos ret\u00eam at\u00e9 os menores detalhes. Portanto, a aten\u00e7\u00e3o, assim como a boa mem\u00f3ria, s\u00e3o uns testes terr\u00edveis mesmo quando se trata de testar nosso amor pelo Senhor e sua Palavra.<\/span><\/p>\n<h3 style=\"text-align: justify;\"><b>Conhecer e abra\u00e7ar a Palavra<\/b><\/h3>\n<p style=\"text-align: justify;\"><span class=\"css-1q1joro\">De fato, se ouvirmos \u201csorvete de chocolate\u201d ou \u201cbolo da vov\u00f3\u201d, nossa mente acorda. Est\u00e1 escutando. No entanto, a realidade que se formou nos atrai. O mesmo acontece com o Pai quando escuta seu Filho: Ele o ama. Suas palavras s\u00e3o suas palavras. Por\u00e9m, o amor que o Pai tem pelo seu Filho produz nele uma realidade que O atrai ao Filho, como a mim aspira a imagem interior de um bolo. Esta realidade que se forma em Deus para o Filho e que os une, isso \u00e9 o Esp\u00edrito.<\/span><\/p>\n<p style=\"text-align: justify;\"><span class=\"css-1q1joro\">Se esse Esp\u00edrito foi dado para n\u00f3s, nosso esp\u00edrito se torna como o do Pai, magnetizado atrav\u00e9s do Filho. As palavras do Filho tornam-se nossas, seus pensamentos mais preciosos que os nossos. Melhor! Assim, procuramos em suas palavras o sentido pleno para resgatar a for\u00e7a e os toques dos seus sabores. Moldados pelas\u00a0Escrituras, gostar\u00edamos de conhec\u00ea-lo pessoalmente e beij\u00e1-lo. como um apaixonado que beija uma carta de amor.<\/span><\/p>\n<p style=\"text-align: justify;\"><span class=\"css-1q1joro\">Enfim, a Palavra, no come\u00e7o fria como uma pedra de s\u00edlex, transmitir\u00e1 a sua chama se esfregamos ela um pouco contra nosso cora\u00e7\u00e3o.<\/span><\/p>\n","protected":false},"excerpt":{"rendered":"<p>A Palavra transmitir\u00e1 a sua chama se a colocarmos junto ao nosso cora\u00e7\u00e3o. Veja como fazer isso realmente bem Fa\u00e7a este pequeno exerc\u00edcio pr\u00e1tico. Pegue uma folha de papel e, depois de ler atentamente a Palavra do Senhor (Evangelho), feche-o e escreva na folha de papel o que guardou na mente depois de ter lido [&hellip;]<\/p>\n","protected":false},"author":1,"featured_media":63113,"comment_status":"open","ping_status":"closed","sticky":false,"template":"","format":"standard","meta":{"footnotes":""},"categories":[4],"tags":[],"class_list":["post-63112","post","type-post","status-publish","format-standard","has-post-thumbnail","hentry","category-cotidiano"],"_links":{"self":[{"href":"https:\/\/catolicanet.net\/wp-cnet\/wp-json\/wp\/v2\/posts\/63112","targetHints":{"allow":["GET"]}}],"collection":[{"href":"https:\/\/catolicanet.net\/wp-cnet\/wp-json\/wp\/v2\/posts"}],"about":[{"href":"https:\/\/catolicanet.net\/wp-cnet\/wp-json\/wp\/v2\/types\/post"}],"author":[{"embeddable":true,"href":"https:\/\/catolicanet.net\/wp-cnet\/wp-json\/wp\/v2\/users\/1"}],"replies":[{"embeddable":true,"href":"https:\/\/catolicanet.net\/wp-cnet\/wp-json\/wp\/v2\/comments?post=63112"}],"version-history":[{"count":1,"href":"https:\/\/catolicanet.net\/wp-cnet\/wp-json\/wp\/v2\/posts\/63112\/revisions"}],"predecessor-version":[{"id":63114,"href":"https:\/\/catolicanet.net\/wp-cnet\/wp-json\/wp\/v2\/posts\/63112\/revisions\/63114"}],"wp:featuredmedia":[{"embeddable":true,"href":"https:\/\/catolicanet.net\/wp-cnet\/wp-json\/wp\/v2\/media\/63113"}],"wp:attachment":[{"href":"https:\/\/catolicanet.net\/wp-cnet\/wp-json\/wp\/v2\/media?parent=63112"}],"wp:term":[{"taxonomy":"category","embeddable":true,"href":"https:\/\/catolicanet.net\/wp-cnet\/wp-json\/wp\/v2\/categories?post=63112"},{"taxonomy":"post_tag","embeddable":true,"href":"https:\/\/catolicanet.net\/wp-cnet\/wp-json\/wp\/v2\/tags?post=63112"}],"curies":[{"name":"wp","href":"https:\/\/api.w.org\/{rel}","templated":true}]}}