{"id":63109,"date":"2020-10-06T09:29:47","date_gmt":"2020-10-06T12:29:47","guid":{"rendered":"https:\/\/catolicanet.net\/wp-cnet\/?p=63109"},"modified":"2020-10-06T12:35:24","modified_gmt":"2020-10-06T15:35:24","slug":"a-solidao-apertou-reze-esta-oracao-a-santa-faustina","status":"publish","type":"post","link":"https:\/\/catolicanet.net\/wp-cnet\/a-solidao-apertou-reze-esta-oracao-a-santa-faustina\/","title":{"rendered":"A solid\u00e3o apertou? Reze esta ora\u00e7\u00e3o \u00e0 Santa Faustina"},"content":{"rendered":"<h2 class=\"subtitle\" style=\"text-align: justify;\">Em seu Di\u00e1rio, Santa Faustina diz que Jesus &#8220;\u00e9 tudo para uma alma solit\u00e1ria&#8221;<\/h2>\n<p style=\"text-align: justify;\">A solid\u00e3o e o isolamento s\u00e3o dif\u00edceis de suportar. Todos n\u00f3s ansiamos naturalmente pelo afeto humano. Por\u00e9m, sentimentos de solid\u00e3o ocorrem at\u00e9 mesmo com uma fam\u00edlia que mora na mesma casa.<\/p>\n<p style=\"text-align: justify;\">Por outro lado, a pandemia do novo coronav\u00edrus aumentou o n\u00famero de pessoas que relatam sentir muita solid\u00e3o e ansiedade. Ali\u00e1s, j\u00e1 no come\u00e7o do isolamento,\u00a0<a href=\"https:\/\/www.who.int\/docs\/default-source\/coronaviruse\/mental-health-considerations.pdf?sfvrsn=6d3578af_2\" target=\"_blank\" rel=\"noopener noreferrer\">a OMS (Organiza\u00e7\u00e3o Mundial da Sa\u00fade) alertou para os cuidados com a sa\u00fade mental durante esse per\u00edodo.\u00a0<\/a><\/p>\n<p style=\"text-align: justify;\">Portanto, para driblar esse sentimento, nada melhor do que rezar. E recorrer, por exemplo, a Santa Faustina pode ser uma excelente op\u00e7\u00e3o.<\/p>\n<h3 style=\"text-align: justify;\">Santa Faustina<\/h3>\n<p style=\"text-align: justify;\">Santa Maria Faustina Kowalska nasceu em Crac\u00f3via (1905-1938). Foi uma freira e m\u00edstica polaca, contempor\u00e2nea de S\u00e3o Jo\u00e3o Paulo II. Escreveu um longo di\u00e1rio, assistida por Jesus. Ele a chamou de\u00a0 \u201cAp\u00f3stola\u201d ou \u201cSecret\u00e1ria da Divina Miseric\u00f3rdia\u201d. Para os te\u00f3logos, ela faz parte de um grupo dos mais not\u00e1veis m\u00edsticos do Cristianismo. Sua miss\u00e3o foi, principalmente, preparar o mundo para a segunda vinda de Cristo, pregando a Divina Miseric\u00f3rdia.<\/p>\n<h3 style=\"text-align: justify;\">Ora\u00e7\u00e3o a Santa Faustina<\/h3>\n<p style=\"text-align: justify;\">Em seu Di\u00e1rio, Santa Faustina nos oferece uma ora\u00e7\u00e3o para as chamadas \u201calmas solit\u00e1rias\u201d. A prece fala diretamente ao nosso cora\u00e7\u00e3o. E isso, ali\u00e1s, nos faz lembrar que Jesus est\u00e1 sempre l\u00e1 para nos ajudar. Ele, certamente, \u00e9 nosso amigo e nos far\u00e1 companhia quando todos os outros nos deixarem.<\/p>\n<div id=\"aleteia-welcome\" style=\"text-align: justify;\"><\/div>\n<p style=\"text-align: justify;\">Portanto, reze com f\u00e9:<\/p>\n<blockquote><p><em>Jesus, amigo de um cora\u00e7\u00e3o solit\u00e1rio, tu \u00e9s o meu porto, a minha paz.<\/em><br \/>\n<em>Tu \u00e9s a minha salva\u00e7\u00e3o,\u00a0<\/em><em>a minha serenidade nos momentos de luta e no meio de um oceano de d\u00favidas.<\/em><br \/>\n<em>Tu \u00e9s o raio brilhante que ilumina o caminho da minha vida, \u00e9s tudo para uma alma solit\u00e1ria.<\/em><br \/>\n<em>Compreendes a alma mesmo que ela permane\u00e7a em sil\u00eancio.<\/em><br \/>\n<em>Conheces nossas fraquezas e, como um bom m\u00e9dico, confortas e curas, poupando-nos de sofrimentos \u2013 especialista que \u00e9s.<\/em>\u00a0Am\u00e9m.<\/p><\/blockquote>\n","protected":false},"excerpt":{"rendered":"<p>Em seu Di\u00e1rio, Santa Faustina diz que Jesus &#8220;\u00e9 tudo para uma alma solit\u00e1ria&#8221; A solid\u00e3o e o isolamento s\u00e3o dif\u00edceis de suportar. Todos n\u00f3s ansiamos naturalmente pelo afeto humano. Por\u00e9m, sentimentos de solid\u00e3o ocorrem at\u00e9 mesmo com uma fam\u00edlia que mora na mesma casa. Por outro lado, a pandemia do novo coronav\u00edrus aumentou o [&hellip;]<\/p>\n","protected":false},"author":1,"featured_media":63110,"comment_status":"open","ping_status":"closed","sticky":false,"template":"","format":"standard","meta":{"footnotes":""},"categories":[4],"tags":[],"class_list":["post-63109","post","type-post","status-publish","format-standard","has-post-thumbnail","hentry","category-cotidiano"],"_links":{"self":[{"href":"https:\/\/catolicanet.net\/wp-cnet\/wp-json\/wp\/v2\/posts\/63109","targetHints":{"allow":["GET"]}}],"collection":[{"href":"https:\/\/catolicanet.net\/wp-cnet\/wp-json\/wp\/v2\/posts"}],"about":[{"href":"https:\/\/catolicanet.net\/wp-cnet\/wp-json\/wp\/v2\/types\/post"}],"author":[{"embeddable":true,"href":"https:\/\/catolicanet.net\/wp-cnet\/wp-json\/wp\/v2\/users\/1"}],"replies":[{"embeddable":true,"href":"https:\/\/catolicanet.net\/wp-cnet\/wp-json\/wp\/v2\/comments?post=63109"}],"version-history":[{"count":1,"href":"https:\/\/catolicanet.net\/wp-cnet\/wp-json\/wp\/v2\/posts\/63109\/revisions"}],"predecessor-version":[{"id":63111,"href":"https:\/\/catolicanet.net\/wp-cnet\/wp-json\/wp\/v2\/posts\/63109\/revisions\/63111"}],"wp:featuredmedia":[{"embeddable":true,"href":"https:\/\/catolicanet.net\/wp-cnet\/wp-json\/wp\/v2\/media\/63110"}],"wp:attachment":[{"href":"https:\/\/catolicanet.net\/wp-cnet\/wp-json\/wp\/v2\/media?parent=63109"}],"wp:term":[{"taxonomy":"category","embeddable":true,"href":"https:\/\/catolicanet.net\/wp-cnet\/wp-json\/wp\/v2\/categories?post=63109"},{"taxonomy":"post_tag","embeddable":true,"href":"https:\/\/catolicanet.net\/wp-cnet\/wp-json\/wp\/v2\/tags?post=63109"}],"curies":[{"name":"wp","href":"https:\/\/api.w.org\/{rel}","templated":true}]}}