{"id":63101,"date":"2020-10-06T09:22:42","date_gmt":"2020-10-06T12:22:42","guid":{"rendered":"https:\/\/catolicanet.net\/wp-cnet\/?p=63101"},"modified":"2020-10-06T12:23:52","modified_gmt":"2020-10-06T15:23:52","slug":"com-uma-programacao-virtual-cnbb-marcara-a-celebracao-de-seus-68-anos-no-proximo-dia-14-de-outubro","status":"publish","type":"post","link":"https:\/\/catolicanet.net\/wp-cnet\/com-uma-programacao-virtual-cnbb-marcara-a-celebracao-de-seus-68-anos-no-proximo-dia-14-de-outubro\/","title":{"rendered":"COM UMA PROGRAMA\u00c7\u00c3O VIRTUAL, CNBB MARCAR\u00c1 A CELEBRA\u00c7\u00c3O DE SEUS 68 ANOS NO PR\u00d3XIMO DIA 14 DE OUTUBRO"},"content":{"rendered":"<p style=\"text-align: justify;\">A Confer\u00eancia Nacional dos Bispos do Brasil (CNBB), respeitando as regras do distanciamento social e\u00a0 medidas sanit\u00e1rias exigidas para evitar a propaga\u00e7\u00e3o do novo Coronav\u00edrus, organizou uma programa\u00e7\u00e3o especial com tr\u00eas eventos virtuais para marcar os seus 68 anos no pr\u00f3ximo dia 14 de outubro.<\/p>\n<p style=\"text-align: justify;\">A comemora\u00e7\u00e3o come\u00e7a pela manh\u00e3, \u00e0s 9h, com um missa no Santu\u00e1rio de Nossa Senhora da Piedade,\u00a0 celebrada pelo arcebispo da arquidiocese de Belo Horizonte e presidente da CNBB, dom Walmor Oliveira de Azevedo.<\/p>\n<p style=\"text-align: justify;\">\u00c0s 15h30, hor\u00e1rio em que habitualmente j\u00e1 se reza o Ter\u00e7o Esperan\u00e7a e da Solidariedade, os colaboradores da entidade rezar\u00e3o um ter\u00e7o nas inten\u00e7\u00f5es da Confer\u00eancia e da Igreja no Brasil. O ter\u00e7o ser\u00e1 transmitido pelas TVs de inspira\u00e7\u00e3o cat\u00f3lica do pa\u00eds.<\/p>\n<p style=\"text-align: justify;\">O\u00a0bispo auxiliar do Rio de Janeiro e secret\u00e1rio-geral da CNBB, dom Joel Portella Amado, adianta que haver\u00e1 no ter\u00e7o um pouco do mosaico que \u00e9 a vida da CNBB, uma vida din\u00e2mica, fraterna e servidora, mas nem sempre conhecida.\u00a0\u201cEmbora sendo um organismo dos bispos, sem a colabora\u00e7\u00e3o de tantos cora\u00e7\u00f5es generosos e abnegados, a CNBB n\u00e3o cumpriria sua fun\u00e7\u00e3o\u201d, disse<\/p>\n<h3 style=\"text-align: justify;\">Hist\u00f3ria, identidade e futuro da CNBB<\/h3>\n<figure id=\"attachment_250143\" class=\"wp-caption alignright\" style=\"text-align: justify;\" aria-describedby=\"caption-attachment-250143\"><img loading=\"lazy\" decoding=\"async\" class=\"wp-image-250143 size-full lazyloaded\" src=\"https:\/\/eadn-wc02-718006.nxedge.io\/cdn\/wp-content\/uploads\/2020\/10\/Celebra%C3%A7%C3%A3o-dos-67-anos.jpg\" alt=\"\" width=\"300\" height=\"169\" data-src=\"https:\/\/eadn-wc02-718006.nxedge.io\/cdn\/wp-content\/uploads\/2020\/10\/Celebra\u00e7\u00e3o-dos-67-anos.jpg\" \/><figcaption id=\"caption-attachment-250143\" class=\"wp-caption-text\">Celebra\u00e7\u00e3o dos 67 anos, em 2019, na sede em Bras\u00edlia-DF. Fotos: Comunica\u00e7\u00e3o CNBB<\/figcaption><\/figure>\n<p style=\"text-align: justify;\">Uma live, \u00e0s 17h, com dois ex-presidentes da CNBB, dom Raymundo Damasceno e dom Sergio da Rocha e o atual presidente, dom Walmor de Oliveira, vai falar sobre a hist\u00f3ria, a identidade e o futuro da confer\u00eancia.<\/p>\n<p style=\"text-align: justify;\">A live ser\u00e1 mediada pelo padre Patriky Samuel, secret\u00e1rio-executivo de Campanhas da CNBB e transmitida pelas redes sociais da entidade.<\/p>\n<p style=\"text-align: justify;\">O secret\u00e1rio-geral refor\u00e7a que a celebra\u00e7\u00e3o dos 68 anos da CNBB ocorre num momento quem que a institui\u00e7\u00e3o est\u00e1 vivendo um desafio assumido com muita esperan\u00e7a: a revis\u00e3o de seu estatuto. \u201cTemos, com o novo Estatuto, o desejo de corresponder ao caminhar da Igreja nas \u00faltimas d\u00e9cadas\u201d, disse.<\/p>\n<p style=\"text-align: justify;\">Dom Joel explicou que o novo Estatuto tem como grande refer\u00eancia a Miss\u00e3o sem a qual a Igreja perderia sua identidade. \u201cNum mundo, por\u00e9m, bastante plural e diversificado, o cumprimento da miss\u00e3o s\u00f3 pode se dar em um clima de sinodalidade, ou seja, de di\u00e1logo, na escuta e na partilha de compreens\u00f5es e perspectivas. Por isso, as duas refer\u00eancias maiores para o novo Estatuto s\u00e3o a Miss\u00e3o e a Sinodalidade\u201d, afirmou.<\/p>\n","protected":false},"excerpt":{"rendered":"<p>A Confer\u00eancia Nacional dos Bispos do Brasil (CNBB), respeitando as regras do distanciamento social e\u00a0 medidas sanit\u00e1rias exigidas para evitar a propaga\u00e7\u00e3o do novo Coronav\u00edrus, organizou uma programa\u00e7\u00e3o especial com tr\u00eas eventos virtuais para marcar os seus 68 anos no pr\u00f3ximo dia 14 de outubro. A comemora\u00e7\u00e3o come\u00e7a pela manh\u00e3, \u00e0s 9h, com um missa [&hellip;]<\/p>\n","protected":false},"author":1,"featured_media":63102,"comment_status":"open","ping_status":"closed","sticky":false,"template":"","format":"standard","meta":{"footnotes":""},"categories":[7],"tags":[],"class_list":["post-63101","post","type-post","status-publish","format-standard","has-post-thumbnail","hentry","category-cnbb"],"_links":{"self":[{"href":"https:\/\/catolicanet.net\/wp-cnet\/wp-json\/wp\/v2\/posts\/63101","targetHints":{"allow":["GET"]}}],"collection":[{"href":"https:\/\/catolicanet.net\/wp-cnet\/wp-json\/wp\/v2\/posts"}],"about":[{"href":"https:\/\/catolicanet.net\/wp-cnet\/wp-json\/wp\/v2\/types\/post"}],"author":[{"embeddable":true,"href":"https:\/\/catolicanet.net\/wp-cnet\/wp-json\/wp\/v2\/users\/1"}],"replies":[{"embeddable":true,"href":"https:\/\/catolicanet.net\/wp-cnet\/wp-json\/wp\/v2\/comments?post=63101"}],"version-history":[{"count":1,"href":"https:\/\/catolicanet.net\/wp-cnet\/wp-json\/wp\/v2\/posts\/63101\/revisions"}],"predecessor-version":[{"id":63103,"href":"https:\/\/catolicanet.net\/wp-cnet\/wp-json\/wp\/v2\/posts\/63101\/revisions\/63103"}],"wp:featuredmedia":[{"embeddable":true,"href":"https:\/\/catolicanet.net\/wp-cnet\/wp-json\/wp\/v2\/media\/63102"}],"wp:attachment":[{"href":"https:\/\/catolicanet.net\/wp-cnet\/wp-json\/wp\/v2\/media?parent=63101"}],"wp:term":[{"taxonomy":"category","embeddable":true,"href":"https:\/\/catolicanet.net\/wp-cnet\/wp-json\/wp\/v2\/categories?post=63101"},{"taxonomy":"post_tag","embeddable":true,"href":"https:\/\/catolicanet.net\/wp-cnet\/wp-json\/wp\/v2\/tags?post=63101"}],"curies":[{"name":"wp","href":"https:\/\/api.w.org\/{rel}","templated":true}]}}