{"id":63084,"date":"2020-10-05T09:34:16","date_gmt":"2020-10-05T12:34:16","guid":{"rendered":"https:\/\/catolicanet.net\/wp-cnet\/?p=63084"},"modified":"2020-10-05T14:35:48","modified_gmt":"2020-10-05T17:35:48","slug":"pior-ano-de-todos-os-tempos-2020-esta-longe-desse-trofeu","status":"publish","type":"post","link":"https:\/\/catolicanet.net\/wp-cnet\/pior-ano-de-todos-os-tempos-2020-esta-longe-desse-trofeu\/","title":{"rendered":"Pior ano de todos os tempos? 2020 est\u00e1 longe desse &#8220;trof\u00e9u&#8221;"},"content":{"rendered":"<h2 class=\"subtitle\" style=\"text-align: justify;\">Conhe\u00e7a o ano de 536, apontado como &#8220;o in\u00edcio do per\u00edodo hist\u00f3rico mais dif\u00edcil de se viver&#8221;<\/h2>\n<p style=\"text-align: justify;\">Pior ano de todos os tempos? Essa parece f\u00e1cil e muita gente nem hesitaria em responder na lata! Ali\u00e1s, caro leitor, \u00e9 poss\u00edvel que voc\u00ea mesmo j\u00e1 esteja com a resposta na ponta da l\u00edngua\u2026 A lista de motivos, afinal, \u00e9 bem convincente:<\/p>\n<ul style=\"text-align: justify;\">\n<li>A pandemia de maior impacto, extens\u00e3o e mortalidade dos \u00faltimos 100 anos no planeta.<\/li>\n<li>Crise econ\u00f4mica generalizada e instabilidade pol\u00edtica em dezenas de pa\u00edses e territ\u00f3rios.<\/li>\n<li>Convuls\u00f5es sociais e grandes manifesta\u00e7\u00f5es pontuadas de viol\u00eancia e manipula\u00e7\u00e3o ideol\u00f3gica tanto em na\u00e7\u00f5es pobres quanto em pa\u00edses ricos.<\/li>\n<li>Conflitos b\u00e9licos deflagrados na \u00c1frica, no Oriente M\u00e9dio, na \u00c1sia Central e at\u00e9 na Europa, com as crises do C\u00e1ucaso e da Bielorr\u00fassia.<\/li>\n<li>Tens\u00f5es militares e riscos de guerra da Venezuela \u00e0s Coreias, passando pelo eterno barril de p\u00f3lvora do Golfo P\u00e9rsico \u2013 e, agora, acrescentando os ind\u00edcios de uma nova \u201cGuerra Fria\u201d entre os Estados Unidos e a China.<\/li>\n<li>Drama das migra\u00e7\u00f5es for\u00e7adas sem solu\u00e7\u00e3o \u00e0 vista e com novas ondas de aflu\u00eancia n\u00e3o s\u00f3 no Mediterr\u00e2neo, mas tamb\u00e9m no Sudeste Asi\u00e1tico e, apesar da redu\u00e7\u00e3o por causa do fechamento de fronteiras, ainda na Venezuela bolivariana.<\/li>\n<li>Epis\u00f3dios cr\u00edticos da desordem clim\u00e1tica, emoldurados tanto por secas, inc\u00eandios e ondas in\u00e9ditas de calor quanto por enchentes, tornados e tempestades hist\u00f3ricas.<\/li>\n<\/ul>\n<p style=\"text-align: justify;\">De fato, 2020 nem terminou e milh\u00f5es de pessoas j\u00e1 o qualificam como o \u201cpior ano de todos os tempos\u201d.<\/p>\n<p style=\"text-align: justify;\">Mas ser\u00e1 que \u00e9 mesmo?<\/p>\n<h3 style=\"text-align: justify;\">Tr\u00e1gico s\u00e9culo XX<\/h3>\n<p style=\"text-align: justify;\">N\u00e3o \u00e9 preciso voltar tanto assim no tempo para colocar essa afirma\u00e7\u00e3o em s\u00e9rios questionamentos. S\u00f3 no s\u00e9culo XX, por exemplo, o nosso 2020 encontra rivais apavorantes que concorrem com brutalidade ao \u201ctrof\u00e9u\u201d de pior ano de todos os tempos.<\/p>\n<h4 style=\"text-align: justify;\">Segunda Guerra Mundial<\/h4>\n<p style=\"text-align: justify;\">Entre 1939 e 1945, a mais devastadora de todas as guerras jamais travadas em toda a hist\u00f3ria da humanidade sepultava mais de 60 milh\u00f5es de seres humanos.<\/p>\n<h4 style=\"text-align: justify;\">Regimes comunistas<\/h4>\n<div id=\"aleteia-welcome\" style=\"text-align: justify;\"><\/div>\n<p style=\"text-align: justify;\">Regimes comunistas se consolidaram mundo afora ao longo do s\u00e9culo XX. Eles come\u00e7aram em 1917, na R\u00fassia, e foram se espalhando pelo mundo desde bem antes da Segunda Guerra Mundial. No seu conjunto,\u00a0<a href=\"https:\/\/pt.aleteia.org\/2019\/07\/30\/ucrania-reconhece-oficialmente-que-comunismo-e-nazismo-sao-o-mesmo-horror\/\" target=\"_self\" rel=\"noopener noreferrer\">exterminaram entre 90 e 100 milh\u00f5es de pessoas<\/a>, em particular nos territ\u00f3rios da falida Uni\u00e3o Sovi\u00e9tica. Mas tamb\u00e9m na Coreia do Norte, no Sudeste Asi\u00e1tico, na \u00c1frica, no Leste Europeu, na Am\u00e9rica Latina e, principalmente, na China.<\/p>\n<div id=\"article-desk-content-p6-ad_2020_10_05_pior-ano-de-todos-os-tempos-2020-esta-longe-desse-trofeu\" class=\"css-y9mcup\" style=\"text-align: justify;\" data-google-query-id=\"CMy8sJ_-newCFUA0uQYdX6AP5Q\">\n<div id=\"google_ads_iframe_64500793\/PT_DESK_ARTICLE_WELCOME_1X1_1__container__\"><\/div>\n<\/div>\n<p style=\"text-align: justify;\">O\u00a0<a href=\"https:\/\/pt.aleteia.org\/2019\/07\/30\/ucrania-reconhece-oficialmente-que-comunismo-e-nazismo-sao-o-mesmo-horror\/\" target=\"_self\" rel=\"noopener noreferrer\">Holodomor<\/a>\u00a0\u00e9 um dos mais estridentes esc\u00e2ndalos homicidas do regime comunista. Sem exagero algum, por sinal, esse exterm\u00ednio sistem\u00e1tico e proposital de toda uma popula\u00e7\u00e3o \u00e9 descrito como \u201co genoc\u00eddio ucraniano\u201d.<\/p>\n<p style=\"text-align: justify;\">Em termos de \u201c<a href=\"https:\/\/pt.aleteia.org\/2018\/10\/11\/padre-ninguem-torturou-matou-roubou-e-mentiu-mais-que-os-comunistas\/\" target=\"_self\" rel=\"noopener noreferrer\">\u00edndice de horrores<\/a>\u201c, por\u00e9m, o p\u00e1reo \u00e9 muito duro com a devasta\u00e7\u00e3o provocada pela Revolu\u00e7\u00e3o Comunista Chinesa e seus 65 milh\u00f5es de mortos.<\/p>\n<h4 style=\"text-align: justify;\">Dobradinha Primeira Guerra Mundial + Gripe Espanhola<\/h4>\n<p style=\"text-align: justify;\">De 1918 a 1920, praticamente sem pausa alguma ap\u00f3s o horror da Primeira Guerra Mundial (1914-1918), a pandemia da Gripe Espanhola assassinava de modo espantoso at\u00e9 100 milh\u00f5es de pessoas pelo mundo.<\/p>\n<h3 style=\"text-align: justify;\">Indefect\u00edvel Peste Negra<\/h3>\n<p style=\"text-align: justify;\">Vamos dar agora um longo salto ao passado, viajando direto do s\u00e9culo XX ao XIV. Mas n\u00e3o porque esse meio-tempo tenha sido pac\u00edfico: basta recordar, afinal, os horrores da Revolu\u00e7\u00e3o Francesa e um sem-fim de guerras espalhadas entre Am\u00e9ricas e Extremo Oriente, praticamente sem deixar nenhuma regi\u00e3o do mundo isenta de conflitos. O salto \u00e9 apenas por economia de espa\u00e7o nesta mat\u00e9ria\u2026<\/p>\n<h4 style=\"text-align: justify;\">A peste bub\u00f4nica do s\u00e9culo XIV<\/h4>\n<p style=\"text-align: justify;\">Se o assunto \u00e9 pandemia, n\u00e3o existe absolutamente nenhum termo de compara\u00e7\u00e3o entre qualquer outra e a\u00a0<a href=\"https:\/\/pt.aleteia.org\/2020\/07\/06\/o-retorno-da-peste-negra-mais-um-fantasma-para-assombrar-2020\/\" target=\"_self\" rel=\"noopener noreferrer\">quase m\u00edtica Peste Negra<\/a>. Por volta de 1349, a peste bub\u00f4nica estava eliminando de um ter\u00e7o \u00e0 metade de toda a popula\u00e7\u00e3o da Europa. Al\u00e9m disso, atingia com intensidade tamb\u00e9m regi\u00f5es da \u00c1frica e da \u00c1sia.<\/p>\n<p style=\"text-align: justify;\">Entre chagas e p\u00fastulas t\u00e3o f\u00e9tidas e repugnantes quanto intrat\u00e1veis, aquela senten\u00e7a de morte torturava e assassinava em tempo recorde milh\u00f5es de pessoas sem chance de resist\u00eancia.<\/p>\n<h3 style=\"text-align: justify;\">O pior ano de todos os tempos<\/h3>\n<p style=\"text-align: justify;\">No entanto, em se tratando do \u201cpior ano de todos os tempos\u201d, h\u00e1 estudiosos da Hist\u00f3ria que n\u00e3o apontam nenhum desses per\u00edodos como o mais tr\u00e1gico da trajet\u00f3ria da humanidade.<\/p>\n<p style=\"text-align: justify;\">Um deles \u00e9 o arque\u00f3logo Michael McCormick, professor da Universidade de Harvard especializado em Hist\u00f3ria Medieval. Ele sustenta que os piores meses j\u00e1 registrados em todos os tempos n\u00e3o foram os de 2020, nem os da Segunda Guerra Mundial, nem o bi\u00eanio da gripe espanhola, nem os anos horrendos da Peste Negra.<\/p>\n<p style=\"text-align: justify;\">O \u201cpior ano de todos os tempos\u201d foi tamb\u00e9m \u201co in\u00edcio de um dos piores per\u00edodos para se estar vivo\u201d.<\/p>\n<p style=\"text-align: justify;\">Para Michael McCormick, o \u201cpior ano de todos os tempos\u201d foi o obscuro e pouco mencionado\u00a0<strong>536 d.C.<\/strong><\/p>\n<h3 style=\"text-align: justify;\">At\u00e9 o sol perdeu o brilho no \u201cpior ano de todos os tempos\u201d<\/h3>\n<p style=\"text-align: justify;\">O Imp\u00e9rio Romano j\u00e1 tinha ru\u00eddo. O mundo ocidental, portanto, era uma ca\u00f3tica colcha de retalhos imersa em instabilidades de todo tipo.<\/p>\n<p style=\"text-align: justify;\">Naquele ano bizarro, uma n\u00e9voa misteriosa come\u00e7ou a cobrir e escurecer os c\u00e9us. E n\u00e3o s\u00f3 na Europa, mas tamb\u00e9m no Oriente M\u00e9dio e em vastas \u00e1reas da \u00c1sia. A noite e o dia se confundiram durante nada menos que insuport\u00e1veis 18 meses.<\/p>\n<p style=\"text-align: justify;\">O historiador Proc\u00f3pio de Cesareia, do Imp\u00e9rio Bizantino, foi testemunha ocular daquele ano e meio literalmente marcado pelas trevas:<\/p>\n<blockquote><p><em>\u201cO sol emitia a sua luz sem brilho, como a lua durante todo o ano\u201d.<\/em><\/p><\/blockquote>\n<p style=\"text-align: justify;\">E n\u00e3o era s\u00f3 o sol que parecia em eclipse constante. Al\u00e9m disso, o mesmo Proc\u00f3pio tamb\u00e9m registrou para a posteridade:<\/p>\n<blockquote><p><em>\u201cOs homens n\u00e3o estavam livres da guerra, nem da peste, nem de qualquer outra coisa que levasse \u00e0 morte\u201d.<\/em><\/p><\/blockquote>\n<h3 style=\"text-align: justify;\">Das trevas \u00e0 guerra<\/h3>\n<p style=\"text-align: justify;\">No \u201cpior ano de todos os tempos\u201d, de fato, as sangrentas Guerras G\u00f3ticas terminaram de assolar a It\u00e1lia j\u00e1 devastada pelo desabamento do Imp\u00e9rio. A guerra n\u00e3o poupou as grandes ilhas italianas da Sardenha e da Sic\u00edlia. Tamb\u00e9m n\u00e3o escapou a regi\u00e3o dos B\u00e1lc\u00e3s, com suas atuais Eslov\u00eania, Cro\u00e1cia, B\u00f3snia e Herzegovina, S\u00e9rvia, Montenegro, Kosovo, Alb\u00e2nia e Maced\u00f4nia do Norte.<\/p>\n<p style=\"text-align: justify;\">Tratou-se de um intenso conflito entre o Imp\u00e9rio Romano do Oriente e o recentemente instaurado Reino Ostrog\u00f3tico. Essa guerra s\u00f3 foi terminar em 553. Em decorr\u00eancia dela, ficou em frangalhos uma vasta regi\u00e3o que, at\u00e9 ent\u00e3o, estava entre as mais avan\u00e7adas, civilizadas, povoadas e f\u00e9rteis do mundo. Para se ter uma ideia do estrago causado, ali\u00e1s, basta dizer que Floren\u00e7a e Roma acabaram irreconhec\u00edveis.<\/p>\n<h3 style=\"text-align: justify;\">Da Pequena Era do Gelo \u00e0 onda de fome<\/h3>\n<p style=\"text-align: justify;\">Proc\u00f3pio n\u00e3o foi o \u00fanico a documentar a guerra e a n\u00e9voa misteriosa que deixava o sol azulado e as pessoas em p\u00e2nico. Tamb\u00e9m o pol\u00edtico romano Fl\u00e1vio Magno Aur\u00e9lio Cassiodoro escreveu:<\/p>\n<blockquote><p><em>\u201cAs esta\u00e7\u00f5es do ano pararam de existir. Ficamos estupefatos, inclusive, porque n\u00e3o v\u00edamos sequer a sombra dos nossos pr\u00f3prios corpos ao meio-dia\u201d.<\/em><\/p><\/blockquote>\n<p style=\"text-align: justify;\">E h\u00e1 mais testemunhos: o escritor bizantino Miguel, o S\u00edrio, tamb\u00e9m registrou a misteriosa grande nuvem que escureceu a Terra por volta de 536.<\/p>\n<p style=\"text-align: justify;\">O \u201cpior ano de todos os tempos\u201d, al\u00e9m do mais, viu a temperatura do planeta cair. E cair seriamente. O escurecimento dos c\u00e9us deu in\u00edcio \u00e0 d\u00e9cada mais fria j\u00e1 documentada em mil\u00eanios. Por causa dessa mudan\u00e7a brusca, os historiadores chegaram a batizar o per\u00edodo de nada menos que a \u201cPequena Era do Gelo\u201d.<\/p>\n<p style=\"text-align: justify;\">De fato, uma sequ\u00eancia de estudos realizados na d\u00e9cada de 1990 com base nos an\u00e9is de \u00e1rvores ultracenten\u00e1rias comprovou que os ver\u00f5es daquela \u00e9poca foram extraordinariamente frios. E isso causou graves impactos no crescimento das plantas. Por conseguinte, a produ\u00e7\u00e3o de alimentos sofreu um baque de propor\u00e7\u00f5es gigantes.<\/p>\n<p style=\"text-align: justify;\">Com a perda generalizada das colheitas daquele ano, uma carestia sem precedentes matou milh\u00f5es de pessoas de fome. Esse drama, ali\u00e1s, tamb\u00e9m consta da literatura medieval: os Anais de Ulster, uma s\u00e9rie de cr\u00f4nicas irlandesas, recordam \u201ca falta de p\u00e3o dos anos 536 a 539\u201d.<\/p>\n<h3 style=\"text-align: justify;\">Da onda de migra\u00e7\u00f5es a mais guerras e mais fome<\/h3>\n<p style=\"text-align: justify;\">E o \u201cpior ano de todos os tempos\u201d s\u00f3 piorava. A fome e os flagelos clim\u00e1ticos obrigaram povos inteiros a migrar. Acontece que o deslocamento monumental de todo um povo gera conflitos inevit\u00e1veis: afinal, j\u00e1 existem outros povos nos lugares para onde os migrantes se dirigem. Essa din\u00e2mica de chegada de um povo e conflito com o outro, al\u00e9m disso, aumenta a onda de migra\u00e7\u00f5es, j\u00e1 que for\u00e7a os derrotados a tamb\u00e9m migrarem. H\u00e1, portanto, um efeito domin\u00f3 que expande as instabilidades.<\/p>\n<p style=\"text-align: justify;\">Temos o caso, por exemplo, dos \u00e1varos. Eles fugiram da seca de 536 na Mong\u00f3lia e chegaram ao Leste da Europa Oriental. Por l\u00e1, invadiram e conquistaram a Pan\u00f4nia, vasta regi\u00e3o que abrange as atuais Hungria, S\u00e9rvia e Rom\u00eania.<\/p>\n<p style=\"text-align: justify;\">Os habitantes locais, com isso, foram massacrados ou obrigados a fugir. Os derrotados de uma regi\u00e3o, por\u00e9m, frequentemente se tornam os invasores de outra. E, de fato, foi o que ocorreu com os longobardos. For\u00e7ados a escapar da Pan\u00f4nia invadida pelos \u00e1varos, eles invadiram, por sua vez, a It\u00e1lia. Assim, entraram em confronto com os bizantinos ali estabelecidos. E, j\u00e1 que os bizantinos estavam debilitados pela carestia e pelos seus efeitos, como a fome e a doen\u00e7a, n\u00e3o foi dif\u00edcil derrot\u00e1-los. Desta forma, a onda de migra\u00e7\u00f5es e conflitos atingia cada vez mais povos e mais regi\u00f5es. E a instabilidade, por conseguinte, se espalhava sistemicamente.<\/p>\n<h3 style=\"text-align: justify;\">O pior ano de todos os tempos n\u00e3o coube em seus 12 meses<\/h3>\n<p style=\"text-align: justify;\">Diante de tal cen\u00e1rio, o historiador e arque\u00f3logo David Keys desenvolveu uma tese ousada.<\/p>\n<p style=\"text-align: justify;\">Para ele, afinal, os impactos do ano 536 nas fr\u00e1geis sociedades do in\u00edcio da Idade M\u00e9dia europeia foram t\u00e3o profundos e duradouros que, algumas d\u00e9cadas depois, vieram a facilitar em muito a expans\u00e3o do isl\u00e3. Por exemplo: as tribos turcas que originaram o Imp\u00e9rio Otomano s\u00f3 puderam expandir-se, de acordo com Keys, porque os povos invadidos estavam enfraquecidos pelos s\u00e9culos de cat\u00e1strofes acumuladas.<\/p>\n<p style=\"text-align: justify;\">N\u00e3o \u00e0 toa, o t\u00edtulo do livro em que ele exp\u00f5e essa tese \u00e9 justamente \u201c<em>Catastrophe: An Investigation Into the Origins of the Modern World<\/em>\u201c. A obra ainda n\u00e3o est\u00e1 dispon\u00edvel em portugu\u00eas, mas o seu t\u00edtulo, em livre tradu\u00e7\u00e3o, quer dizer \u201c<em>Cat\u00e1strofe: Uma Investiga\u00e7\u00e3o sobre as Origens do Mundo Moderno<\/em>\u201c.<\/p>\n<p style=\"text-align: justify;\">O \u201cpior ano da hist\u00f3ria\u201d, de fato, sofreu e gerou cat\u00e1strofes t\u00e3o intensas que os seus efeitos se prolongaram ao longo de nada menos que s\u00e9culos e s\u00e9culos. Com isso, 536 d.C. acabou moldando a continuidade da hist\u00f3ria em praticamente todo o planeta.<\/p>\n<p style=\"text-align: justify;\">______________<\/p>\n<p style=\"text-align: justify;\"><em>Com informa\u00e7\u00f5es de\u00a0<a href=\"https:\/\/aventurasnahistoria.uol.com.br\/noticias\/reportagem\/crises-e-catastrofes-536-o-ano-que-trouxe-os-piores-12-meses-para-humanidade.phtml\" target=\"_blank\" rel=\"noopener noreferrer\">Aventuras na Hist\u00f3ria<\/a><\/em><\/p>\n","protected":false},"excerpt":{"rendered":"<p>Conhe\u00e7a o ano de 536, apontado como &#8220;o in\u00edcio do per\u00edodo hist\u00f3rico mais dif\u00edcil de se viver&#8221; Pior ano de todos os tempos? Essa parece f\u00e1cil e muita gente nem hesitaria em responder na lata! Ali\u00e1s, caro leitor, \u00e9 poss\u00edvel que voc\u00ea mesmo j\u00e1 esteja com a resposta na ponta da l\u00edngua\u2026 A lista de [&hellip;]<\/p>\n","protected":false},"author":1,"featured_media":63085,"comment_status":"open","ping_status":"closed","sticky":false,"template":"","format":"standard","meta":{"footnotes":""},"categories":[4,13],"tags":[],"class_list":["post-63084","post","type-post","status-publish","format-standard","has-post-thumbnail","hentry","category-cotidiano","category-featured"],"_links":{"self":[{"href":"https:\/\/catolicanet.net\/wp-cnet\/wp-json\/wp\/v2\/posts\/63084","targetHints":{"allow":["GET"]}}],"collection":[{"href":"https:\/\/catolicanet.net\/wp-cnet\/wp-json\/wp\/v2\/posts"}],"about":[{"href":"https:\/\/catolicanet.net\/wp-cnet\/wp-json\/wp\/v2\/types\/post"}],"author":[{"embeddable":true,"href":"https:\/\/catolicanet.net\/wp-cnet\/wp-json\/wp\/v2\/users\/1"}],"replies":[{"embeddable":true,"href":"https:\/\/catolicanet.net\/wp-cnet\/wp-json\/wp\/v2\/comments?post=63084"}],"version-history":[{"count":1,"href":"https:\/\/catolicanet.net\/wp-cnet\/wp-json\/wp\/v2\/posts\/63084\/revisions"}],"predecessor-version":[{"id":63086,"href":"https:\/\/catolicanet.net\/wp-cnet\/wp-json\/wp\/v2\/posts\/63084\/revisions\/63086"}],"wp:featuredmedia":[{"embeddable":true,"href":"https:\/\/catolicanet.net\/wp-cnet\/wp-json\/wp\/v2\/media\/63085"}],"wp:attachment":[{"href":"https:\/\/catolicanet.net\/wp-cnet\/wp-json\/wp\/v2\/media?parent=63084"}],"wp:term":[{"taxonomy":"category","embeddable":true,"href":"https:\/\/catolicanet.net\/wp-cnet\/wp-json\/wp\/v2\/categories?post=63084"},{"taxonomy":"post_tag","embeddable":true,"href":"https:\/\/catolicanet.net\/wp-cnet\/wp-json\/wp\/v2\/tags?post=63084"}],"curies":[{"name":"wp","href":"https:\/\/api.w.org\/{rel}","templated":true}]}}