{"id":63081,"date":"2020-10-05T09:33:01","date_gmt":"2020-10-05T12:33:01","guid":{"rendered":"https:\/\/catolicanet.net\/wp-cnet\/?p=63081"},"modified":"2020-10-05T14:33:58","modified_gmt":"2020-10-05T17:33:58","slug":"entenda-como-se-formam-os-discipulos-missionarios","status":"publish","type":"post","link":"https:\/\/catolicanet.net\/wp-cnet\/entenda-como-se-formam-os-discipulos-missionarios\/","title":{"rendered":"Entenda como se formam os disc\u00edpulos mission\u00e1rios"},"content":{"rendered":"<h2 class=\"subtitle\" style=\"text-align: justify;\">A santa missa tem papel fundamental nessa forma\u00e7\u00e3o<\/h2>\n<p style=\"text-align: justify;\"><span class=\"s1\">Neste artigo vamos abordar o nosso compromisso batismal de disc\u00edpulos mission\u00e1rios. Outubro \u00e9 o m\u00eas dedicado \u00e0s miss\u00f5es.\u00a0<\/span><\/p>\n<p style=\"text-align: justify;\"><span class=\"s1\">Mas como, ent\u00e3o, se formam os disc\u00edpulos mission\u00e1rios? No encontro pessoal e comunit\u00e1rio com Cristo. E a Eucaristia \u00e9 o ponto alto e o \u00e1pice da evangeliza\u00e7\u00e3o. A participa\u00e7\u00e3o na Celebra\u00e7\u00e3o Eucar\u00edstica, portanto, forma-nos na escola de Jesus. Por\u00e9m, muitos n\u00e3o valorizam a Santa Missa, n\u00e3o aproveitam esse dom da presen\u00e7a de Jesus, porque n\u00e3o compreendem a estrutura da celebra\u00e7\u00e3o.<\/span><\/p>\n<h3 style=\"text-align: justify;\">A missa<\/h3>\n<p style=\"text-align: justify;\"><span class=\"s1\">Recebo partilhas de pessoas dizendo que n\u00e3o gostam de ir \u00e0 missa. Acham que \u00e9 sempre a mesma coisa, uma repeti\u00e7\u00e3o, uma \u201cchatice\u201d. Digo, entretanto, que \u00e9 preciso conhecer cada parte, cada gesto e entender o seu significado para perceber a beleza dessa liturgia.<\/span><\/p>\n<p style=\"text-align: justify;\"><span class=\"s1\">Missa \u00e9 uma palavra que vem do latim e significa \u201cmiss\u00e3o\u201d. A antiga despedida na Missa em latim: \u201cIte missa est\u201d, significa \u201cIde esta \u00e9 a miss\u00e3o\u201d ou \u201cIde, a Missa est\u00e1 terminada\u201d. \u00c9, ent\u00e3o, o envio para vivermos a nossa miss\u00e3o no mundo.<\/span><\/p>\n<p style=\"text-align: justify;\"><span class=\"s1\">A missa \u00e9 simultaneamente sacrif\u00edcio de louvor e de a\u00e7\u00e3o de gra\u00e7as. \u00c9 o memorial da paix\u00e3o, da morte e da ressurrei\u00e7\u00e3o do Senhor Jesus. Desde o seu in\u00edcio at\u00e9 a b\u00ean\u00e7\u00e3o final ela \u00e9 importante. Por isso a necessidade de se chegar antes de seu come\u00e7o e s\u00f3 sair depois da b\u00ean\u00e7\u00e3o final.<\/span><\/p>\n<p style=\"text-align: justify;\"><span class=\"s1\">Mas para entender a Santa Missa \u00e9 necess\u00e1rio perceber tamb\u00e9m que o nosso corpo \u201creza\u201d. Ele expressa um louvor vis\u00edvel a Deus atrav\u00e9s dos seguintes gestos, postura e atitudes:<\/span><\/p>\n<div id=\"article-desk-content-p6-ad_2020_10_05_entenda-como-se-formam-os-discipulos-missionarios\" class=\"css-y9mcup\" style=\"text-align: justify;\" data-google-query-id=\"CLz2wvn9newCFeg0uQYd4l8Lyg\">\n<div id=\"google_ads_iframe_64500793\/PT_DESK_ARTICLE_WELCOME_1X1_0__container__\"><\/div>\n<\/div>\n<h3 style=\"text-align: justify;\">Gestos e posturas na missa<\/h3>\n<p style=\"text-align: justify;\"><span class=\"s1\">\u2013 Sentados: \u00e9 uma posi\u00e7\u00e3o c\u00f4moda que favorece a catequese e a medita\u00e7\u00e3o sobre a Palavra que est\u00e1 sendo recebida;<\/span><\/p>\n<p style=\"text-align: justify;\"><span class=\"s1\">\u2013 Em p\u00e9: demonstramos respeito e considera\u00e7\u00e3o, indicando prontid\u00e3o e disposi\u00e7\u00e3o para obedecer;<\/span><\/p>\n<p style=\"text-align: justify;\"><span class=\"s1\">\u2013 Ajoelhados: declaramos nossa adora\u00e7\u00e3o e total submiss\u00e3o a Deus e \u00e0 Sua vontade;<\/span><\/p>\n<p style=\"text-align: justify;\"><span class=\"s1\">\u2013 As m\u00e3os levantadas: significam s\u00faplica e entrega a Deus. \u00c9 a atitude dos orantes;<\/span><\/p>\n<p style=\"text-align: justify;\"><span class=\"s1\">\u2013 As m\u00e3os juntas: significam recolhimento interior. Mostra f\u00e9, s\u00faplica e confian\u00e7a. \u00c9 atitude de profunda piedade;<\/span><\/p>\n<p style=\"text-align: justify;\"><span class=\"s1\">\u2013 Prostra\u00e7\u00e3o: \u00e9 atitude de adora\u00e7\u00e3o na Celebra\u00e7\u00e3o da Sexta-Feira Santa. Na ordena\u00e7\u00e3o presbiteral \u00e9 a atitude pr\u00f3pria de quem se consagra a Deus, significa morrer para o mundo e nascer para Deus em uma nova vida e nova miss\u00e3o;<\/span><\/p>\n<p style=\"text-align: justify;\"><span class=\"s1\">\u2013 Genuflex\u00e3o (ato de flexionar os joelhos): \u00e9 um gesto de adora\u00e7\u00e3o a Jesus Eucar\u00edstico. Fazemos diante do Sacr\u00e1rio;<\/span><\/p>\n<p style=\"text-align: justify;\"><span class=\"s1\">\u2013 Rever\u00eancia: feita de p\u00e9, abaixando-se a cabe\u00e7a, \u00e9 atitude de venera\u00e7\u00e3o ao altar. Ent\u00e3o, ao entrarmos na Igreja se o Sacr\u00e1rio estiver localizado no eu interior fazemos a genuflex\u00e3o em sua dire\u00e7\u00e3o; se n\u00e3o estiver, reverenciamos o altar;<\/span><\/p>\n<p style=\"text-align: justify;\"><span class=\"s1\">\u2013 O sil\u00eancio: ajuda o aprofundamento nos mist\u00e9rios da f\u00e9. Fazer sil\u00eancio tamb\u00e9m \u00e9 necess\u00e1rio para interioriza\u00e7\u00e3o e medita\u00e7\u00e3o.<\/span><\/p>\n<p style=\"text-align: justify;\"><span class=\"s1\">Portanto, na pr\u00f3xima celebra\u00e7\u00e3o que participar perceba cada gesto e postura e os seus significados e import\u00e2ncia.\u00a0<\/span><\/p>\n<h3 style=\"text-align: justify;\">O depois da missa<\/h3>\n<p style=\"text-align: justify;\"><span class=\"s1\">Mas um dos maiores gestos e de grande import\u00e2ncia \u00e9 o depois de cada celebra\u00e7\u00e3o. Devemos voltar ao nosso ambiente levando o pr\u00f3prio Jesus em nosso sacr\u00e1rio interior. Temos a miss\u00e3o de testemunh\u00e1-Lo, anunci\u00e1-Lo e irradiar a Sua luz.<\/span><\/p>\n<p style=\"text-align: justify;\"><span class=\"s1\">Que possamos, ent\u00e3o, viver em nosso dia a dia aquilo que celebramos. Ou seja: louvando a Deus por tudo que somos e temos, acolhendo, perdoando como somos perdoados; vivenciando e anunciando a Palavra com gestos e atitudes concretas ao que Deus nos pede.<\/span><\/p>\n<p style=\"text-align: justify;\"><span class=\"s1\">Conclus\u00e3o: sejamos no mundo disc\u00edpulos mission\u00e1rios promotores da paz, da igualdade, da fraternidade, da partilha, da justi\u00e7a e do servi\u00e7o de doa\u00e7\u00e3o.<\/span><\/p>\n<p style=\"text-align: justify;\"><a href=\"https:\/\/www.padrereginaldomanzotti.org.br\/\" target=\"_blank\" rel=\"noopener noreferrer\"><em>Padre Reginaldo Manzotti<\/em><\/a><\/p>\n","protected":false},"excerpt":{"rendered":"<p>A santa missa tem papel fundamental nessa forma\u00e7\u00e3o Neste artigo vamos abordar o nosso compromisso batismal de disc\u00edpulos mission\u00e1rios. Outubro \u00e9 o m\u00eas dedicado \u00e0s miss\u00f5es.\u00a0 Mas como, ent\u00e3o, se formam os disc\u00edpulos mission\u00e1rios? No encontro pessoal e comunit\u00e1rio com Cristo. E a Eucaristia \u00e9 o ponto alto e o \u00e1pice da evangeliza\u00e7\u00e3o. A participa\u00e7\u00e3o [&hellip;]<\/p>\n","protected":false},"author":1,"featured_media":63082,"comment_status":"open","ping_status":"closed","sticky":false,"template":"","format":"standard","meta":{"footnotes":""},"categories":[4],"tags":[],"class_list":["post-63081","post","type-post","status-publish","format-standard","has-post-thumbnail","hentry","category-cotidiano"],"_links":{"self":[{"href":"https:\/\/catolicanet.net\/wp-cnet\/wp-json\/wp\/v2\/posts\/63081","targetHints":{"allow":["GET"]}}],"collection":[{"href":"https:\/\/catolicanet.net\/wp-cnet\/wp-json\/wp\/v2\/posts"}],"about":[{"href":"https:\/\/catolicanet.net\/wp-cnet\/wp-json\/wp\/v2\/types\/post"}],"author":[{"embeddable":true,"href":"https:\/\/catolicanet.net\/wp-cnet\/wp-json\/wp\/v2\/users\/1"}],"replies":[{"embeddable":true,"href":"https:\/\/catolicanet.net\/wp-cnet\/wp-json\/wp\/v2\/comments?post=63081"}],"version-history":[{"count":1,"href":"https:\/\/catolicanet.net\/wp-cnet\/wp-json\/wp\/v2\/posts\/63081\/revisions"}],"predecessor-version":[{"id":63083,"href":"https:\/\/catolicanet.net\/wp-cnet\/wp-json\/wp\/v2\/posts\/63081\/revisions\/63083"}],"wp:featuredmedia":[{"embeddable":true,"href":"https:\/\/catolicanet.net\/wp-cnet\/wp-json\/wp\/v2\/media\/63082"}],"wp:attachment":[{"href":"https:\/\/catolicanet.net\/wp-cnet\/wp-json\/wp\/v2\/media?parent=63081"}],"wp:term":[{"taxonomy":"category","embeddable":true,"href":"https:\/\/catolicanet.net\/wp-cnet\/wp-json\/wp\/v2\/categories?post=63081"},{"taxonomy":"post_tag","embeddable":true,"href":"https:\/\/catolicanet.net\/wp-cnet\/wp-json\/wp\/v2\/tags?post=63081"}],"curies":[{"name":"wp","href":"https:\/\/api.w.org\/{rel}","templated":true}]}}