{"id":63057,"date":"2020-10-05T09:14:27","date_gmt":"2020-10-05T12:14:27","guid":{"rendered":"https:\/\/catolicanet.net\/wp-cnet\/?p=63057"},"modified":"2020-10-05T14:19:11","modified_gmt":"2020-10-05T17:19:11","slug":"eleicoes-2020-regionais-da-cnbb-oferecem-contribuicoes-para-que-a-pratica-da-politica-busque-sempre-a-justica-e-o-bem-comum","status":"publish","type":"post","link":"https:\/\/catolicanet.net\/wp-cnet\/eleicoes-2020-regionais-da-cnbb-oferecem-contribuicoes-para-que-a-pratica-da-politica-busque-sempre-a-justica-e-o-bem-comum\/","title":{"rendered":"ELEI\u00c7\u00d5ES 2020: REGIONAIS DA CNBB OFERECEM CONTRIBUI\u00c7\u00d5ES PARA QUE A PR\u00c1TICA DA POL\u00cdTICA BUSQUE SEMPRE A JUSTI\u00c7A E O BEM COMUM"},"content":{"rendered":"<p style=\"text-align: justify;\">A partir desta segunda-feira, 5 de outubro, teve in\u00edcio a propaganda eleitoral gratuita no r\u00e1dio e na TV para Elei\u00e7\u00f5es Municipais 2020. De acordo com o Tribunal Superior Eleitoral (TSE), a propaganda eleitoral \u00e9 aquela que promove o candidato e a sua plataforma eleitoral no \u00e2mbito p\u00fablico. Por meio dela, os concorrentes do pleito podem pedir votos aos eleitores.<\/p>\n<p style=\"text-align: justify;\"><img loading=\"lazy\" decoding=\"async\" class=\"wp-image-250119 alignleft lazyloaded\" src=\"https:\/\/eadn-wc02-718006.nxedge.io\/cdn\/wp-content\/uploads\/2020\/10\/4-990x629-1-300x191.png\" sizes=\"auto, (max-width: 359px) 100vw, 359px\" srcset=\"https:\/\/eadn-wc02-718006.nxedge.io\/cdn\/wp-content\/uploads\/2020\/10\/4-990x629-1-300x191.png 300w, https:\/\/eadn-wc02-718006.nxedge.io\/cdn\/wp-content\/uploads\/2020\/10\/4-990x629-1-768x488.png 768w, https:\/\/eadn-wc02-718006.nxedge.io\/cdn\/wp-content\/uploads\/2020\/10\/4-990x629-1-500x318.png 500w, https:\/\/eadn-wc02-718006.nxedge.io\/cdn\/wp-content\/uploads\/2020\/10\/4-990x629-1.png 990w\" alt=\"\" width=\"359\" height=\"228\" data-srcset=\"https:\/\/eadn-wc02-718006.nxedge.io\/cdn\/wp-content\/uploads\/2020\/10\/4-990x629-1-300x191.png 300w, https:\/\/eadn-wc02-718006.nxedge.io\/cdn\/wp-content\/uploads\/2020\/10\/4-990x629-1-768x488.png 768w, https:\/\/eadn-wc02-718006.nxedge.io\/cdn\/wp-content\/uploads\/2020\/10\/4-990x629-1-500x318.png 500w, https:\/\/eadn-wc02-718006.nxedge.io\/cdn\/wp-content\/uploads\/2020\/10\/4-990x629-1.png 990w\" data-src=\"https:\/\/eadn-wc02-718006.nxedge.io\/cdn\/wp-content\/uploads\/2020\/10\/4-990x629-1-300x191.png\" data-sizes=\"(max-width: 359px) 100vw, 359px\" \/>Esse per\u00edodo \u00e9 importante para que os eleitores conhe\u00e7am as propostas dos candidatos a prefeito, vice-prefeito e vereador. Para colaborar com os crist\u00e3os cat\u00f3licos no discernimento e escolha dos candidatos que concorrem \u00e0s elei\u00e7\u00f5es deste ano, diversos Regionais da Confer\u00eancia Nacional dos Bispos do Brasil (CNBB) elaboraram cartilhas com orienta\u00e7\u00f5es que refletem sobre pol\u00edtica e Igreja, o papel do eleitor consciente e o combate \u00e0s not\u00edcias falsas como \u00e9 o caso do Regional Sul 4, que compreende as dioceses de Joinville, Lages, Chapec\u00f3, Tubar\u00e3o, Rio do Sul, Ca\u00e7ador, Joa\u00e7aba, Crici\u00fama e Blumenau e Arquidiocese de Florian\u00f3polis.<\/p>\n<p style=\"text-align: justify;\">O documento dos bispos de Santa Catarina, lan\u00e7ado dia 1\u00ba de outubro, tem o intuito de contribuir para o exerc\u00edcio da cidadania.<em>\u00a0\u201cNas elei\u00e7\u00f5es estaremos exercendo o direito e o dever de votar. \u00c9 um momento marcante para juntos construirmos um pa\u00eds melhor\u201d<\/em>, declarou o bispo de Joinville (SC) e presidente do Regional Sul 4 da CNBB, dom Francisco Carlos Bach.<\/p>\n<h5 style=\"text-align: justify;\"><strong>Meu Voto Importa<\/strong><\/h5>\n<p style=\"text-align: justify;\">\n<p style=\"text-align: justify;\">A partir do dia 15 de outubro o Regional lan\u00e7a tamb\u00e9m uma s\u00e9rie de v\u00eddeos nas redes sociais que v\u00e3o aprofundar os temas trabalhados no texto. Al\u00e9m de programas de r\u00e1dio e podcasts refletindo as orienta\u00e7\u00f5es e o processo eleitoral em 2020. Os programas ser\u00e3o exibidos nas r\u00e1dios cat\u00f3licas de Santa Catarina e r\u00e1dios parceiras.<\/p>\n<div class=\"ast-oembed-container\" style=\"text-align: justify;\">\n<div>\n<div><iframe class=\" lazyloading\" title=\"Meu Voto Importa - Teaser\" src=\"data:image\/gif;base64,R0lGODlhAQABAAAAACH5BAEKAAEALAAAAAABAAEAAAICTAEAOw==\" scrolling=\"no\" allowfullscreen=\"allowfullscreen\" data-src=\"https:\/\/www.youtube.com\/embed\/iA7FcxR0t_s?rel=0\" data-mce-fragment=\"1\"><\/iframe><\/div>\n<\/div>\n<\/div>\n<h5 style=\"text-align: justify;\"><strong>Igreja em Goi\u00e1s e Distrito Federal<\/strong><\/h5>\n<p style=\"text-align: justify;\">O trabalho de orienta\u00e7\u00e3o dos fieis tamb\u00e9m tem sido realizado pelo Regional Centro-Oeste da CNBB, que abrange o estado de Goi\u00e1s e o Distrito Federal. O documento lan\u00e7ado na quarta-feira, 30 de setembro, os bispos enfatizam que as elei\u00e7\u00f5es deste ano s\u00e3o uma nova oportunidade carregada de esperan\u00e7a na constru\u00e7\u00e3o de munic\u00edpios mais justos e solid\u00e1rios.<\/p>\n<p style=\"text-align: justify;\"><img loading=\"lazy\" decoding=\"async\" class=\"wp-image-250118 alignright lazyloaded\" src=\"https:\/\/eadn-wc02-718006.nxedge.io\/cdn\/wp-content\/uploads\/2020\/10\/a21d6ff0caa0450b09a57ee717e3d2c3_L-300x157.jpg\" sizes=\"auto, (max-width: 394px) 100vw, 394px\" srcset=\"https:\/\/eadn-wc02-718006.nxedge.io\/cdn\/wp-content\/uploads\/2020\/10\/a21d6ff0caa0450b09a57ee717e3d2c3_L-300x157.jpg 300w, https:\/\/eadn-wc02-718006.nxedge.io\/cdn\/wp-content\/uploads\/2020\/10\/a21d6ff0caa0450b09a57ee717e3d2c3_L-500x261.jpg 500w, https:\/\/eadn-wc02-718006.nxedge.io\/cdn\/wp-content\/uploads\/2020\/10\/a21d6ff0caa0450b09a57ee717e3d2c3_L.jpg 600w\" alt=\"\" width=\"394\" height=\"206\" data-srcset=\"https:\/\/eadn-wc02-718006.nxedge.io\/cdn\/wp-content\/uploads\/2020\/10\/a21d6ff0caa0450b09a57ee717e3d2c3_L-300x157.jpg 300w, https:\/\/eadn-wc02-718006.nxedge.io\/cdn\/wp-content\/uploads\/2020\/10\/a21d6ff0caa0450b09a57ee717e3d2c3_L-500x261.jpg 500w, https:\/\/eadn-wc02-718006.nxedge.io\/cdn\/wp-content\/uploads\/2020\/10\/a21d6ff0caa0450b09a57ee717e3d2c3_L.jpg 600w\" data-src=\"https:\/\/eadn-wc02-718006.nxedge.io\/cdn\/wp-content\/uploads\/2020\/10\/a21d6ff0caa0450b09a57ee717e3d2c3_L-300x157.jpg\" data-sizes=\"(max-width: 394px) 100vw, 394px\" \/>Na mensagem, os bispos alertam para a conscientiza\u00e7\u00e3o de que as elei\u00e7\u00f5es s\u00e3o um processo muito importante e indispens\u00e1vel para a comunidade e oferecem algumas orienta\u00e7\u00f5es pr\u00e1ticas em vista do processo eleitoral como n\u00e3o d\u00e1 cr\u00e9dito a candidatos que querem comprar voto; observar se o candidato defende ou n\u00e3o a dignidade da pessoa humana e da vida em todas as suas etapas, desde a concep\u00e7\u00e3o at\u00e9 a morte natural; desconfiar de candidatos com campanhas milion\u00e1rias; observar se o candidato tem seu nome envolvido em corrup\u00e7\u00e3o ou fraude.<\/p>\n<p style=\"text-align: justify;\"><em>\u201cQueremos colaborar com a forma\u00e7\u00e3o de uma comunidade com pessoas exercendo diferentes fun\u00e7\u00f5es, entre elas prefeito e vereadores, que sempre podem fazer um pouco mais pelo bem de todos. Al\u00e9m disso, cremos no Esp\u00edrito Santo que continuamente assiste aqueles governantes que se deixam conduzir por Ele\u201d<\/em>, diz a mensagem.<\/p>\n<p style=\"text-align: justify;\"><strong>Confira\u00a0<a href=\"https:\/\/cnbbsul4.org.br\/2020\/10\/01\/bispos-de-santa-catarina-lancam-orientacoes-para-catolicos-nas-eleicoes-2020\/\">aqui<\/a>\u00a0o material completo do Regional Sul 4<\/strong><\/p>\n<p style=\"text-align: justify;\"><b>Confira\u00a0<\/b><a href=\"http:\/\/www.cnbbco.com\/conteudo\/cnbb\/item\/1349-em-mensagem-bispos-do-regional-centro-oeste-da-cnbb-oferecem-orientacoes-sobre-as-eleicoes-municipais-2020-em-goias#.X3tB52hKjIV\">aqui<\/a><b>\u00a0o material completo\u00a0do Regional Centro-Oeste<\/b><\/p>\n<p style=\"text-align: justify;\"><b>Confira\u00a0<\/b><a href=\"https:\/\/cnbbs2.org.br\/2020\/09\/eleicoes-2020-subsidios-contribuem-na-preparacao-dos-cristaos-para-o-processo-eleitoral\/\">aqui<\/a><b>\u00a0o material completo do Regional Sul 2<\/b><\/p>\n<pre><em>Foto capa: Reprodu\u00e7\u00e3o Internet<\/em><\/pre>\n","protected":false},"excerpt":{"rendered":"<p>A partir desta segunda-feira, 5 de outubro, teve in\u00edcio a propaganda eleitoral gratuita no r\u00e1dio e na TV para Elei\u00e7\u00f5es Municipais 2020. De acordo com o Tribunal Superior Eleitoral (TSE), a propaganda eleitoral \u00e9 aquela que promove o candidato e a sua plataforma eleitoral no \u00e2mbito p\u00fablico. Por meio dela, os concorrentes do pleito podem [&hellip;]<\/p>\n","protected":false},"author":1,"featured_media":63058,"comment_status":"open","ping_status":"closed","sticky":false,"template":"","format":"standard","meta":{"footnotes":""},"categories":[7],"tags":[],"class_list":["post-63057","post","type-post","status-publish","format-standard","has-post-thumbnail","hentry","category-cnbb"],"_links":{"self":[{"href":"https:\/\/catolicanet.net\/wp-cnet\/wp-json\/wp\/v2\/posts\/63057","targetHints":{"allow":["GET"]}}],"collection":[{"href":"https:\/\/catolicanet.net\/wp-cnet\/wp-json\/wp\/v2\/posts"}],"about":[{"href":"https:\/\/catolicanet.net\/wp-cnet\/wp-json\/wp\/v2\/types\/post"}],"author":[{"embeddable":true,"href":"https:\/\/catolicanet.net\/wp-cnet\/wp-json\/wp\/v2\/users\/1"}],"replies":[{"embeddable":true,"href":"https:\/\/catolicanet.net\/wp-cnet\/wp-json\/wp\/v2\/comments?post=63057"}],"version-history":[{"count":1,"href":"https:\/\/catolicanet.net\/wp-cnet\/wp-json\/wp\/v2\/posts\/63057\/revisions"}],"predecessor-version":[{"id":63059,"href":"https:\/\/catolicanet.net\/wp-cnet\/wp-json\/wp\/v2\/posts\/63057\/revisions\/63059"}],"wp:featuredmedia":[{"embeddable":true,"href":"https:\/\/catolicanet.net\/wp-cnet\/wp-json\/wp\/v2\/media\/63058"}],"wp:attachment":[{"href":"https:\/\/catolicanet.net\/wp-cnet\/wp-json\/wp\/v2\/media?parent=63057"}],"wp:term":[{"taxonomy":"category","embeddable":true,"href":"https:\/\/catolicanet.net\/wp-cnet\/wp-json\/wp\/v2\/categories?post=63057"},{"taxonomy":"post_tag","embeddable":true,"href":"https:\/\/catolicanet.net\/wp-cnet\/wp-json\/wp\/v2\/tags?post=63057"}],"curies":[{"name":"wp","href":"https:\/\/api.w.org\/{rel}","templated":true}]}}