{"id":63054,"date":"2020-10-05T09:25:32","date_gmt":"2020-10-05T12:25:32","guid":{"rendered":"https:\/\/catolicanet.net\/wp-cnet\/?p=63054"},"modified":"2020-10-05T13:27:15","modified_gmt":"2020-10-05T16:27:15","slug":"cnbb-tera-serie-de-lives-sobre-a-fratelli-tutti-nova-enciclica-do-papa-francisco","status":"publish","type":"post","link":"https:\/\/catolicanet.net\/wp-cnet\/cnbb-tera-serie-de-lives-sobre-a-fratelli-tutti-nova-enciclica-do-papa-francisco\/","title":{"rendered":"CNBB TER\u00c1 S\u00c9RIE DE LIVES SOBRE A FRATELLI TUTTI, NOVA ENC\u00cdCLICA DO PAPA FRANCISCO"},"content":{"rendered":"<p style=\"text-align: justify;\">A Confer\u00eancia Nacional dos Bispos do Brasil (CNBB) realiza, a partir desta ter\u00e7a-feira, 6 de outubro, uma s\u00e9rie de lives sobre a nova enc\u00edclica do Papa Francisco, Fratelli Tutti (Todos irm\u00e3os). As novas transmiss\u00f5es ao vivo nas redes sociais da CNBB sucedem as conversas dos \u00faltimos meses dentro da A\u00e7\u00e3o Emergencial\u00a0<em>\u00c9 tempo de cuidar<\/em>, realizadas \u00e0s 17h, a cada ter\u00e7a feira.<\/p>\n<p style=\"text-align: justify;\">O aprofundamento do documento que entra no magist\u00e9rio do Papa Francisco ser\u00e1 feito com a ajuda dos assessores da CNBB e dos bispos membros das Comiss\u00f5es pastorais. O objetivo \u00e9 conhecer, aprofundar e refletir sobre os grandes temas da nova Enc\u00edclica do Papa Francisco que reflete sobre a fraternidade e a amizade social.<\/p>\n<p style=\"text-align: justify;\">O bispo auxiliar do Rio de Janeiro (RJ) e secret\u00e1rio-geral da CNBB, dom Joel Portella Amado, \u00e9 o primeiro convidado da s\u00e9rie de lives. Nesta ter\u00e7a-feira, dia 6 de outubro, ele aborda a reflex\u00e3o\u00a0<em>\u201cDa Laudato Si a Fratelli Tutti: Ecologia Integral e amizade social\u201d.\u00a0<\/em>Dom Joel comentou a recep\u00e7\u00e3o do novo documento:<\/p>\n<blockquote><p>\u201cNum mundo em que as divis\u00f5es e as polariza\u00e7\u00f5es se acentuam, o Santo Padre convida a humanidade a se reconhecer na fraternidade. Somos todos irm\u00e3os e irm\u00e3s, filhos do mesmo Pai, frutos do amor criador. As divis\u00f5es s\u00e3o consequ\u00eancia do pecado e isso n\u00e3o vale apenas para os crist\u00e3os. Vale para todas as pessoas, crist\u00e3s ou n\u00e3o. Como o pr\u00f3prio Papa fala logo na introdu\u00e7\u00e3o, a finalidade da Enc\u00edclica foi \u201cdestacar o convite a um amor que ultrapassa as barreiras da geografia e do espa\u00e7o\u201d, um amor, uma fraternidade, portanto, universais. Nesse sentido, a enc\u00edclica \u00e9 bastante atual\u201d.<br \/>\n\u2013 Dom Joel Portella Amado<\/p><\/blockquote>\n<p style=\"text-align: justify;\">Ser\u00e1 o mediador das lives padre Patriky Samuel Batista, secret\u00e1rio executivo de Campanhas da CNBB. Ele situa as reflex\u00f5es citando um trecho do novo documento: \u201c\u00c9 tempo de cuidar da fraternidade iniciando processos que promovam a amizade e justi\u00e7a social\u00a0<em>\u2018a fim de que, perante as v\u00e1rias formas atuais de eliminar ou ignorar os outros, sejamos capazes de reagir com um novo sonho de fraternidade e amizade social que n\u00e3o se limite a palavras\u2019\u00a0<\/em>(Fratelli Tutti N<sup>o\u00a0<\/sup>6)\u201d.<\/p>\n<p style=\"text-align: justify;\">\n<p style=\"text-align: justify;\">Confira os temas que ser\u00e3o refletidos durante as pr\u00f3ximas lives:<\/p>\n<ul>\n<li style=\"text-align: justify;\">6\/10 \u2013 Da Laudato Si a Fratelli Tutti: Ecologia Integral e amizade social<\/li>\n<li style=\"text-align: justify;\">13\/10 \u2013 Quais s\u00e3o as sombras de um mundo fechado?<\/li>\n<li style=\"text-align: justify;\">20\/10 \u2013 Um estranho no Caminho<\/li>\n<li style=\"text-align: justify;\">27\/10 \u2013 Pensar e gerar um mundo aberto<\/li>\n<li style=\"text-align: justify;\">03\/11 \u2013 Um cora\u00e7\u00e3o aberto ao mundo inteiro<\/li>\n<li style=\"text-align: justify;\">10\/11 \u2013 A Pol\u00edtica melhor<\/li>\n<li style=\"text-align: justify;\">17\/11 \u2013 Di\u00e1logo e Amizade Social<\/li>\n<li style=\"text-align: justify;\">24\/11 \u2013 Percursos de um novo encontro<\/li>\n<li style=\"text-align: justify;\">1\/12 \u2013 As religi\u00f5es a servi\u00e7o da fraternidade no mundo<\/li>\n<\/ul>\n<p>&nbsp;<\/p>\n<div class=\"iframely-embed\">\n<div class=\"iframely-responsive\"><iframe src=\"https:\/\/cdn.iframe.ly\/w2bNjfR?maxheight=1000&amp;v=1&amp;app=1\" allowfullscreen=\"allowfullscreen\" data-mce-fragment=\"1\"><\/iframe><\/div>\n<\/div>\n<p>&nbsp;<\/p>\n<div class=\"th _f2p _fsn _fwb\"><a class=\"thl\" href=\"https:\/\/www.cnbb.org.br\/no-tumulo-de-sao-francisco-o-papa-assina-a-sua-terceira-enciclica-fratelli-tutti-que-sera-apresentada-no-domingo-4-de-outubro\/\" target=\"_blank\" rel=\"noopener noreferrer\">No t\u00famulo de S\u00e3o Francisco, o Papa assina a sua terceira Enc\u00edclica \u201cFratelli tutti\u201d que ser\u00e1 apresentada no domingo, 4 de outubro<\/a><\/div>\n<div class=\"td\">O nome da terceira enc\u00edclica do Santo Padre \u00e9 extra\u00eddo das palavras escritas por S\u00e3o Francisco e ser\u00e1 apresentada neste domingo, 4 de outubro<\/div>\n","protected":false},"excerpt":{"rendered":"<p>A Confer\u00eancia Nacional dos Bispos do Brasil (CNBB) realiza, a partir desta ter\u00e7a-feira, 6 de outubro, uma s\u00e9rie de lives sobre a nova enc\u00edclica do Papa Francisco, Fratelli Tutti (Todos irm\u00e3os). As novas transmiss\u00f5es ao vivo nas redes sociais da CNBB sucedem as conversas dos \u00faltimos meses dentro da A\u00e7\u00e3o Emergencial\u00a0\u00c9 tempo de cuidar, realizadas [&hellip;]<\/p>\n","protected":false},"author":1,"featured_media":63055,"comment_status":"open","ping_status":"closed","sticky":false,"template":"","format":"standard","meta":{"footnotes":""},"categories":[7,13],"tags":[],"class_list":["post-63054","post","type-post","status-publish","format-standard","has-post-thumbnail","hentry","category-cnbb","category-featured"],"_links":{"self":[{"href":"https:\/\/catolicanet.net\/wp-cnet\/wp-json\/wp\/v2\/posts\/63054","targetHints":{"allow":["GET"]}}],"collection":[{"href":"https:\/\/catolicanet.net\/wp-cnet\/wp-json\/wp\/v2\/posts"}],"about":[{"href":"https:\/\/catolicanet.net\/wp-cnet\/wp-json\/wp\/v2\/types\/post"}],"author":[{"embeddable":true,"href":"https:\/\/catolicanet.net\/wp-cnet\/wp-json\/wp\/v2\/users\/1"}],"replies":[{"embeddable":true,"href":"https:\/\/catolicanet.net\/wp-cnet\/wp-json\/wp\/v2\/comments?post=63054"}],"version-history":[{"count":1,"href":"https:\/\/catolicanet.net\/wp-cnet\/wp-json\/wp\/v2\/posts\/63054\/revisions"}],"predecessor-version":[{"id":63056,"href":"https:\/\/catolicanet.net\/wp-cnet\/wp-json\/wp\/v2\/posts\/63054\/revisions\/63056"}],"wp:featuredmedia":[{"embeddable":true,"href":"https:\/\/catolicanet.net\/wp-cnet\/wp-json\/wp\/v2\/media\/63055"}],"wp:attachment":[{"href":"https:\/\/catolicanet.net\/wp-cnet\/wp-json\/wp\/v2\/media?parent=63054"}],"wp:term":[{"taxonomy":"category","embeddable":true,"href":"https:\/\/catolicanet.net\/wp-cnet\/wp-json\/wp\/v2\/categories?post=63054"},{"taxonomy":"post_tag","embeddable":true,"href":"https:\/\/catolicanet.net\/wp-cnet\/wp-json\/wp\/v2\/tags?post=63054"}],"curies":[{"name":"wp","href":"https:\/\/api.w.org\/{rel}","templated":true}]}}