{"id":63051,"date":"2020-10-05T08:23:24","date_gmt":"2020-10-05T11:23:24","guid":{"rendered":"https:\/\/catolicanet.net\/wp-cnet\/?p=63051"},"modified":"2020-10-05T13:24:38","modified_gmt":"2020-10-05T16:24:38","slug":"olhar-os-outros-como-irmaos-e-irmas-para-salvar-a-nos-e-o-mundo","status":"publish","type":"post","link":"https:\/\/catolicanet.net\/wp-cnet\/olhar-os-outros-como-irmaos-e-irmas-para-salvar-a-nos-e-o-mundo\/","title":{"rendered":"Olhar os outros como irm\u00e3os e irm\u00e3s para salvar a n\u00f3s e o mundo"},"content":{"rendered":"<div class=\"article__subTitle\" style=\"text-align: justify;\">A mensagem da nova enc\u00edclica social do Papa Francisco: ningu\u00e9m se salva sozinho. A proposta de uma sociedade fraterna para n\u00e3o ser dominada por guerra, \u00f3dio, viol\u00eancia, indiferen\u00e7a e novos muros.<\/div>\n<div class=\"title__separator\" style=\"text-align: justify;\"><\/div>\n<div class=\"article__text \">\n<p style=\"text-align: justify;\"><b>ANDREA TORNIELLI<\/b><\/p>\n<p style=\"text-align: justify;\">Estamos circundados pelas \u201csombras de um mundo fechado\u201d, mas h\u00e1 quem n\u00e3o se rende ao avan\u00e7o da escurid\u00e3o e continua a sonhar, a ter esperan\u00e7a, a sujar as m\u00e3os, comprometendo-se a criar fraternidade e amizade social. A terceira Guerra mundial em peda\u00e7os j\u00e1 come\u00e7ou, a l\u00f3gica do mercado baseada no lucro parece estar vencendo a boa pol\u00edtica, a cultura do desperd\u00edcio parece prevalecer, o grito dos povos da fome n\u00e3o \u00e9 ouvido, mas h\u00e1 quem indique um caminho concreto para construir um mundo diferente e mais humano.<\/p>\n<div style=\"text-align: justify;\">\n<div class=\"article__embed article__embed--unwrap article__embed--dark\">\n<div class=\"article__innerTitle\">Ou\u00e7a e compartilhe<\/div>\n<\/div>\n<\/div>\n<p style=\"text-align: justify;\">Cinco anos atr\u00e1s o Papa Francisco publicou a Enc\u00edclica Laudato si\u2019, evidenciando as conex\u00f5es existentes entre crise ambiental, crise social, guerras, migra\u00e7\u00f5es e pobreza. Indicou um objetivo a ser alcan\u00e7ado: o de um sistema econ\u00f4mico e social mais justo e respeitador da cria\u00e7\u00e3o, que tenha no centro o homem como guardi\u00e3o da M\u00e3e Terra e n\u00e3o o dinheiro elevado a uma divindade absoluta. Hoje, com a nova enc\u00edclica social \u201cFratelli tutti\u201d, o Sucessor de Pedro mostra o caminho concreto para alcan\u00e7ar esse objetivo: reconhecer-se como irm\u00e3os e irm\u00e3s, irm\u00e3os porque filhos, guardi\u00f5es uns dos outros, todos no mesmo barco, como a pandemia tornou ainda mais evidente. O caminho para n\u00e3o render \u00e0 tenta\u00e7\u00e3o do homo homini lupus, dos novos muros, do isolamento, \u00e9 olhar para o \u00edcone evang\u00e9lico do Bom Samaritano, t\u00e3o atual e fora de esquemas.<\/p>\n<p style=\"text-align: justify;\">O caminho indicado pelo Papa Francisco se baseia na mensagem de Jesus que faz cair toda estranheza. O crist\u00e3o \u00e9 de fato chamado a \u201creconhecer Cristo em cada ser humano, a v\u00ea-lo crucificado na ang\u00fastia dos abandonados e esquecidos deste mundo, e ressuscitado em cada irm\u00e3o que se levanta\u201d. Mas a da fraternidade \u00e9 uma mensagem que pode ser acolhida, compreendida e partilhada tamb\u00e9m por homens e mulheres fi\u00e9is de outras religi\u00f5es, bem como por muitos homens e mulheres que n\u00e3o creem.<\/p>\n<p style=\"text-align: justify;\">A nova enc\u00edclica se apresenta como uma soma do magist\u00e9rio social de Francisco, e re\u00fane de forma sistem\u00e1tica as ideias oferecidas por pronunciamentos, discursos e interven\u00e7\u00f5es dos primeiros sete anos de pontificado. Uma origem e inspira\u00e7\u00e3o \u00e9 certamente representada pelo \u201cDocumento sobre a Fraternidade\u00a0 humana para a paz mundial e a conviv\u00eancia\u201d, assinado a 4 de fevereiro de 2019, em Abu Dhabi, junto com o Gr\u00e3o imame de Al-Azhar, Ahmad Al-Tayyib. Desta declara\u00e7\u00e3o comum, pedra angular do di\u00e1logo entre as religi\u00f5es, o Papa reprop\u00f5e o seu apelo para que o di\u00e1logo seja adotado como caminho, a colabora\u00e7\u00e3o comum como conduta e o conhecimento rec\u00edproco como m\u00e9todo e crit\u00e9rio.<\/p>\n<p style=\"text-align: justify;\">No entanto, seria redutivo relegar a nova enc\u00edclica apenas ao \u00e2mbito do di\u00e1logo inter-religioso. A mensagem de \u201cFratelli tutti\u201d diz respeito a cada um de n\u00f3s. Tamb\u00e9m cont\u00e9m p\u00e1ginas iluminadoras sobre o compromisso social e pol\u00edtico. Pode parecer paradoxal que seja o Bispo de Roma, voz no deserto, a relan\u00e7ar hoje o projeto de uma boa pol\u00edtica. Uma pol\u00edtica capaz de retomar o seu papel, que por muito tempo foi confiada \u00e0 finan\u00e7a e \u00e0 f\u00e1bula dos mercados que produziriam bem-estar para todos sem necessidade de serem governados. H\u00e1 um cap\u00edtulo inteiro dedicado \u00e0 a\u00e7\u00e3o pol\u00edtica vivida como um servi\u00e7o e testemunho de caridade, que se alimenta de grandes ideais e projeta o amanh\u00e3, pensando n\u00e3o no pequeno ganho eleitoral mas no bem comum e especialmente no futuro das novas gera\u00e7\u00f5es. Mais uma vez, num tempo em que muitos pa\u00edses se fecham, o Papa formula o convite a n\u00e3o perder a confian\u00e7a nos organismos internacionais, embora necessitando de reformas para que n\u00e3o sejam apenas os mais fortes a contar.<\/p>\n<p style=\"text-align: justify;\">Entre as p\u00e1ginas mais fortes da enc\u00edclica est\u00e3o as dedicadas \u00e0 condena\u00e7\u00e3o da guerra e \u00e0 rejei\u00e7\u00e3o da pena de morte. Na esteira da Pacem in Terris do Papa Jo\u00e3o XXIII, partindo de um olhar realista sobre os resultados catastr\u00f3ficos que tantos conflitos nas \u00faltimas d\u00e9cadas causaram nas vidas de milh\u00f5es de pessoas inocentes, Francisco recorda que hoje \u00e9 muito dif\u00edcil manter os crit\u00e9rios racionais amadurecidos em outros s\u00e9culos para falar de uma poss\u00edvel \u201cguerra justa\u201d. Como o uso da pena de morte que \u00e9 injustificado e inadmiss\u00edvel e deve ser abolida em todo o mundo.<\/p>\n<p style=\"text-align: justify;\">\u00c9 verdade, como o Papa assinala, \u201cno mundo atual os sentimentos de perten\u00e7a \u00e0 mesma humanidade est\u00e3o enfraquecendo, enquanto o sonho de construir juntos a justi\u00e7a e a paz parece uma utopia de outros tempos\u201d. Mas \u00e9 preciso voltar a sonhar e, sobretudo, realizar esse sonho juntos, antes que seja tarde demais.<\/p>\n<\/div>\n","protected":false},"excerpt":{"rendered":"<p>A mensagem da nova enc\u00edclica social do Papa Francisco: ningu\u00e9m se salva sozinho. A proposta de uma sociedade fraterna para n\u00e3o ser dominada por guerra, \u00f3dio, viol\u00eancia, indiferen\u00e7a e novos muros. ANDREA TORNIELLI Estamos circundados pelas \u201csombras de um mundo fechado\u201d, mas h\u00e1 quem n\u00e3o se rende ao avan\u00e7o da escurid\u00e3o e continua a sonhar, [&hellip;]<\/p>\n","protected":false},"author":1,"featured_media":63052,"comment_status":"open","ping_status":"closed","sticky":false,"template":"","format":"standard","meta":{"footnotes":""},"categories":[3],"tags":[],"class_list":["post-63051","post","type-post","status-publish","format-standard","has-post-thumbnail","hentry","category-vaticano"],"_links":{"self":[{"href":"https:\/\/catolicanet.net\/wp-cnet\/wp-json\/wp\/v2\/posts\/63051","targetHints":{"allow":["GET"]}}],"collection":[{"href":"https:\/\/catolicanet.net\/wp-cnet\/wp-json\/wp\/v2\/posts"}],"about":[{"href":"https:\/\/catolicanet.net\/wp-cnet\/wp-json\/wp\/v2\/types\/post"}],"author":[{"embeddable":true,"href":"https:\/\/catolicanet.net\/wp-cnet\/wp-json\/wp\/v2\/users\/1"}],"replies":[{"embeddable":true,"href":"https:\/\/catolicanet.net\/wp-cnet\/wp-json\/wp\/v2\/comments?post=63051"}],"version-history":[{"count":1,"href":"https:\/\/catolicanet.net\/wp-cnet\/wp-json\/wp\/v2\/posts\/63051\/revisions"}],"predecessor-version":[{"id":63053,"href":"https:\/\/catolicanet.net\/wp-cnet\/wp-json\/wp\/v2\/posts\/63051\/revisions\/63053"}],"wp:featuredmedia":[{"embeddable":true,"href":"https:\/\/catolicanet.net\/wp-cnet\/wp-json\/wp\/v2\/media\/63052"}],"wp:attachment":[{"href":"https:\/\/catolicanet.net\/wp-cnet\/wp-json\/wp\/v2\/media?parent=63051"}],"wp:term":[{"taxonomy":"category","embeddable":true,"href":"https:\/\/catolicanet.net\/wp-cnet\/wp-json\/wp\/v2\/categories?post=63051"},{"taxonomy":"post_tag","embeddable":true,"href":"https:\/\/catolicanet.net\/wp-cnet\/wp-json\/wp\/v2\/tags?post=63051"}],"curies":[{"name":"wp","href":"https:\/\/api.w.org\/{rel}","templated":true}]}}