{"id":62985,"date":"2020-10-02T09:37:42","date_gmt":"2020-10-02T12:37:42","guid":{"rendered":"https:\/\/catolicanet.net\/wp-cnet\/?p=62985"},"modified":"2020-10-02T12:38:15","modified_gmt":"2020-10-02T15:38:15","slug":"roteiros-celebrativos-organizados-pela-repam-brasil-marcam-1-ano-da-realizacao-do-sinodo-para-a-amazonia","status":"publish","type":"post","link":"https:\/\/catolicanet.net\/wp-cnet\/roteiros-celebrativos-organizados-pela-repam-brasil-marcam-1-ano-da-realizacao-do-sinodo-para-a-amazonia\/","title":{"rendered":"ROTEIROS CELEBRATIVOS , ORGANIZADOS PELA REPAM-BRASIL, MARCAM 1 ANO DA REALIZA\u00c7\u00c3O DO S\u00cdNODO PARA A AMAZ\u00d4NIA"},"content":{"rendered":"<p style=\"text-align: justify;\">No pr\u00f3ximo dia 5 de outubro completa-se 1 ano em que teve in\u00edcio no Vaticano, o S\u00ednodo para a Amaz\u00f4nia, convocado pelo Papa Francisco. Este encontro, congregou 250 participantes, sendo 185 padres sinodoais, dentre eles 68 bispos da Amaz\u00f4nia brasileira e tratou de temas da Igreja e de quest\u00f5es sociais e ambientais dos nove pa\u00edses que t\u00eam territ\u00f3rios na Amaz\u00f4nia: Brasil, Bol\u00edvia, Col\u00f4mbia, Equador, Peru, Guiana, Guiana Francesa, Venezuela e Suriname. Participam bispos, padres e freiras dessa regi\u00e3o, al\u00e9m de estudiosos, pessoas ligadas \u00e0 Organiza\u00e7\u00e3o das Na\u00e7\u00f5es Unidas (ONU) e membros dos escrit\u00f3rios do Vaticano.<\/p>\n<p style=\"text-align: justify;\">O Papa Francisco disse \u00e0 \u00e9poca que o S\u00ednodo \u00e9 filho da\u00a0<em>Laudato S\u00ed,\u00a0<\/em>sua enc\u00edclica que fala do cuidado com a cria\u00e7\u00e3o e com a casa comum. O S\u00ednodo para Amaz\u00f4nia foi uma resposta do Papa Francisco \u00e0 realidade da Pan-Amaz\u00f4nia. De acordo com Francisco, o objetivo principal desta convoca\u00e7\u00e3o foi identificar novos caminhos para a evangeliza\u00e7\u00e3o daquela por\u00e7\u00e3o do Povo de Deus, especialmente dos ind\u00edgenas, frequentemente esquecidos e sem perspectivas de um futuro sereno\u201d.<\/p>\n<p style=\"text-align: justify;\">No Documento Final do S\u00ednodo dos Bispos para a regi\u00e3o Pan-amaz\u00f4nica, aprovado por quase unanimidade, constam os 120 par\u00e1grafos, organizados em cinco cap\u00edtulos. O\u00a0 texto pede uma convers\u00e3o que tem diferentes significados: integral, pastoral, cultural, ecol\u00f3gica e sinodal. Em 12 de fevereiro deste ano, o Papa Francisco lan\u00e7ou\u00a0 a Querida Amaz\u00f4nia, uma exorta\u00e7\u00e3o apost\u00f3lica p\u00f3s-sinodal. Focalizando a regi\u00e3o amaz\u00f4nica da Am\u00e9rica do Sul, a carta do Santo Padre \u00e9 dirigida \u201cao povo de Deus e a todas as pessoas de boa vontade\u201d e fala dos quatro sonhos do Sumo Pont\u00edfice para o bioma.<\/p>\n<h3 style=\"text-align: justify;\">Roteiro Celebrativos<\/h3>\n<p style=\"text-align: justify;\">Tendo em vista a celebra\u00e7\u00e3o do 1\u00ba ano da realiza\u00e7\u00e3o do S\u00ednodo, a REPAM-Brasil (Rede Eclesial Pan-amaz\u00f4nica) reuniu uma equipe e preparou roteiros para as comunidades, par\u00f3quias e grupos crist\u00e3os e cat\u00f3licos do pa\u00eds. S\u00e3o 4 roteiros constru\u00eddos a partir das convers\u00f5es apontadas no Documento Final e dos sonhos do Papa Francisco presentes na exorta\u00e7\u00e3o Querida Amaz\u00f4nia e um roteiro para celebrar os m\u00e1rtires da Amaz\u00f4nia.<\/p>\n<p style=\"text-align: justify;\">Organize a sua comunidade, sua pastoral ou grupo de reflex\u00e3o e celebre conosco. Compartilhe o material com amigos, familiares e conhecidos. Vamos Amazonizar e contribuir para o S\u00ednodo continue vivo em nossas comunidades.<\/p>\n<p style=\"text-align: justify;\">Para baixar o material,\u00a0<a href=\"http:\/\/repam.org.br\/wp-content\/uploads\/2020\/09\/Roteiros_Celebrativos_1ano_Sinodo.pdf\">clique aqui<\/a><\/p>\n","protected":false},"excerpt":{"rendered":"<p>No pr\u00f3ximo dia 5 de outubro completa-se 1 ano em que teve in\u00edcio no Vaticano, o S\u00ednodo para a Amaz\u00f4nia, convocado pelo Papa Francisco. Este encontro, congregou 250 participantes, sendo 185 padres sinodoais, dentre eles 68 bispos da Amaz\u00f4nia brasileira e tratou de temas da Igreja e de quest\u00f5es sociais e ambientais dos nove pa\u00edses [&hellip;]<\/p>\n","protected":false},"author":1,"featured_media":62986,"comment_status":"open","ping_status":"closed","sticky":false,"template":"","format":"standard","meta":{"footnotes":""},"categories":[7],"tags":[],"class_list":["post-62985","post","type-post","status-publish","format-standard","has-post-thumbnail","hentry","category-cnbb"],"_links":{"self":[{"href":"https:\/\/catolicanet.net\/wp-cnet\/wp-json\/wp\/v2\/posts\/62985","targetHints":{"allow":["GET"]}}],"collection":[{"href":"https:\/\/catolicanet.net\/wp-cnet\/wp-json\/wp\/v2\/posts"}],"about":[{"href":"https:\/\/catolicanet.net\/wp-cnet\/wp-json\/wp\/v2\/types\/post"}],"author":[{"embeddable":true,"href":"https:\/\/catolicanet.net\/wp-cnet\/wp-json\/wp\/v2\/users\/1"}],"replies":[{"embeddable":true,"href":"https:\/\/catolicanet.net\/wp-cnet\/wp-json\/wp\/v2\/comments?post=62985"}],"version-history":[{"count":1,"href":"https:\/\/catolicanet.net\/wp-cnet\/wp-json\/wp\/v2\/posts\/62985\/revisions"}],"predecessor-version":[{"id":62987,"href":"https:\/\/catolicanet.net\/wp-cnet\/wp-json\/wp\/v2\/posts\/62985\/revisions\/62987"}],"wp:featuredmedia":[{"embeddable":true,"href":"https:\/\/catolicanet.net\/wp-cnet\/wp-json\/wp\/v2\/media\/62986"}],"wp:attachment":[{"href":"https:\/\/catolicanet.net\/wp-cnet\/wp-json\/wp\/v2\/media?parent=62985"}],"wp:term":[{"taxonomy":"category","embeddable":true,"href":"https:\/\/catolicanet.net\/wp-cnet\/wp-json\/wp\/v2\/categories?post=62985"},{"taxonomy":"post_tag","embeddable":true,"href":"https:\/\/catolicanet.net\/wp-cnet\/wp-json\/wp\/v2\/tags?post=62985"}],"curies":[{"name":"wp","href":"https:\/\/api.w.org\/{rel}","templated":true}]}}