{"id":62959,"date":"2020-10-01T09:07:22","date_gmt":"2020-10-01T12:07:22","guid":{"rendered":"https:\/\/catolicanet.net\/wp-cnet\/?p=62959"},"modified":"2020-10-01T12:08:08","modified_gmt":"2020-10-01T15:08:08","slug":"por-que-as-enciclicas-papais-abordam-varios-assuntos","status":"publish","type":"post","link":"https:\/\/catolicanet.net\/wp-cnet\/por-que-as-enciclicas-papais-abordam-varios-assuntos\/","title":{"rendered":"Por que as enc\u00edclicas papais abordam v\u00e1rios assuntos"},"content":{"rendered":"<h2 class=\"subtitle\" style=\"text-align: justify;\">Do controle da natalidade ao nazismo, os papas sempre tentaram abordar os problemas que assolam o mundo<\/h2>\n<p style=\"text-align: justify;\">As enc\u00edclicas, cartas papais dirigidas aos bispos da Igreja, foram usadas pelos papas em uma variedade de circunst\u00e2ncias ao longo dos s\u00e9culos.<\/p>\n<p style=\"text-align: justify;\">Entretanto, n\u00e3o existem apenas enc\u00edclicas sobre a B\u00edblia e a Liturgia. Diversos assuntos aparecem nos documentos como, por exemplo, o controle de natalidade e at\u00e9 o racismo nazista.<\/p>\n<p style=\"text-align: justify;\">De acordo com a\u00a0<a href=\"https:\/\/www.newadvent.org\/cathen\/05413a.htm\" target=\"_blank\" rel=\"noopener noreferrer\">Enciclop\u00e9dia Cat\u00f3lica<\/a>, um papa publica uma enc\u00edclica sobretudo quando surge uma necessidade espec\u00edfica. Diz a enciclop\u00e9dia:<\/p>\n<blockquote><p><em>Pela natureza do caso, as enc\u00edclicas dirigidas aos bispos de todo o mundo tratam geralmente de assuntos que afetam o bem-estar da Igreja em geral. Condenam alguma forma de erro predominante, apontam perigos que amea\u00e7am a f\u00e9 ou a moral, exortam os fi\u00e9is \u00e0 const\u00e2ncia ou prescrevem rem\u00e9dios para os males previstos ou j\u00e1 existentes.<\/em><\/p><\/blockquote>\n<h3 style=\"text-align: justify;\">Os assuntos<\/h3>\n<p style=\"text-align: justify;\">N\u00e3o existe, portanto, uma \u201cf\u00f3rmula\u201d para cada enc\u00edclica. O assunto abordado depende do papa e das quest\u00f5es que afetam a Igreja em um determinado momento.<\/p>\n<div id=\"aleteia-welcome\" style=\"text-align: justify;\"><\/div>\n<p style=\"text-align: justify;\">Por exemplo, o Papa Le\u00e3o XIII escreveu a\u00a0<a href=\"https:\/\/w2.vatican.va\/content\/leo-xiii\/en\/encyclicals\/documents\/hf_l-xiii_enc_18111893_providentissimus-deus.html\" target=\"_blank\" rel=\"noopener noreferrer\"><em>Providentissimus Deus<\/em><\/a>\u00a0em 1893 para abordar novas teorias que se desenvolveram no estudo b\u00edblico. Outro objetivo foi esclarecer o posicionamento da Igreja na inerr\u00e2ncia das Escrituras. Isso foi numa \u00e9poca em que a arqueologia e o estudo cient\u00edfico estavam crescendo. Al\u00e9m disso, as bases para a teoria b\u00edblica moderna estavam sendo estabelecidas.<\/p>\n<p style=\"text-align: justify;\">Por outro lado, muitos papas usaram as enc\u00edclicas para tratar de situa\u00e7\u00f5es pol\u00edticas da \u00e9poca. Por exemplo: a enc\u00edclica\u00a0<a href=\"http:\/\/w2.vatican.va\/content\/pius-ix\/it\/documents\/epistola-encyclica-respicientes-ea-1-novembris-1870.html\" target=\"_blank\" rel=\"noopener noreferrer\"><em>Respicientes ea omnia<\/em><\/a>\u00a0de Pio IX, escrita em 1870, condenava a entrada de tropas italianas em Roma.<\/p>\n<div id=\"article-desk-content-p6-ad_2020_10_01_por-que-as-enciclicas-papais-abordam-varios-assuntos\" class=\"css-y9mcup\" style=\"text-align: justify;\" data-google-query-id=\"CJWDofbVk-wCFQobuQYdnNEL_g\">\n<div id=\"google_ads_iframe_64500793\/PT_DESK_ARTICLE_WELCOME_1X1_1__container__\"><\/div>\n<\/div>\n<p style=\"text-align: justify;\">Uma das enc\u00edclicas \u201cpol\u00edticas\u201d mais conhecidas \u00e9\u00a0<em><a href=\"https:\/\/www.vatican.va\/content\/pius-xi\/en\/encyclicals\/documents\/hf_p-xi_enc_14031937_mit-brennender-sorge.html\" target=\"_blank\" rel=\"noopener noreferrer\">Mit brennender sorge<\/a>.\u00a0<\/em>Trata-se de uma carta que\u00a0 Pio XI escreveu aos bispos alem\u00e3es em 1937. O documento aborda diretamente quest\u00f5es sobre o regime nazista e a ideologia racista de Hitler.<\/p>\n<p style=\"text-align: justify;\">Outro exemplo \u00e9 a\u00a0<a href=\"http:\/\/www.vatican.va\/content\/paul-vi\/pt\/encyclicals\/documents\/hf_p-vi_enc_25071968_humanae-vitae.html\" target=\"_blank\" rel=\"noopener noreferrer\"><em>Humanae Vitae<\/em><\/a>\u00a0que Paulo VI escreveu em 1968. Ela discute a teologia positiva da Igreja Cat\u00f3lica em rela\u00e7\u00e3o \u00e0 vida humana, exaltando a dignidade da pessoa humana.<\/p>\n<h3 style=\"text-align: justify;\">Enc\u00edclicas mais recentes<\/h3>\n<p style=\"text-align: justify;\">Papas recentes tamb\u00e9m usaram enc\u00edclicas para tratar de quest\u00f5es de suas \u00e9pocas. Um exemplo \u00e9 a\u00a0\u00a0<a href=\"https:\/\/w2.vatican.va\/content\/john-paul-ii\/pt\/encyclicals\/documents\/hf_jp-ii_enc_04031979_redemptor-hominis.html\" target=\"_blank\" rel=\"noopener noreferrer\"><em>Redemptor Hominis<\/em><\/a>, de 1979. Nesta carta, Jo\u00e3o Paulo II confronta os erros do comunismo ate\u00edsta.<\/p>\n<p style=\"text-align: justify;\">Em sua nova enc\u00edclica,\u00a0<em>Fratelli tutti,<\/em>\u00a0o Papa Francisco aborda os temas da fraternidade e da amizade social. O documento, entretanto, ainda n\u00e3o foi publicado. A previs\u00e3o \u00e9 de que a mais nova enc\u00edclica venha a p\u00fablico em outubro de 2020.<\/p>\n","protected":false},"excerpt":{"rendered":"<p>Do controle da natalidade ao nazismo, os papas sempre tentaram abordar os problemas que assolam o mundo As enc\u00edclicas, cartas papais dirigidas aos bispos da Igreja, foram usadas pelos papas em uma variedade de circunst\u00e2ncias ao longo dos s\u00e9culos. Entretanto, n\u00e3o existem apenas enc\u00edclicas sobre a B\u00edblia e a Liturgia. Diversos assuntos aparecem nos documentos [&hellip;]<\/p>\n","protected":false},"author":1,"featured_media":62960,"comment_status":"open","ping_status":"closed","sticky":false,"template":"","format":"standard","meta":{"footnotes":""},"categories":[4],"tags":[],"class_list":["post-62959","post","type-post","status-publish","format-standard","has-post-thumbnail","hentry","category-cotidiano"],"_links":{"self":[{"href":"https:\/\/catolicanet.net\/wp-cnet\/wp-json\/wp\/v2\/posts\/62959","targetHints":{"allow":["GET"]}}],"collection":[{"href":"https:\/\/catolicanet.net\/wp-cnet\/wp-json\/wp\/v2\/posts"}],"about":[{"href":"https:\/\/catolicanet.net\/wp-cnet\/wp-json\/wp\/v2\/types\/post"}],"author":[{"embeddable":true,"href":"https:\/\/catolicanet.net\/wp-cnet\/wp-json\/wp\/v2\/users\/1"}],"replies":[{"embeddable":true,"href":"https:\/\/catolicanet.net\/wp-cnet\/wp-json\/wp\/v2\/comments?post=62959"}],"version-history":[{"count":1,"href":"https:\/\/catolicanet.net\/wp-cnet\/wp-json\/wp\/v2\/posts\/62959\/revisions"}],"predecessor-version":[{"id":62961,"href":"https:\/\/catolicanet.net\/wp-cnet\/wp-json\/wp\/v2\/posts\/62959\/revisions\/62961"}],"wp:featuredmedia":[{"embeddable":true,"href":"https:\/\/catolicanet.net\/wp-cnet\/wp-json\/wp\/v2\/media\/62960"}],"wp:attachment":[{"href":"https:\/\/catolicanet.net\/wp-cnet\/wp-json\/wp\/v2\/media?parent=62959"}],"wp:term":[{"taxonomy":"category","embeddable":true,"href":"https:\/\/catolicanet.net\/wp-cnet\/wp-json\/wp\/v2\/categories?post=62959"},{"taxonomy":"post_tag","embeddable":true,"href":"https:\/\/catolicanet.net\/wp-cnet\/wp-json\/wp\/v2\/tags?post=62959"}],"curies":[{"name":"wp","href":"https:\/\/api.w.org\/{rel}","templated":true}]}}