{"id":62920,"date":"2020-10-03T10:35:45","date_gmt":"2020-10-03T13:35:45","guid":{"rendered":"https:\/\/catolicanet.net\/wp-cnet\/?p=62920"},"modified":"2020-10-01T11:36:29","modified_gmt":"2020-10-01T14:36:29","slug":"por-isso-eu-vos-digo-o-reino-de-deus-vos-sera-tira-do-e-sera-entregue-a-um-povo-que-produzira-frutos-mt-2143","status":"publish","type":"post","link":"https:\/\/catolicanet.net\/wp-cnet\/por-isso-eu-vos-digo-o-reino-de-deus-vos-sera-tira-do-e-sera-entregue-a-um-povo-que-produzira-frutos-mt-2143\/","title":{"rendered":"Por isso eu vos digo: o Reino de Deus vos ser\u00e1 tira- do e ser\u00e1 entregue a um povo que produzir\u00e1 frutos\u201d. (Mt 21,43)"},"content":{"rendered":"<p style=\"text-align: justify;\">Celebramos nesse Domingo o 27\u00ba Domingo do tempo comum e aos poucos vamos nos aproximando do final deste ano lit\u00fargico. O tempo comum representado pela cor verde que simboliza a esperan\u00e7a, ou seja, a esperan\u00e7a na \u201cvinda do Reino de Deus\u201d que \u00e9 o que celebramos no \u00faltimo Domingo desse Tempo comum com a celebra\u00e7\u00e3o da Solenidade de Nosso Senhor Jesus Cristo, Rei do Universo.<\/p>\n<p style=\"text-align: justify;\">Devemos nos manter firmes na esperan\u00e7a da chegada desse Reino, e fazendo com que ele aconte\u00e7a aqui na terra, esperando vive-lo de maneira plena no c\u00e9u. Fazemos parte da vinha do Senhor, que por vezes \u00e9 amea\u00e7ada por devasta\u00e7\u00e3o, mas devemos nos manter firmes no Senhor e no an\u00fancio da Palavra, aguardando at\u00e9 que ele venha.<\/p>\n<p style=\"text-align: justify;\">Nesse Domingo abrimos o m\u00eas mission\u00e1rio em toda Igreja, que a Igreja possa colher os frutos da miss\u00e3o e continuar a sua miss\u00e3o de ser uma Igreja em sa\u00edda, totalmente voltada para a miss\u00e3o e abra\u00e7ando a sua voca\u00e7\u00e3o de ser uma Igreja mission\u00e1ria, conduzida pelo Esp\u00edrito Santo e por meio dele construir o Reino Deus aqui na terra.<\/p>\n<p style=\"text-align: justify;\">A primeira leitura (Isa\u00edas 5-1,7), o profeta conta um c\u00e2ntico sobre a vinha de um amigo. Esse amigo possu\u00eda uma f\u00e9rtil vinha, cercou-a, limpou-a de pedras, plantou videiras escolhidas, edificou uma torre no meio e construiu um lagar. Ele espera que produzisse uvas boas, mas ao contr\u00e1rio produziu uvas selvagens. \u00a0Podemos dizer que o dono dessa \u201cvinha\u201d era Deus e os frutos o \u201cpovo de Israel\u201d, ou seja, Deus fez uma alian\u00e7a com o povo de Israel e esperava que esse povo produzisse bons frutos. Esses bons frutos seria a justi\u00e7a, paz, bondade e amor, mas ao contr\u00e1rio, o povo de Israel produziu a injusti\u00e7a, a viol\u00eancia o \u00f3dio e a guerra e rompeu a alian\u00e7a na qual tinha feito anteriormente com Deus. O Senhor foi fiel e o povo de Israel foi infiel.<\/p>\n<p style=\"text-align: justify;\">O salmo responsorial 79 (80) no refr\u00e3o nos diz \u201c<em>A vinha do Senhor \u00e9 a casa de Israel<\/em>\u201d, ou seja, o Senhor n\u00e3o tem que encontrar outro povo para fazer a sua alian\u00e7a, mas a alian\u00e7a de Deus com a casa de Israel \u00e9 eterna, mesmo que esse povo se desvie do caminho.<\/p>\n<p style=\"text-align: justify;\">Na segunda leitura (Fl 4,6-9) S\u00e3o Paulo nos diz para n\u00e3o nos inquietarmos com coisa alguma, mas apresentar as nossas necessidades a Deus, atrav\u00e9s de s\u00faplicas e ora\u00e7\u00f5es e agradecendo por tudo aquilo que obtemos de Deus. Se seguirmos por esse caminho Deus guiar\u00e1 os nossos caminhos. Devemos nos ocupar por tudo aquilo que verdadeiro, respeit\u00e1vel, justo, puro e que mere\u00e7a louvor.<\/p>\n<p style=\"text-align: justify;\">No Evangelho (Mt 21,33-43) segue a linha de pensamento da primeira leitura, o propriet\u00e1rio da vinha \u00e9 Deus. Os primeiros empregados que o propriet\u00e1rio da vinha envia seriam os \u201c<em>profetas<\/em>\u201d que alertavam o povo para n\u00e3o se afastar do projeto de Deus, mas estes n\u00e3o quiseram saber, espancaram e puseram para fora os profetas.<\/p>\n<p style=\"text-align: justify;\">Em seguida o propriet\u00e1rio da envia outros empregados que seriam os \u201c<em>disc\u00edpulos<\/em>\u201d e o povo os trata da mesma maneira, n\u00e3o querem saber de ouvi-los e s\u00e3o colocados para fora da vinha.<\/p>\n<p style=\"text-align: justify;\">Em seguida o propriet\u00e1rio da vinha envia o seu \u201c<em>filho<\/em>\u201d, que podemos comparar com Deus sendo o propriet\u00e1rio da vinha, enviando Jesus, o seu filho. Os vinhateiros o trataram da mesma forma, ainda mais por acharem que este era o herdeiro, e planejaram mat\u00e1-lo e conseguirem a heran\u00e7a para eles.<\/p>\n<p style=\"text-align: justify;\">Ao final da par\u00e1bola Jesus pergunta aos sumos sacerdotes e doutores da lei qual seria a atitude do propriet\u00e1rio da vinha com esses empregados perversos. Eles respondem que d\u00ea certo o propriet\u00e1rio da vinha mandaria matar de modo violento esses empregados e arrendar\u00e1 a vinha a outros vinhateiros que lhe entregar\u00e3o os frutos no tempo certo.<\/p>\n<p style=\"text-align: justify;\">E por fim Jesus diz a eles: \u201c<em>V\u00f3s nunca lestes nas Escrituras: \u2018A pedra que os construtores rejeitaram tornou-se a pedra angular; isto foi feito pelo Senhor e \u00e9 maravilhoso aos nossos olhos\u2019? <\/em>Aqui Jesus diz de maneira clara que a par\u00e1bola que ele acabou de contar a eles era sobre Ele, pois eles, as autoridades de Israel n\u00e3o aceitavam Jesus e o queriam mat\u00e1-Lo a todo custo.<\/p>\n<p style=\"text-align: justify;\">Por isso Jesus termina dizendo que o Reino de Deus ser\u00e1 tirado do meio deles e entregue a um novo povo que lhe entregar\u00e1 frutos. E de fato, \u00e9 o que acaba acontecendo, a terra de Israel foi entregue a outro povo, sobretudo com a dispers\u00e3o de Israel no ano 144 d.C.<\/p>\n<p style=\"text-align: justify;\">Celebremos com alegria esse 27\u00ba Domingo do tempo comum e fa\u00e7amos de tudo para fazermos parte da vinha do Senhor e possamos produzir muitos frutos para entregar a ele, sobretudo os frutos do amor, justi\u00e7a e paz e que o pecado n\u00e3o ofusque aquilo que produzirmos.<\/p>\n<p style=\"text-align: justify;\">Que a Virgem Aparecida interceda por n\u00f3s neste m\u00eas mission\u00e1rio!<\/p>\n","protected":false},"excerpt":{"rendered":"<p>Celebramos nesse Domingo o 27\u00ba Domingo do tempo comum e aos poucos vamos nos aproximando do final deste ano lit\u00fargico. O tempo comum representado pela cor verde que simboliza a esperan\u00e7a, ou seja, a esperan\u00e7a na \u201cvinda do Reino de Deus\u201d que \u00e9 o que celebramos no \u00faltimo Domingo desse Tempo comum com a celebra\u00e7\u00e3o [&hellip;]<\/p>\n","protected":false},"author":5,"featured_media":55819,"comment_status":"open","ping_status":"closed","sticky":false,"template":"","format":"standard","meta":{"footnotes":""},"categories":[9],"tags":[],"class_list":["post-62920","post","type-post","status-publish","format-standard","has-post-thumbnail","hentry","category-artigos"],"_links":{"self":[{"href":"https:\/\/catolicanet.net\/wp-cnet\/wp-json\/wp\/v2\/posts\/62920","targetHints":{"allow":["GET"]}}],"collection":[{"href":"https:\/\/catolicanet.net\/wp-cnet\/wp-json\/wp\/v2\/posts"}],"about":[{"href":"https:\/\/catolicanet.net\/wp-cnet\/wp-json\/wp\/v2\/types\/post"}],"author":[{"embeddable":true,"href":"https:\/\/catolicanet.net\/wp-cnet\/wp-json\/wp\/v2\/users\/5"}],"replies":[{"embeddable":true,"href":"https:\/\/catolicanet.net\/wp-cnet\/wp-json\/wp\/v2\/comments?post=62920"}],"version-history":[{"count":1,"href":"https:\/\/catolicanet.net\/wp-cnet\/wp-json\/wp\/v2\/posts\/62920\/revisions"}],"predecessor-version":[{"id":62921,"href":"https:\/\/catolicanet.net\/wp-cnet\/wp-json\/wp\/v2\/posts\/62920\/revisions\/62921"}],"wp:featuredmedia":[{"embeddable":true,"href":"https:\/\/catolicanet.net\/wp-cnet\/wp-json\/wp\/v2\/media\/55819"}],"wp:attachment":[{"href":"https:\/\/catolicanet.net\/wp-cnet\/wp-json\/wp\/v2\/media?parent=62920"}],"wp:term":[{"taxonomy":"category","embeddable":true,"href":"https:\/\/catolicanet.net\/wp-cnet\/wp-json\/wp\/v2\/categories?post=62920"},{"taxonomy":"post_tag","embeddable":true,"href":"https:\/\/catolicanet.net\/wp-cnet\/wp-json\/wp\/v2\/tags?post=62920"}],"curies":[{"name":"wp","href":"https:\/\/api.w.org\/{rel}","templated":true}]}}