{"id":62914,"date":"2020-10-01T10:31:59","date_gmt":"2020-10-01T13:31:59","guid":{"rendered":"https:\/\/catolicanet.net\/wp-cnet\/?p=62914"},"modified":"2020-10-01T11:32:59","modified_gmt":"2020-10-01T14:32:59","slug":"santa-teresinha","status":"publish","type":"post","link":"https:\/\/catolicanet.net\/wp-cnet\/santa-teresinha\/","title":{"rendered":"Santa Teresinha"},"content":{"rendered":"<p style=\"text-align: justify;\">Neste dia 1\u00ba de outubro celebramos a festa lit\u00fargica de Santa Teresinha do Menino Jesus, abrindo o m\u00eas mission\u00e1rio em toda a Igreja. Santa Teresinha \u00e9 a padroeira das miss\u00f5es pois era essa a inten\u00e7\u00e3o de seu cora\u00e7\u00e3o no seio da igreja.<\/p>\n<p style=\"text-align: justify;\">A exemplo de Santa Teresinha do Menino Jesus, somos convidados para essa grande miss\u00e3o que \u00e9 de rezar uns pelos outros e pela Igreja de maneira geral. Rezar pelo Santo Padre o Papa, pelos Bispos, por todo o clero (presb\u00edteros e di\u00e1conos) e por todos os fi\u00e9is leigos e batizados. Pedir ao Esp\u00edrito Santo \u2014 protagonista da miss\u00e3o \u2014 que proteja a Igreja contra os ventos contr\u00e1rios e que, por meio d\u2019Ele, sempre tenhamos novos batizados e que continue animando a miss\u00e3o da Igreja.<\/p>\n<p style=\"text-align: justify;\">A santidade de Santa Teresinha do Menino Jesus \u00e9 atual na vida mission\u00e1ria da Igreja, como nos ensina o Papa Francisco: <em>\u201cGosto de ver a santidade no povo paciente de Deus: nos pais que criam os seus filhos com tanto amor; nos homens e mulheres que trabalham a fim de trazer o p\u00e3o para casa; nos doentes; nas consagradas idosas que continuam a sorrir. Nesta const\u00e2ncia de continuar a caminhar dia ap\u00f3s dia, vejo a santidade da Igreja militante. Esta \u00e9, muitas vezes, a santidade \u2018ao p\u00e9 da porta\u2019, daqueles que vivem perto de n\u00f3s e s\u00e3o um reflexo da presen\u00e7a de Deus\u201d (GE, 7)<\/em><\/p>\n<p style=\"text-align: justify;\">Santa Teresinha nasceu em Alen\u00e7on (Fran\u00e7a) em 1873 e morreu no ano de 1897. Ela descobriu que a voca\u00e7\u00e3o da Igreja era o amor e que o cora\u00e7\u00e3o de cada pessoa humana foi feito para amar. Vinda de uma fam\u00edlia modesta e temente a Deus, seus pais (Luiz e Z\u00e9lia, tamb\u00e9m reconhecidos santos pela M\u00e3e Igreja) tiveram oito filhos at\u00e9 chegar na ca\u00e7ula Teresinha. Quatro deles morreram com pouca idade, restando em vida as quatro irm\u00e3s da Santa.<\/p>\n<p style=\"text-align: justify;\">Com apenas 15 anos de idade, Teresinha entrou muito jovem no Carmelo das Carmelitas em Lisieux (Fran\u00e7a), com a autoriza\u00e7\u00e3o do Santo Padre o do Papa Le\u00e3o XIII. Sua vida se passou na humildade, simplicidade e confian\u00e7a plena em Deus.<\/p>\n<p style=\"text-align: justify;\">Em todos os gestos e sacrif\u00edcios, do menor ao maior, Santa Teresinha oferecia a Deus em favor da salva\u00e7\u00e3o das almas e na inten\u00e7\u00e3o da Igreja. Por isso, Ela \u00e9 a padroeira da Miss\u00e3o, pois tinha um contato \u00edntimo com Jesus e era envolvida pelo Esp\u00edrito Santo nesse amor. Era o contato do amado para com a amada.<\/p>\n<p style=\"text-align: justify;\">Santa Teresinha levou a s\u00e9rio o caminho da perfei\u00e7\u00e3o escrito pela reformadora do Carmelo Santa Teresa de Jesus (Santa Teresa D\u2019\u00c1vila). Por\u00e9m, Teresinha revelou ao mundo que a perfei\u00e7\u00e3o e a santidade podem estar nas pequenas coisas, nos pequenos gestos e obriga\u00e7\u00f5es cotidianas que fazemos com amor. Ela dizia:\u00a0\u201c<em>Sigamos o caminho da simplicidade. Entreguemo-nos com todo o nosso ser ao amor. Em tudo busquemos fazer a vontade de Deus. O zelo pela salva\u00e7\u00e3o das pessoas devore nosso cora\u00e7\u00e3o\u201d<\/em><em>.<\/em><\/p>\n<p style=\"text-align: justify;\">Santa Teresinha tinha um desejo profundo de ser mission\u00e1ria \u201c<em>desde a cria\u00e7\u00e3o do mundo at\u00e9 a consuma\u00e7\u00e3o dos s\u00e9culos\u201d. <\/em>Podemos comprovar no livro que relata sua autobiografia, intitulado de \u201c<em>Hist\u00f3ria de uma alma<\/em>\u201d. Ela, intercessora dos mission\u00e1rios sacerdotes e pecadores que n\u00e3o conheciam a Jesus e que at\u00e9 hoje, do c\u00e9u, continua a interceder por todos n\u00f3s e pela Igreja, fazendo o bem aos que aqui se encontram.<\/p>\n<p style=\"text-align: justify;\">Santa Teresinha \u00e9 conhecida como a Santa das Rosas:\u00a0\u201c<em>Vou fazer chover sobre o mundo uma chuva de rosas, dizendo, assim, que iria interceder a Deus, sempre por todos os povos\u201d.<\/em> Por isso, na\u00a0Novena de Santa Teresinha,\u00a0o fiel espera receber uma rosa como sinal de que seu pedido ser\u00e1 atendido.<\/p>\n<p style=\"text-align: justify;\">Santa Teresinha morreu de tuberculose precocemente, acometida de com apenas 24 anos de idade, no dia 30 de setembro de 1897, dizendo em suas \u00faltimas palavras \u201c<em>Oh!\u2026amo-O. Deus meu, amo-Vos!\u201d.<\/em><\/p>\n<p style=\"text-align: justify;\">Ap\u00f3s a sua morte, aconteceu a publica\u00e7\u00e3o de seus escritos. A beatifica\u00e7\u00e3o aconteceu em 1923 e a canoniza\u00e7\u00e3o, em 1925. Foi declarada \u201c<em>patrona universal das miss\u00f5es cat\u00f3licas<\/em>\u201d em 1927, ato feito pelo papa Pio XI. Em 19 de outubro de 1997, papa Jo\u00e3o Paulo II a proclamou Santa Teresinha do Menino Jesus e da Sagrada Face Doutora da Igreja, particularmente pela atualidade de seu testemunho e pela atra\u00e7\u00e3o espiritual de sua obra.<\/p>\n<p style=\"text-align: justify;\">Rezemos a ora\u00e7\u00e3o pedindo a Santa Teresinha a intercess\u00e3o por n\u00f3s e pelo mundo inteiro. Que Deus nos aben\u00e7oe por intercess\u00e3o de Santa Teresinha do Menino Jesus.<em>\u00a0<\/em><\/p>\n<p style=\"text-align: justify;\"><em>\u00d3 Santa Teresinha, branca e mimosa flor de Jesus e Maria, que embalsamais o Carmelo e o mundo inteiro com vosso suave perfume, chamai-nos e n\u00f3s correremos convosco, ao encontro de Jesus, pelo caminho da ren\u00fancia, do abandono e do amor. Fazei-nos simples e d\u00f3ceis, humildes e confiantes para nosso Pai do c\u00e9u. N\u00e3o permitais que o ofendamos com o pecado. Socorrei-nos em todos os perigos e necessidades; socorrei-nos em todas as afli\u00e7\u00f5es e alcan\u00e7ai-nos todas as gra\u00e7as espirituais e temporais, especialmente a gra\u00e7a que estamos precisando agora, (fazer o pedido). Lembrai-vos \u00f3 Santa Teresinha, que prometestes passar vosso c\u00e9u fazendo o bem a terra, sem descanso, at\u00e9 ver completo o n\u00famero de eleitos. Cumpri em n\u00f3s vossa promessa: sede nosso anjo protetor na travessia desta vida e n\u00e3o descanseis at\u00e9 que nos vejais no c\u00e9u, ao vosso lado, contando as ternuras do amor misericordioso do Cora\u00e7\u00e3o de Jesus. Am\u00e9m. (fonte terra santa)<\/em><\/p>\n<p style=\"text-align: justify;\">Ao iniciar o m\u00eas mission\u00e1rio de 2020, relembremos as palavras s\u00e1bias de Santa Teresinha que sempre sentiu o desejo inestim\u00e1vel de anunciar o Evangelho. Ela diz, em uma de suas obras: <em>\u201cGostaria, ao mesmo tempo, de anunciar o Evangelho nas cinco partes do mundo e at\u00e9 nas ilhas mais remotas. Gostaria de ser mission\u00e1ria, n\u00e3o s\u00f3 por alguns anos, mas gostaria de o ter sido desde a cria\u00e7\u00e3o do mundo e de o ser at\u00e9 \u00e0 consuma\u00e7\u00e3o dos s\u00e9culos. Para me satisfazer, gostaria de passar por todos. Jesus, se eu quisesse p\u00f4r por escrito todos os meus desejos, teria de pegar no teu livro da vida, onde est\u00e3o narradas as a\u00e7\u00f5es de todos os santos, desejando ter sido eu a praticar todas essas a\u00e7\u00f5es por Ti\u201d (Hist\u00f3ria de uma alma: Manuscrito B, 251-252)<\/em>.<\/p>\n<p style=\"text-align: justify;\">Celebramos com alegria a festa de Santa Teresinha neste dia 1\u00ba de outubro, abrindo o m\u00eas mission\u00e1rio e pedindo que Ela continue a interceder por n\u00f3s e pela Igreja e que possamos nos espelhar na vida de Santa Teresinha, amando a Deus e ao pr\u00f3ximo infinitamente. Que tenhamos o mesmo amor que ela tinha por Jesus e pelo pr\u00f3ximo.<\/p>\n<p style=\"text-align: justify;\">Por isso, com Santa Teresinha do Menino Jesus vivamos intensamente o M\u00eas Mission\u00e1rio aprofundando o tema \u201cA vida \u00e9 miss\u00e3o\u201d, com o lema \u201cEis-me aqui. Envia-me! (Is 6,8)\u201d. <em>Que o m\u00eas de outubro nos renove e nos fortale\u00e7a nesta paix\u00e3o e ousadia mission\u00e1ria, indo a caminho e encontro dos que precisam ser evangelizados com nosso testemunho, Am\u00e9m!<\/em><\/p>\n","protected":false},"excerpt":{"rendered":"<p>Neste dia 1\u00ba de outubro celebramos a festa lit\u00fargica de Santa Teresinha do Menino Jesus, abrindo o m\u00eas mission\u00e1rio em toda a Igreja. Santa Teresinha \u00e9 a padroeira das miss\u00f5es pois era essa a inten\u00e7\u00e3o de seu cora\u00e7\u00e3o no seio da igreja. A exemplo de Santa Teresinha do Menino Jesus, somos convidados para essa grande [&hellip;]<\/p>\n","protected":false},"author":5,"featured_media":55819,"comment_status":"open","ping_status":"closed","sticky":false,"template":"","format":"standard","meta":{"footnotes":""},"categories":[9],"tags":[],"class_list":["post-62914","post","type-post","status-publish","format-standard","has-post-thumbnail","hentry","category-artigos"],"_links":{"self":[{"href":"https:\/\/catolicanet.net\/wp-cnet\/wp-json\/wp\/v2\/posts\/62914","targetHints":{"allow":["GET"]}}],"collection":[{"href":"https:\/\/catolicanet.net\/wp-cnet\/wp-json\/wp\/v2\/posts"}],"about":[{"href":"https:\/\/catolicanet.net\/wp-cnet\/wp-json\/wp\/v2\/types\/post"}],"author":[{"embeddable":true,"href":"https:\/\/catolicanet.net\/wp-cnet\/wp-json\/wp\/v2\/users\/5"}],"replies":[{"embeddable":true,"href":"https:\/\/catolicanet.net\/wp-cnet\/wp-json\/wp\/v2\/comments?post=62914"}],"version-history":[{"count":1,"href":"https:\/\/catolicanet.net\/wp-cnet\/wp-json\/wp\/v2\/posts\/62914\/revisions"}],"predecessor-version":[{"id":62915,"href":"https:\/\/catolicanet.net\/wp-cnet\/wp-json\/wp\/v2\/posts\/62914\/revisions\/62915"}],"wp:featuredmedia":[{"embeddable":true,"href":"https:\/\/catolicanet.net\/wp-cnet\/wp-json\/wp\/v2\/media\/55819"}],"wp:attachment":[{"href":"https:\/\/catolicanet.net\/wp-cnet\/wp-json\/wp\/v2\/media?parent=62914"}],"wp:term":[{"taxonomy":"category","embeddable":true,"href":"https:\/\/catolicanet.net\/wp-cnet\/wp-json\/wp\/v2\/categories?post=62914"},{"taxonomy":"post_tag","embeddable":true,"href":"https:\/\/catolicanet.net\/wp-cnet\/wp-json\/wp\/v2\/tags?post=62914"}],"curies":[{"name":"wp","href":"https:\/\/api.w.org\/{rel}","templated":true}]}}