{"id":62893,"date":"2020-09-30T09:22:14","date_gmt":"2020-09-30T12:22:14","guid":{"rendered":"https:\/\/catolicanet.net\/wp-cnet\/?p=62893"},"modified":"2020-09-30T12:23:52","modified_gmt":"2020-09-30T15:23:52","slug":"comissao-para-a-acao-missionaria-da-cnbb-da-inicio-as-comemoracoes-do-mes-missionario-com-live-nesta-quinta-feira-1","status":"publish","type":"post","link":"https:\/\/catolicanet.net\/wp-cnet\/comissao-para-a-acao-missionaria-da-cnbb-da-inicio-as-comemoracoes-do-mes-missionario-com-live-nesta-quinta-feira-1\/","title":{"rendered":"COMISS\u00c3O PARA A A\u00c7\u00c3O MISSION\u00c1RIA DA CNBB D\u00c1 IN\u00cdCIO \u00c0S COMEMORA\u00c7\u00d5ES DO M\u00caS MISSION\u00c1RIO COM LIVE NESTA QUINTA-FEIRA (1\u00b0)"},"content":{"rendered":"<section class=\"elementor-section elementor-top-section elementor-element elementor-element-254fd40d elementor-section-stretched elementor-section-full_width elementor-section-height-default elementor-section-height-default\" data-id=\"254fd40d\" data-element_type=\"section\" data-settings=\"{&quot;stretch_section&quot;:&quot;section-stretched&quot;}\">\n<div class=\"elementor-container elementor-column-gap-default\">\n<div class=\"elementor-row\">\n<div class=\"elementor-column elementor-col-100 elementor-top-column elementor-element elementor-element-25e9ab4e\" data-id=\"25e9ab4e\" data-element_type=\"column\">\n<div class=\"elementor-column-wrap elementor-element-populated\">\n<div class=\"elementor-widget-wrap\">\n<section class=\"elementor-section elementor-inner-section elementor-element elementor-element-4118c185 elementor-section-boxed elementor-section-height-default elementor-section-height-default\" data-id=\"4118c185\" data-element_type=\"section\">\n<div class=\"elementor-container elementor-column-gap-default\">\n<div class=\"elementor-row\">\n<div class=\"elementor-column elementor-col-50 elementor-inner-column elementor-element elementor-element-798e2db8\" data-id=\"798e2db8\" data-element_type=\"column\">\n<div class=\"elementor-column-wrap elementor-element-populated\">\n<div class=\"elementor-widget-wrap\">\n<div class=\"elementor-element elementor-element-3a087bd2 elementor-widget elementor-widget-theme-post-content\" data-id=\"3a087bd2\" data-element_type=\"widget\" data-widget_type=\"theme-post-content.default\">\n<div class=\"elementor-widget-container\">\n<p style=\"text-align: justify;\">Nesta quinta-feira, 1\u00b0 de outubro, a Comiss\u00e3o Episcopal para a A\u00e7\u00e3o Mission\u00e1ria e Coopera\u00e7\u00e3o Intereclesial da Confer\u00eancia Nacional dos Bispos do Brasil (CNBB) d\u00e1 in\u00edcio em todo o Brasil \u00e0 Campanha Mission\u00e1ria 2020 que este ano traz como tema: A vida \u00e9 miss\u00e3o e o lema \u201cEis-me aqui, envia-me\u201d (Is 6,8).<\/p>\n<p style=\"text-align: justify;\">Ao longo do m\u00eas de outubro, diversas atividades ser\u00e3o realizadas semanalmente para divulgar o m\u00eas mission\u00e1rio. Entre elas, as lives e os ter\u00e7os mission\u00e1rios semanais. A primeira atividade, nesta quinta-feira, \u00e9 uma live da comiss\u00e3o em parceria com a Edi\u00e7\u00f5es CNBB, \u00e0s 15h, no canal do Youtube das Edi\u00e7\u00f5es CNBB e retransmitida nos canais da confer\u00eancia e das Pontif\u00edcias Obras Mission\u00e1rias (POM).<\/p>\n<p style=\"text-align: justify;\">Nessa primeira live, o bispo de Chapec\u00f3 (SC) e presidente da Comiss\u00e3o para a A\u00e7\u00e3o Mission\u00e1ria, dom Odelir Jos\u00e9 Magri e o diretor das POM Brasil, padre Maur\u00edcio Jardim, v\u00e3o conversar sobre a Campanha Mission\u00e1ria 2020 e o Programa Mission\u00e1rio Nacional (PMN).\u00a0O mediador ser\u00e1 o assessor da comiss\u00e3o, padre Daniel Rochetti.<\/p>\n<h3 style=\"text-align: justify;\">Al\u00e9m das tarefas<\/h3>\n<figure id=\"attachment_34422\" class=\"wp-caption alignright\" style=\"text-align: justify;\" aria-describedby=\"caption-attachment-34422\"><img loading=\"lazy\" decoding=\"async\" class=\"wp-image-34422  lazyloaded\" src=\"https:\/\/eadn-wc02-718006.nxedge.io\/cdn\/wp-content\/uploads\/2020\/03\/domOdelir-1-1200x762_c-1-300x191-1.jpg\" alt=\"\" width=\"283\" height=\"180\" data-src=\"https:\/\/eadn-wc02-718006.nxedge.io\/cdn\/wp-content\/uploads\/2020\/03\/domOdelir-1-1200x762_c-1-300x191-1.jpg\" \/><figcaption id=\"caption-attachment-34422\" class=\"wp-caption-text\"><em>Dom Odelir Jos\u00e9 Magri<\/em><\/figcaption><\/figure>\n<p style=\"text-align: justify;\">Dom Odelir ressalta que ser disc\u00edpulo mission\u00e1rio est\u00e1 al\u00e9m de cumprir tarefas ou fazer coisas.\u00a0<em>\u201cSer mission\u00e1rio \u00e9 viver como crist\u00e3o, disc\u00edpulo de Jesus como batizado e a partir de uma voca\u00e7\u00e3o espec\u00edfica. \u00c9 responder ao chamado de Deus, sair e fazer-se pr\u00f3ximo\u201d, afirmou.<\/em><\/p>\n<p style=\"text-align: justify;\">O mission\u00e1rio, segundo dom Odelir, \u00e9 chamado a ir \u00e0s periferias da sociedade para testemunhar a perseveran\u00e7a do amor paciente e fiel de Deus pelas pessoas de nosso tempo, que se expressa com amor gratuito no compromisso da solidariedade, especialmente para com os pobres.<\/p>\n<p style=\"text-align: justify;\">No Brasil, as POM t\u00eam a responsabilidade de organizar a Campanha Mission\u00e1ria, realizada sempre no m\u00eas de outubro. Colaboram nesta a\u00e7\u00e3o a CNBB, por meio da Comiss\u00e3o para a A\u00e7\u00e3o Mission\u00e1ria e Coopera\u00e7\u00e3o Intereclesial, a Comiss\u00e3o para a Amaz\u00f4nia e outros organismos que comp\u00f5em o Conselho Mission\u00e1rio Nacional (COMINA).<\/p>\n<p style=\"text-align: justify;\">De acordo com as POM, mesmo neste momento em que o mundo passa pela pandemia da Covid-19, que mudou completamente as rela\u00e7\u00f5es humanas, a Campanha Mission\u00e1ria 2020 quer ser um sinal de esperan\u00e7a para tantas vidas doadas de forma solid\u00e1ria.<\/p>\n<p style=\"text-align: justify;\">O Papa Francisco lembra que \u201ca miss\u00e3o no cora\u00e7\u00e3o do povo n\u00e3o \u00e9 uma parte da minha vida, ou ornamento a ser posto de lado. \u00c9 algo que n\u00e3o posso arrancar do meu cora\u00e7\u00e3o\u201d (Alegria do Evangelho, 27).<\/p>\n<p style=\"text-align: justify;\">As POM destacam ainda que todo mission\u00e1rio \u00e9 convidado a educar o olhar sobre as realidades de dor e, sobretudo, saber contemplar o belo, como fazia S\u00e3o Francisco de Assis, encantando-se com as criaturas presentes pelo caminho.<\/p>\n<p style=\"text-align: justify;\"><a href=\"http:\/\/www.pom.org.br\/campanha-missionaria-2020\/\"><strong>Saiba mais sobre a Campanha Mission\u00e1ria 2020<\/strong><\/a><\/p>\n<div class=\"iframely-embed\">\n<div class=\"iframely-responsive\" style=\"text-align: justify;\"><iframe src=\"https:\/\/cdn.iframe.ly\/DIljZjD?maxheight=1000&amp;v=1&amp;app=1\" allowfullscreen=\"allowfullscreen\" data-mce-fragment=\"1\"><\/iframe><\/div>\n<\/div>\n<\/div>\n<\/div>\n<\/div>\n<\/div>\n<\/div>\n<\/div>\n<\/div>\n<\/section>\n<\/div>\n<\/div>\n<\/div>\n<\/div>\n<\/div>\n<\/section>\n","protected":false},"excerpt":{"rendered":"<p>Nesta quinta-feira, 1\u00b0 de outubro, a Comiss\u00e3o Episcopal para a A\u00e7\u00e3o Mission\u00e1ria e Coopera\u00e7\u00e3o Intereclesial da Confer\u00eancia Nacional dos Bispos do Brasil (CNBB) d\u00e1 in\u00edcio em todo o Brasil \u00e0 Campanha Mission\u00e1ria 2020 que este ano traz como tema: A vida \u00e9 miss\u00e3o e o lema \u201cEis-me aqui, envia-me\u201d (Is 6,8). Ao longo do m\u00eas [&hellip;]<\/p>\n","protected":false},"author":1,"featured_media":62894,"comment_status":"open","ping_status":"closed","sticky":false,"template":"","format":"standard","meta":{"footnotes":""},"categories":[7],"tags":[],"class_list":["post-62893","post","type-post","status-publish","format-standard","has-post-thumbnail","hentry","category-cnbb"],"_links":{"self":[{"href":"https:\/\/catolicanet.net\/wp-cnet\/wp-json\/wp\/v2\/posts\/62893","targetHints":{"allow":["GET"]}}],"collection":[{"href":"https:\/\/catolicanet.net\/wp-cnet\/wp-json\/wp\/v2\/posts"}],"about":[{"href":"https:\/\/catolicanet.net\/wp-cnet\/wp-json\/wp\/v2\/types\/post"}],"author":[{"embeddable":true,"href":"https:\/\/catolicanet.net\/wp-cnet\/wp-json\/wp\/v2\/users\/1"}],"replies":[{"embeddable":true,"href":"https:\/\/catolicanet.net\/wp-cnet\/wp-json\/wp\/v2\/comments?post=62893"}],"version-history":[{"count":1,"href":"https:\/\/catolicanet.net\/wp-cnet\/wp-json\/wp\/v2\/posts\/62893\/revisions"}],"predecessor-version":[{"id":62895,"href":"https:\/\/catolicanet.net\/wp-cnet\/wp-json\/wp\/v2\/posts\/62893\/revisions\/62895"}],"wp:featuredmedia":[{"embeddable":true,"href":"https:\/\/catolicanet.net\/wp-cnet\/wp-json\/wp\/v2\/media\/62894"}],"wp:attachment":[{"href":"https:\/\/catolicanet.net\/wp-cnet\/wp-json\/wp\/v2\/media?parent=62893"}],"wp:term":[{"taxonomy":"category","embeddable":true,"href":"https:\/\/catolicanet.net\/wp-cnet\/wp-json\/wp\/v2\/categories?post=62893"},{"taxonomy":"post_tag","embeddable":true,"href":"https:\/\/catolicanet.net\/wp-cnet\/wp-json\/wp\/v2\/tags?post=62893"}],"curies":[{"name":"wp","href":"https:\/\/api.w.org\/{rel}","templated":true}]}}