{"id":62887,"date":"2020-09-30T09:19:50","date_gmt":"2020-09-30T12:19:50","guid":{"rendered":"https:\/\/catolicanet.net\/wp-cnet\/?p=62887"},"modified":"2020-09-30T12:20:41","modified_gmt":"2020-09-30T15:20:41","slug":"a-partir-desta-quinta-feira-dia-1o-cnbb-inicia-ciclo-de-lives-sobre-o-novo-estatuto-da-entidade","status":"publish","type":"post","link":"https:\/\/catolicanet.net\/wp-cnet\/a-partir-desta-quinta-feira-dia-1o-cnbb-inicia-ciclo-de-lives-sobre-o-novo-estatuto-da-entidade\/","title":{"rendered":"A PARTIR DESTA QUINTA-FEIRA, DIA 1\u00ba, CNBB INICIA CICLO DE LIVES SOBRE O NOVO ESTATUTO DA ENTIDADE"},"content":{"rendered":"<p style=\"text-align: justify;\">Na quinta-feira, dia 1\u00ba de outubro, a Confer\u00eancia Nacional dos Bispos do Brasil (CNBB) d\u00e1 in\u00edcio a uma s\u00e9rie de seis lives sobre o processo de constru\u00e7\u00e3o do novo estatuto da entidade. A ideia da renova\u00e7\u00e3o do estatuto \u00e9 que ele reflita o rosto da Igreja no Brasil e favore\u00e7a uma atualiza\u00e7\u00e3o de entendimento de estrutura e funcionamento para os dias de hoje contemplando os crit\u00e9rios de sinodalidade e miss\u00e3o e os eixos de forma\u00e7\u00e3o integral, comunica\u00e7\u00e3o e di\u00e1logo estrat\u00e9gico com a sociedade.<\/p>\n<p style=\"text-align: justify;\">Os encontros virtuais v\u00e3o acontecer no canal do\u00a0<a href=\"https:\/\/www.youtube.com\/c\/CNBBNacional\">Youtube da CNBB<\/a>, \u00e0s 15h. Os convidados ser\u00e3o sempre os bispos acompanhados de professores e pesquisadores das Universidades Cat\u00f3licas, lideran\u00e7as e gestores especialistas nos temas e eixos em quest\u00e3o, que v\u00e3o debater o instrumento de trabalho que j\u00e1 vem sendo preparado pelos bispos.<\/p>\n<p style=\"text-align: justify;\">O arcebispo de Belo Horizonte e presidente da CNBB, dom Walmor Oliveira de Azevedo, destaca que\u00a0<em>\u201cno tempo de muitos saberes, sabemos menos que pensamos saber. Por isso, a import\u00e2ncia de permanente e qualificada escuta dialogal, abrindo uma singular e rica possibilidade para novos entendimentos como Igreja no Brasil. Trata-se de tarefa complexa e paciente constru\u00e7\u00e3o. Cada dia um novo passo para sermos \u00e0 altura a Igreja de Jesus Cristo, neste terceiro mil\u00eanio, mission\u00e1ria, em sa\u00edda!\u201d<\/em>.<\/p>\n<p style=\"text-align: justify;\">A primeira live, no dia 1\u00ba de outubro, \u00e0s 15h, ter\u00e1 como tema: \u2018<strong>CNBB \u2013<\/strong>\u00a0<strong>Um novo estatuto, sinodalidade e missionariedade\u2019<\/strong>. Para este debate estar\u00e3o presentes o arcebispo de Belo Horizonte (MG) e presidente da CNBB, dom Walmor Oliveira de Azevedo, o bispo auxiliar do Rio de Janeiro (RJ) e secret\u00e1rio-geral da entidade, dom Joel Portella Amado, o arcebispo de Montes Claros (MG) e presidente da Comiss\u00e3o Episcopal para Cultura e Educa\u00e7\u00e3o da CNBB, dom Jo\u00e3o Justino de Medeiros e o bispo de S\u00e3o Carlos e referencial para o Setor Universidades da confer\u00eancia, dom Paulo Cezar.<\/p>\n<p style=\"text-align: justify;\"><img loading=\"lazy\" decoding=\"async\" class=\"size-medium wp-image-249958 aligncenter lazyloaded\" src=\"https:\/\/eadn-wc02-718006.nxedge.io\/cdn\/wp-content\/uploads\/2020\/09\/NovoEstatuto_Live1_Capa-300x169.png\" sizes=\"auto, (max-width: 300px) 100vw, 300px\" srcset=\"https:\/\/eadn-wc02-718006.nxedge.io\/cdn\/wp-content\/uploads\/2020\/09\/NovoEstatuto_Live1_Capa-300x169.png 300w, https:\/\/eadn-wc02-718006.nxedge.io\/cdn\/wp-content\/uploads\/2020\/09\/NovoEstatuto_Live1_Capa-1024x576.png 1024w, https:\/\/eadn-wc02-718006.nxedge.io\/cdn\/wp-content\/uploads\/2020\/09\/NovoEstatuto_Live1_Capa-768x432.png 768w, https:\/\/eadn-wc02-718006.nxedge.io\/cdn\/wp-content\/uploads\/2020\/09\/NovoEstatuto_Live1_Capa-1536x864.png 1536w, https:\/\/eadn-wc02-718006.nxedge.io\/cdn\/wp-content\/uploads\/2020\/09\/NovoEstatuto_Live1_Capa-500x281.png 500w, https:\/\/eadn-wc02-718006.nxedge.io\/cdn\/wp-content\/uploads\/2020\/09\/NovoEstatuto_Live1_Capa.jpg 1920w\" alt=\"\" width=\"300\" height=\"169\" data-srcset=\"https:\/\/eadn-wc02-718006.nxedge.io\/cdn\/wp-content\/uploads\/2020\/09\/NovoEstatuto_Live1_Capa-300x169.png 300w, https:\/\/eadn-wc02-718006.nxedge.io\/cdn\/wp-content\/uploads\/2020\/09\/NovoEstatuto_Live1_Capa-1024x576.png 1024w, https:\/\/eadn-wc02-718006.nxedge.io\/cdn\/wp-content\/uploads\/2020\/09\/NovoEstatuto_Live1_Capa-768x432.png 768w, https:\/\/eadn-wc02-718006.nxedge.io\/cdn\/wp-content\/uploads\/2020\/09\/NovoEstatuto_Live1_Capa-1536x864.png 1536w, https:\/\/eadn-wc02-718006.nxedge.io\/cdn\/wp-content\/uploads\/2020\/09\/NovoEstatuto_Live1_Capa-500x281.png 500w, https:\/\/eadn-wc02-718006.nxedge.io\/cdn\/wp-content\/uploads\/2020\/09\/NovoEstatuto_Live1_Capa.jpg 1920w\" data-src=\"https:\/\/eadn-wc02-718006.nxedge.io\/cdn\/wp-content\/uploads\/2020\/09\/NovoEstatuto_Live1_Capa-300x169.png\" data-sizes=\"(max-width: 300px) 100vw, 300px\" \/><\/p>\n<p style=\"text-align: justify;\">A programa\u00e7\u00e3o e o conte\u00fado foram propostos pelo Setor de An\u00e1lise de Conjuntura Eclesial da CNBB, presidido pelo bispo de S\u00e3o Carlos (SP) e referencial para o Setor Universidades da CNBB e para o Instituto Nacional de Pastoral Alberto Antoniazzi (INAPAZ), dom Paulo Cezar. O assessor do Setor Universidades e Bens Culturais da Comiss\u00e3o Episcopal Pastoral para Cultura e Educa\u00e7\u00e3o da entidade, padre Danilo Pinto dos Santos, colabora na organiza\u00e7\u00e3o dos webin\u00e1rios.<\/p>\n<h3 style=\"text-align: justify;\"><strong>O Novo Estatuto<\/strong><\/h3>\n<p style=\"text-align: justify;\">Seis etapas est\u00e3o previstas no processo de revis\u00e3o do Estatuto da CNBB. Entre reflex\u00e3o e formula\u00e7\u00e3o, a proposta seguir\u00e1 os passos de apresenta\u00e7\u00e3o da proposta estatut\u00e1ria e regimental aos bispos, com nova participa\u00e7\u00e3o dos blocos regionais, aprimoramento da reda\u00e7\u00e3o jur\u00eddico-can\u00f4nica e pr\u00e9via aprova\u00e7\u00e3o do Conselho Permanente. A partir da\u00ed, o documento segue para avalia\u00e7\u00e3o e aprova\u00e7\u00e3o durante a 58\u00aa Assembleia Geral da entidade, em 2021. Para entrar em vigor, \u00e9 necess\u00e1ria a s\u00e9tima etapa do processo, que \u00e9 a aprova\u00e7\u00e3o pela Santa S\u00e9.<\/p>\n<p style=\"text-align: justify;\"><strong>Saiba mais em:<\/strong><\/p>\n<p style=\"text-align: justify;\">\u2013\u00a0<a href=\"https:\/\/www.cnbb.org.br\/consep-setembro-2020-estatuto-pacto-pela-vida-pelo-brasil\/\">https:\/\/www.cnbb.org.br\/consep-setembro-2020-estatuto-pacto-pela-vida-pelo-brasil\/<\/a><\/p>\n<p style=\"text-align: justify;\">\u2013\u00a0<a href=\"https:\/\/www.cnbb.org.br\/cnbb-prepara-novo-estatuto-para-ser-mais-sinodal-e-missionaria\/\">https:\/\/www.cnbb.org.br\/cnbb-prepara-novo-estatuto-para-ser-mais-sinodal-e-missionaria\/<\/a><\/p>\n","protected":false},"excerpt":{"rendered":"<p>Na quinta-feira, dia 1\u00ba de outubro, a Confer\u00eancia Nacional dos Bispos do Brasil (CNBB) d\u00e1 in\u00edcio a uma s\u00e9rie de seis lives sobre o processo de constru\u00e7\u00e3o do novo estatuto da entidade. A ideia da renova\u00e7\u00e3o do estatuto \u00e9 que ele reflita o rosto da Igreja no Brasil e favore\u00e7a uma atualiza\u00e7\u00e3o de entendimento de [&hellip;]<\/p>\n","protected":false},"author":1,"featured_media":62888,"comment_status":"open","ping_status":"closed","sticky":false,"template":"","format":"standard","meta":{"footnotes":""},"categories":[7,13],"tags":[],"class_list":["post-62887","post","type-post","status-publish","format-standard","has-post-thumbnail","hentry","category-cnbb","category-featured"],"_links":{"self":[{"href":"https:\/\/catolicanet.net\/wp-cnet\/wp-json\/wp\/v2\/posts\/62887","targetHints":{"allow":["GET"]}}],"collection":[{"href":"https:\/\/catolicanet.net\/wp-cnet\/wp-json\/wp\/v2\/posts"}],"about":[{"href":"https:\/\/catolicanet.net\/wp-cnet\/wp-json\/wp\/v2\/types\/post"}],"author":[{"embeddable":true,"href":"https:\/\/catolicanet.net\/wp-cnet\/wp-json\/wp\/v2\/users\/1"}],"replies":[{"embeddable":true,"href":"https:\/\/catolicanet.net\/wp-cnet\/wp-json\/wp\/v2\/comments?post=62887"}],"version-history":[{"count":1,"href":"https:\/\/catolicanet.net\/wp-cnet\/wp-json\/wp\/v2\/posts\/62887\/revisions"}],"predecessor-version":[{"id":62889,"href":"https:\/\/catolicanet.net\/wp-cnet\/wp-json\/wp\/v2\/posts\/62887\/revisions\/62889"}],"wp:featuredmedia":[{"embeddable":true,"href":"https:\/\/catolicanet.net\/wp-cnet\/wp-json\/wp\/v2\/media\/62888"}],"wp:attachment":[{"href":"https:\/\/catolicanet.net\/wp-cnet\/wp-json\/wp\/v2\/media?parent=62887"}],"wp:term":[{"taxonomy":"category","embeddable":true,"href":"https:\/\/catolicanet.net\/wp-cnet\/wp-json\/wp\/v2\/categories?post=62887"},{"taxonomy":"post_tag","embeddable":true,"href":"https:\/\/catolicanet.net\/wp-cnet\/wp-json\/wp\/v2\/tags?post=62887"}],"curies":[{"name":"wp","href":"https:\/\/api.w.org\/{rel}","templated":true}]}}