{"id":62881,"date":"2020-09-30T09:16:44","date_gmt":"2020-09-30T12:16:44","guid":{"rendered":"https:\/\/catolicanet.net\/wp-cnet\/?p=62881"},"modified":"2020-09-30T12:17:25","modified_gmt":"2020-09-30T15:17:25","slug":"comeca-a-visita-do-grupo-moneyval-ao-vaticano","status":"publish","type":"post","link":"https:\/\/catolicanet.net\/wp-cnet\/comeca-a-visita-do-grupo-moneyval-ao-vaticano\/","title":{"rendered":"Come\u00e7a a visita do Grupo Moneyval ao Vaticano"},"content":{"rendered":"<figure class=\"article__image\" style=\"text-align: justify;\"><span class=\"didascalia_img\">Sede do Instituto para as Obras de Religi\u00e3o (IOR)\u00a0 (\u00c2\u00a9 Vatican Media)<\/span><\/figure>\n<div class=\"article__meta\">\n<div class=\"article__subTitle\" style=\"text-align: justify;\">A visita do Comit\u00ea do Conselho da Europa se insere nas avalia\u00e7\u00f5es peri\u00f3dicas das jurisdi\u00e7\u00f5es membros do Grupo de preven\u00e7\u00e3o da lavagem de dinheiro e do financiamento do terrorismo.<\/div>\n<div class=\"title__separator\" style=\"text-align: justify;\"><\/div>\n<div class=\"article__text \">\n<p style=\"text-align: justify;\"><b>Vatican News<\/b><\/p>\n<p style=\"text-align: justify;\">A Sala de Imprensa da Santa S\u00e9 informa, atrav\u00e9s de um comunicado, que teve in\u00edcio, nesta quarta-feira (30\/09), no Vaticano, a visita do Comit\u00ea de Especialistas do Conselho da Europa sobre a avalia\u00e7\u00e3o de medidas para combater a lavagem de dinheiro e o financiamento do terrorismo.<\/p>\n<p style=\"text-align: justify;\">Segundo o comunicado, a visita se realiza \u201cno \u00e2mbito da Quinta Rodada de Avalia\u00e7\u00e3o (&#8216;Fifth Evaluation Round&#8217;), concordada em 2019, \u00e0 qual est\u00e3o progressivamente submetidas todas as jurisdi\u00e7\u00f5es pertencentes ao Grupo Moneyval. Esta fase de avalia\u00e7\u00f5es tem como principal objeto de interesse a efic\u00e1cia dos instrumentos legislativos e organizacionais adotados nos \u00faltimos anos pelas jurisdi\u00e7\u00f5es para prevenir a lavagem de dinheiro e o financiamento do terrorismo\u201d. O calend\u00e1rio dessas visitas \u00e9 estabelecido pela Moneyval e n\u00e3o tem nenhuma liga\u00e7\u00e3o com os assuntos internos dos diversos pa\u00edses.<\/p>\n<p style=\"text-align: justify;\">\u201cA avalia\u00e7\u00e3o atual para a Santa S\u00e9 se insere no quadro da evolu\u00e7\u00e3o natural de um processo que come\u00e7ou com a primeira visita ao local em 2012 e a sucessiva ado\u00e7\u00e3o do Relat\u00f3rio de Avalia\u00e7\u00e3o M\u00fatua de 4 de julho de 2012 e continuou com o Primeiro Relat\u00f3rio de Progressos de 9 de dezembro de 2013, o Segundo Relat\u00f3rio de Progressos de 8 de dezembro de 2015 e o Terceiro Relat\u00f3rio de Progressos de 6 de dezembro de 2017\u201d, refere a Sala de Imprensa da Santa S\u00e9.<\/p>\n<p style=\"text-align: justify;\">As jurisdi\u00e7\u00f5es da Alb\u00e2nia, Andorra, Arm\u00eania, Gibraltar, Ilha de Man, Let\u00f4nia, Litu\u00e2nia, Malta, Mold\u00e1via, Rep\u00fablica Tcheca, Ucr\u00e2nia, Hungria, S\u00e9rvia e Eslov\u00eania j\u00e1 foram avaliadas pela Moneyval. Junto com a Santa S\u00e9, come\u00e7a tamb\u00e9m a visita \u00e0 Rep\u00fablica de S\u00e3o Marinho.<\/p>\n<\/div>\n<\/div>\n","protected":false},"excerpt":{"rendered":"<p>Sede do Instituto para as Obras de Religi\u00e3o (IOR)\u00a0 (\u00c2\u00a9 Vatican Media) A visita do Comit\u00ea do Conselho da Europa se insere nas avalia\u00e7\u00f5es peri\u00f3dicas das jurisdi\u00e7\u00f5es membros do Grupo de preven\u00e7\u00e3o da lavagem de dinheiro e do financiamento do terrorismo. Vatican News A Sala de Imprensa da Santa S\u00e9 informa, atrav\u00e9s de um comunicado, [&hellip;]<\/p>\n","protected":false},"author":1,"featured_media":62882,"comment_status":"open","ping_status":"closed","sticky":false,"template":"","format":"standard","meta":{"footnotes":""},"categories":[3],"tags":[],"class_list":["post-62881","post","type-post","status-publish","format-standard","has-post-thumbnail","hentry","category-vaticano"],"_links":{"self":[{"href":"https:\/\/catolicanet.net\/wp-cnet\/wp-json\/wp\/v2\/posts\/62881","targetHints":{"allow":["GET"]}}],"collection":[{"href":"https:\/\/catolicanet.net\/wp-cnet\/wp-json\/wp\/v2\/posts"}],"about":[{"href":"https:\/\/catolicanet.net\/wp-cnet\/wp-json\/wp\/v2\/types\/post"}],"author":[{"embeddable":true,"href":"https:\/\/catolicanet.net\/wp-cnet\/wp-json\/wp\/v2\/users\/1"}],"replies":[{"embeddable":true,"href":"https:\/\/catolicanet.net\/wp-cnet\/wp-json\/wp\/v2\/comments?post=62881"}],"version-history":[{"count":1,"href":"https:\/\/catolicanet.net\/wp-cnet\/wp-json\/wp\/v2\/posts\/62881\/revisions"}],"predecessor-version":[{"id":62883,"href":"https:\/\/catolicanet.net\/wp-cnet\/wp-json\/wp\/v2\/posts\/62881\/revisions\/62883"}],"wp:featuredmedia":[{"embeddable":true,"href":"https:\/\/catolicanet.net\/wp-cnet\/wp-json\/wp\/v2\/media\/62882"}],"wp:attachment":[{"href":"https:\/\/catolicanet.net\/wp-cnet\/wp-json\/wp\/v2\/media?parent=62881"}],"wp:term":[{"taxonomy":"category","embeddable":true,"href":"https:\/\/catolicanet.net\/wp-cnet\/wp-json\/wp\/v2\/categories?post=62881"},{"taxonomy":"post_tag","embeddable":true,"href":"https:\/\/catolicanet.net\/wp-cnet\/wp-json\/wp\/v2\/tags?post=62881"}],"curies":[{"name":"wp","href":"https:\/\/api.w.org\/{rel}","templated":true}]}}