{"id":62863,"date":"2020-09-29T09:41:50","date_gmt":"2020-09-29T12:41:50","guid":{"rendered":"https:\/\/catolicanet.net\/wp-cnet\/?p=62863"},"modified":"2020-09-29T10:42:45","modified_gmt":"2020-09-29T13:42:45","slug":"joao-paulo-ii-e-a-oracao-a-sao-miguel-para-proteger-a-vida-no-utero","status":"publish","type":"post","link":"https:\/\/catolicanet.net\/wp-cnet\/joao-paulo-ii-e-a-oracao-a-sao-miguel-para-proteger-a-vida-no-utero\/","title":{"rendered":"Jo\u00e3o Paulo II e a ora\u00e7\u00e3o a S\u00e3o Miguel para proteger a vida no \u00fatero"},"content":{"rendered":"<h2 class=\"subtitle\" style=\"text-align: justify;\">O Papa polon\u00eas encarava a luta pela prote\u00e7\u00e3o da vida intrauterina como uma batalha espiritual<\/h2>\n<p style=\"text-align: justify;\">S\u00e3o Jo\u00e3o Paulo II era conhecido pelo seu comprometimento com a causa pr\u00f3-vida. Ele acreditava que tanto a crian\u00e7a quanto a m\u00e3e mereciam ser cuidadas e protegidas.<\/p>\n<p style=\"text-align: justify;\">Em particular, o Papa polon\u00eas encarava a luta pela prote\u00e7\u00e3o da vida intrauterina como uma batalha espiritual. Ele viu isso com mais clareza quando leu um cap\u00edtulo do Livro do Apocalipse, no qual S\u00e3o Jo\u00e3o descreve a vis\u00e3o de uma mulher prestes a dar \u00e0 luz.<\/p>\n<p style=\"text-align: justify;\">Jo\u00e3o Paulo II relatou suas observa\u00e7\u00f5es em uma\u00a0<a href=\"http:\/\/www.vatican.va\/content\/john-paul-ii\/pt\/angelus\/1994.index.html\" target=\"_blank\" rel=\"noopener noreferrer\"><em>Regina Caeli<\/em><\/a>\u00a0em 1994:<\/p>\n<blockquote><p><em>Durante o tempo da P\u00e1scoa, a Igreja l\u00ea o Livro do Apocalipse, que cont\u00e9m as palavras relativas ao grande sinal que apareceu no c\u00e9u: uma mulher vestida de sol; esta \u00e9 a mulher prestes a dar \u00e0 luz. O ap\u00f3stolo Jo\u00e3o v\u00ea surgir diante dele um drag\u00e3o vermelho, decidido a devorar o rec\u00e9m-nascido (cf. Ap 12,1-4).<\/em><\/p>\n<p><em>Esta imagem apocal\u00edptica tamb\u00e9m pertence ao mist\u00e9rio da ressurrei\u00e7\u00e3o. A Igreja o prop\u00f5e novamente no dia da Assun\u00e7\u00e3o da M\u00e3e de Deus. \u00c9 uma imagem que tem express\u00e3o tamb\u00e9m nos nossos tempos, em particular no Ano da Fam\u00edlia. Quando de fato todas as amea\u00e7as se acumulam diante da mulher que ela est\u00e1 prestes a trazer a vida ao mundo, devemos nos voltar para a Mulher vestida de sol, para que envolva com seus cuidados maternos todo ser humano minado no materno \u00fatero.<\/em><\/p><\/blockquote>\n<div id=\"aleteia-welcome\" style=\"text-align: justify;\"><\/div>\n<p style=\"text-align: justify;\">Ele explica, ent\u00e3o, como S\u00e3o Miguel Arcanjo \u00e9 um forte defensor dessa batalha espiritual e por que devemos rezar a ora\u00e7\u00e3o de S\u00e3o Miguel:<\/p>\n<blockquote><p><em>A ora\u00e7\u00e3o nos fortalece para aquela batalha espiritual de que fala a Carta aos Ef\u00e9sios: \u201cfortale\u00adcei-vos no Senhor, pelo seu soberano poder\u201d(Ef 6,10). \u00c9 a esta mesma batalha a que o livro do Apocalipse se refere, recordando aos nossos olhos a imagem de S\u00e3o Miguel Arcanjo (cf. Ap 12, 7). O Papa Le\u00e3o XIII estava certamente bem ciente desta cena quando, no final do s\u00e9culo passado, apresentou uma ora\u00e7\u00e3o especial a S\u00e3o Miguel para toda a Igreja: \u201cS\u00e3o Miguel Arcanjo, defendei-nos na batalha. Sede nossa prote\u00e7\u00e3o contra a maldade e armadilhas do diabo \u2026 \u201d<\/em><\/p>\n<p><em>Mesmo que hoje essa ora\u00e7\u00e3o n\u00e3o seja mais recitada no final da celebra\u00e7\u00e3o eucar\u00edstica, convido a todos a n\u00e3o a esquecer, mas a recit\u00e1-la para obter ajuda na batalha contra as for\u00e7as das trevas e contra o esp\u00edrito deste mundo.<\/em><\/p><\/blockquote>\n<p style=\"text-align: justify;\">Embora a prote\u00e7\u00e3o da vida no \u00fatero exija uma abordagem multifacetada e compassiva, n\u00e3o devemos esquecer a batalha espiritual que est\u00e1 ocorrendo e como Satan\u00e1s se deleita muito com a destrui\u00e7\u00e3o da vida humana.<\/p>\n<p style=\"text-align: justify;\">Portanto, reze:<\/p>\n<div id=\"article-desk-content-p6-ad_2020_09_29_joao-paulo-ii-e-a-oracao-a-sao-miguel-para-proteger-a-vida-no-utero\" class=\"css-y9mcup\" data-google-query-id=\"CLLFg4m_juwCFYkuuQYdJCAPOg\">\n<div id=\"google_ads_iframe_64500793\/PT_DESK_ARTICLE_WELCOME_1X1_0__container__\"><\/div>\n<\/div>\n<blockquote><p><em>S\u00e3o Miguel Arcanjo, defendei-nos no combate, sede o nosso ref\u00fagio contra as maldades e ciladas do dem\u00f4nio. Ordene-lhe Deus, instantemente o pedimos, e v\u00f3s, pr\u00edncipe da mil\u00edcia celeste, pela virtude divina, precipitai no inferno a satan\u00e1s e aos outros esp\u00edritos malignos, que andam pelo mundo para perder as almas.\u00a0Am\u00e9m.<\/em><\/p><\/blockquote>\n","protected":false},"excerpt":{"rendered":"<p>O Papa polon\u00eas encarava a luta pela prote\u00e7\u00e3o da vida intrauterina como uma batalha espiritual S\u00e3o Jo\u00e3o Paulo II era conhecido pelo seu comprometimento com a causa pr\u00f3-vida. Ele acreditava que tanto a crian\u00e7a quanto a m\u00e3e mereciam ser cuidadas e protegidas. Em particular, o Papa polon\u00eas encarava a luta pela prote\u00e7\u00e3o da vida intrauterina [&hellip;]<\/p>\n","protected":false},"author":1,"featured_media":62864,"comment_status":"open","ping_status":"closed","sticky":false,"template":"","format":"standard","meta":{"footnotes":""},"categories":[4],"tags":[],"class_list":["post-62863","post","type-post","status-publish","format-standard","has-post-thumbnail","hentry","category-cotidiano"],"_links":{"self":[{"href":"https:\/\/catolicanet.net\/wp-cnet\/wp-json\/wp\/v2\/posts\/62863","targetHints":{"allow":["GET"]}}],"collection":[{"href":"https:\/\/catolicanet.net\/wp-cnet\/wp-json\/wp\/v2\/posts"}],"about":[{"href":"https:\/\/catolicanet.net\/wp-cnet\/wp-json\/wp\/v2\/types\/post"}],"author":[{"embeddable":true,"href":"https:\/\/catolicanet.net\/wp-cnet\/wp-json\/wp\/v2\/users\/1"}],"replies":[{"embeddable":true,"href":"https:\/\/catolicanet.net\/wp-cnet\/wp-json\/wp\/v2\/comments?post=62863"}],"version-history":[{"count":1,"href":"https:\/\/catolicanet.net\/wp-cnet\/wp-json\/wp\/v2\/posts\/62863\/revisions"}],"predecessor-version":[{"id":62865,"href":"https:\/\/catolicanet.net\/wp-cnet\/wp-json\/wp\/v2\/posts\/62863\/revisions\/62865"}],"wp:featuredmedia":[{"embeddable":true,"href":"https:\/\/catolicanet.net\/wp-cnet\/wp-json\/wp\/v2\/media\/62864"}],"wp:attachment":[{"href":"https:\/\/catolicanet.net\/wp-cnet\/wp-json\/wp\/v2\/media?parent=62863"}],"wp:term":[{"taxonomy":"category","embeddable":true,"href":"https:\/\/catolicanet.net\/wp-cnet\/wp-json\/wp\/v2\/categories?post=62863"},{"taxonomy":"post_tag","embeddable":true,"href":"https:\/\/catolicanet.net\/wp-cnet\/wp-json\/wp\/v2\/tags?post=62863"}],"curies":[{"name":"wp","href":"https:\/\/api.w.org\/{rel}","templated":true}]}}