{"id":62854,"date":"2020-09-29T09:37:34","date_gmt":"2020-09-29T12:37:34","guid":{"rendered":"https:\/\/catolicanet.net\/wp-cnet\/?p=62854"},"modified":"2020-09-29T10:38:22","modified_gmt":"2020-09-29T13:38:22","slug":"vaticano-anuncia-tema-para-o-dia-mundial-das-comunicacoes-de-2021","status":"publish","type":"post","link":"https:\/\/catolicanet.net\/wp-cnet\/vaticano-anuncia-tema-para-o-dia-mundial-das-comunicacoes-de-2021\/","title":{"rendered":"Vaticano anuncia tema para o Dia Mundial das Comunica\u00e7\u00f5es de 2021"},"content":{"rendered":"<p style=\"text-align: justify;\">A Sala de imprensa da Santa S\u00e9 informou que o tema da 55\u00aa Mensagem para o Dia Mundial das Comunica\u00e7\u00f5es Sociais, que se realizar\u00e1 em maio de 2021, ser\u00e1: \u201cVem e v\u00ea! Comunicar encontrando as pessoas como e onde est\u00e3o\u201d.<\/p>\n<p style=\"text-align: justify;\">A Mensagem do Papa Francisco para este dia \u00e9 tradicionalmente publicada na festa de S\u00e3o Francisco de Sales, padroeiro dos jornalistas, todo dia 24 de janeiro, e o dia \u00e9 sempre celebrado no domingo anterior ao\u00a0<a href=\"https:\/\/www.acidigital.com\/fiestas\/pentecostes\/index.html\">Pentecostes<\/a>.<\/p>\n<p style=\"text-align: justify;\">O tema do pr\u00f3ximo Dia Mundial das Comunica\u00e7\u00f5es \u00e9 baseado na passagem do Evangelho de S\u00e3o Jo\u00e3o (1,46) &#8220;Vem e v\u00ea&#8221;. \u201cEstas palavras do ap\u00f3stolo Filipe s\u00e3o centrais no Evangelho. O an\u00fancio crist\u00e3o, mais do que palavras, \u00e9 feito de olhares, testemunhos experi\u00eancias, encontros, proximidade. \u00c9 uma palavra de\u00a0<a href=\"https:\/\/www.acidigital.com\/vida\/index.html\">vida<\/a>\u201d, descreve um comunicado do Vaticano.<\/p>\n<p style=\"text-align: justify;\">\u201cNo momento hist\u00f3rico que estamos a viver, um tempo que nos obriga ao distanciamento social por causa da pandemia, a comunica\u00e7\u00e3o pode tornar poss\u00edvel a proximidade necess\u00e1ria para reconhecer o essencial e compreender o verdadeiro significado das coisas\u201d, continua a nota.<\/p>\n<div class=\"ad_inline\" style=\"text-align: justify;\"><\/div>\n<p style=\"text-align: justify;\">\n<p style=\"text-align: justify;\">Nesse sentido, o texto acrescenta que \u201cn\u00e3o conhecemos a verdade se n\u00e3o a experimentamos, se n\u00e3o encontramos as pessoas, se n\u00e3o participamos de suas alegrias e tristezas\u201d e cita um velho ditado \u201cDeus te encontra onde est\u00e1s\u201d para destacar que \u201cpode ser um guia para quem trabalha nos meios de informa\u00e7\u00e3o ou na comunica\u00e7\u00e3o na\u00a0<a href=\"https:\/\/www.acidigital.com\/igreja\/index.html\">Igreja<\/a>\u201d.<\/p>\n<p style=\"text-align: justify;\">\u201cNo chamado dos primeiros disc\u00edpulos, com Jesus que sai ao seu encontro e os convida a segui-lo, vemos tamb\u00e9m o convite a utilizar todos os meios de comunica\u00e7\u00e3o, em todas as suas formas, para chegar \u00e0s pessoas como s\u00e3o e onde vivem\u201d, destaca o comunicado do Vaticano.<\/p>\n<p style=\"text-align: justify;\"><strong>Aqui est\u00e1 o Evangelho no qual a mensagem se baseia:<\/strong><\/p>\n<p style=\"text-align: justify;\">Jo\u00e3o 1, 43-46<\/p>\n<p style=\"text-align: justify;\">&#8220;No dia seguinte, tinha Jesus a inten\u00e7\u00e3o de dirigir-se \u00e0 Galileia. Encontra Filipe e diz-lhe: \u201cSegue-me\u201d. 44.(Filipe era natural de Betsaida, cidade de Andr\u00e9 e Pedro.) 45.Filipe encontra Natanael e diz-lhe: \u201cAchamos aquele de quem Mois\u00e9s escreveu na Lei e que os profetas anunciaram: \u00e9 Jesus de Nazar\u00e9, filho de Jos\u00e9\u201d.* 46.Respondeu-lhe Natanael: \u201cPode, porventura, vir coisa boa de Nazar\u00e9?\u201d Filipe retrucou: \u201cVem e v\u00ea\u201d.&#8221;<\/p>\n","protected":false},"excerpt":{"rendered":"<p>A Sala de imprensa da Santa S\u00e9 informou que o tema da 55\u00aa Mensagem para o Dia Mundial das Comunica\u00e7\u00f5es Sociais, que se realizar\u00e1 em maio de 2021, ser\u00e1: \u201cVem e v\u00ea! Comunicar encontrando as pessoas como e onde est\u00e3o\u201d. A Mensagem do Papa Francisco para este dia \u00e9 tradicionalmente publicada na festa de S\u00e3o [&hellip;]<\/p>\n","protected":false},"author":1,"featured_media":62855,"comment_status":"open","ping_status":"closed","sticky":false,"template":"","format":"standard","meta":{"footnotes":""},"categories":[4],"tags":[],"class_list":["post-62854","post","type-post","status-publish","format-standard","has-post-thumbnail","hentry","category-cotidiano"],"_links":{"self":[{"href":"https:\/\/catolicanet.net\/wp-cnet\/wp-json\/wp\/v2\/posts\/62854","targetHints":{"allow":["GET"]}}],"collection":[{"href":"https:\/\/catolicanet.net\/wp-cnet\/wp-json\/wp\/v2\/posts"}],"about":[{"href":"https:\/\/catolicanet.net\/wp-cnet\/wp-json\/wp\/v2\/types\/post"}],"author":[{"embeddable":true,"href":"https:\/\/catolicanet.net\/wp-cnet\/wp-json\/wp\/v2\/users\/1"}],"replies":[{"embeddable":true,"href":"https:\/\/catolicanet.net\/wp-cnet\/wp-json\/wp\/v2\/comments?post=62854"}],"version-history":[{"count":1,"href":"https:\/\/catolicanet.net\/wp-cnet\/wp-json\/wp\/v2\/posts\/62854\/revisions"}],"predecessor-version":[{"id":62856,"href":"https:\/\/catolicanet.net\/wp-cnet\/wp-json\/wp\/v2\/posts\/62854\/revisions\/62856"}],"wp:featuredmedia":[{"embeddable":true,"href":"https:\/\/catolicanet.net\/wp-cnet\/wp-json\/wp\/v2\/media\/62855"}],"wp:attachment":[{"href":"https:\/\/catolicanet.net\/wp-cnet\/wp-json\/wp\/v2\/media?parent=62854"}],"wp:term":[{"taxonomy":"category","embeddable":true,"href":"https:\/\/catolicanet.net\/wp-cnet\/wp-json\/wp\/v2\/categories?post=62854"},{"taxonomy":"post_tag","embeddable":true,"href":"https:\/\/catolicanet.net\/wp-cnet\/wp-json\/wp\/v2\/tags?post=62854"}],"curies":[{"name":"wp","href":"https:\/\/api.w.org\/{rel}","templated":true}]}}