{"id":6282,"date":"2015-08-06T13:37:51","date_gmt":"2015-08-06T16:37:51","guid":{"rendered":"http:\/\/catolicanet.net\/wp-cnet\/papa-na-familia-aprendemos-amar-sem-pedir-nada-em-troca\/"},"modified":"2017-04-11T10:03:14","modified_gmt":"2017-04-11T13:03:14","slug":"papa-na-familia-aprendemos-amar-sem-pedir-nada-em-troca","status":"publish","type":"post","link":"https:\/\/catolicanet.net\/wp-cnet\/papa-na-familia-aprendemos-amar-sem-pedir-nada-em-troca\/","title":{"rendered":"Papa: Na fam\u00edlia aprendemos amar sem pedir nada em troca"},"content":{"rendered":"<p style=\"text-align: justify;\"><img decoding=\"async\" src=\"http:\/\/catolicanet.com.br\/images\/stories\/geral\/na familia.jpg\" border=\"0\" align=\"left\" \/>O Papa Francisco tuitou nesta quinta-feira (06\/08) a seguinte mensagem: \u201cAprendemos muitas virtudes numa fam\u00edlia crist\u00e3, sobretudo amar sem pedir nada em troca.\u201d<\/p>\n<p>O pont\u00edfice sempre convida a dar uma maior aten\u00e7\u00e3o para a fam\u00edlia, c\u00e9lula vital da sociedade, e ao acompanhamento dos noivos ao matrim\u00f4nio. O Papa convida tamb\u00e9m a acolher as pessoas separadas que sofrem por causa da fal\u00eancia de seu projeto de vida conjugal e por outras situa\u00e7\u00f5es de desconforto familiar que dificultam o caminho de f\u00e9 e de vida na Igreja.<\/p>\n<p>Na Audi\u00eancia Geral desta quarta-feira (05\/08), Francisco disse que os casais de segunda uni\u00e3o fazem parte da Igreja. \u201cA Igreja bem sabe que tal situa\u00e7\u00e3o contradiz o Sacramento crist\u00e3o. Todavia, o seu olhar de mestra parte sempre de um cora\u00e7\u00e3o de m\u00e3e; um cora\u00e7\u00e3o que, animado pelo Esp\u00edrito Santo, procura sempre o bem e a salva\u00e7\u00e3o das pessoas. \u00c9 por isso que a Igreja sente o dever, pelo amor da verdade, de discernir bem as situa\u00e7\u00f5es\u201d, afirmou o Santo Padre.\u00a0 <\/p>\n<p>O Pe. Idelfonso Braz da Arquidiocese de Belo Horizonte (MG) participou da Audi\u00eancia Geral e comentou as palavras do Papa Francisco a prop\u00f3sito das pessoas que partiram para uma segunda uni\u00e3o.<\/p>\n<p style=\"text-align: justify;\">Fonte: R\u00e1dio Vaticano<\/p>\n","protected":false},"excerpt":{"rendered":"<p>O Papa Francisco tuitou nesta quinta-feira (06\/08) a seguinte mensagem: \u201cAprendemos muitas virtudes numa fam\u00edlia crist\u00e3, sobretudo amar sem pedir nada em troca.\u201d O pont\u00edfice sempre convida a dar uma maior aten\u00e7\u00e3o para a fam\u00edlia, c\u00e9lula vital da sociedade, e ao acompanhamento dos noivos ao matrim\u00f4nio. O Papa convida tamb\u00e9m a acolher as pessoas separadas [&hellip;]<\/p>\n","protected":false},"author":1,"featured_media":0,"comment_status":"closed","ping_status":"closed","sticky":false,"template":"","format":"standard","meta":{"footnotes":""},"categories":[3],"tags":[],"class_list":["post-6282","post","type-post","status-publish","format-standard","hentry","category-vaticano"],"_links":{"self":[{"href":"https:\/\/catolicanet.net\/wp-cnet\/wp-json\/wp\/v2\/posts\/6282","targetHints":{"allow":["GET"]}}],"collection":[{"href":"https:\/\/catolicanet.net\/wp-cnet\/wp-json\/wp\/v2\/posts"}],"about":[{"href":"https:\/\/catolicanet.net\/wp-cnet\/wp-json\/wp\/v2\/types\/post"}],"author":[{"embeddable":true,"href":"https:\/\/catolicanet.net\/wp-cnet\/wp-json\/wp\/v2\/users\/1"}],"replies":[{"embeddable":true,"href":"https:\/\/catolicanet.net\/wp-cnet\/wp-json\/wp\/v2\/comments?post=6282"}],"version-history":[{"count":1,"href":"https:\/\/catolicanet.net\/wp-cnet\/wp-json\/wp\/v2\/posts\/6282\/revisions"}],"predecessor-version":[{"id":11208,"href":"https:\/\/catolicanet.net\/wp-cnet\/wp-json\/wp\/v2\/posts\/6282\/revisions\/11208"}],"wp:attachment":[{"href":"https:\/\/catolicanet.net\/wp-cnet\/wp-json\/wp\/v2\/media?parent=6282"}],"wp:term":[{"taxonomy":"category","embeddable":true,"href":"https:\/\/catolicanet.net\/wp-cnet\/wp-json\/wp\/v2\/categories?post=6282"},{"taxonomy":"post_tag","embeddable":true,"href":"https:\/\/catolicanet.net\/wp-cnet\/wp-json\/wp\/v2\/tags?post=6282"}],"curies":[{"name":"wp","href":"https:\/\/api.w.org\/{rel}","templated":true}]}}