{"id":6281,"date":"2015-08-06T13:28:17","date_gmt":"2015-08-06T16:28:17","guid":{"rendered":"http:\/\/catolicanet.net\/wp-cnet\/os-quatro-itinerarios-de-fe-a-serem-percorridos-no-jubileu\/"},"modified":"2017-04-11T10:03:39","modified_gmt":"2017-04-11T13:03:39","slug":"os-quatro-itinerarios-de-fe-a-serem-percorridos-no-jubileu","status":"publish","type":"post","link":"https:\/\/catolicanet.net\/wp-cnet\/os-quatro-itinerarios-de-fe-a-serem-percorridos-no-jubileu\/","title":{"rendered":"Os quatro itiner\u00e1rios de f\u00e9 a serem percorridos no Jubileu"},"content":{"rendered":"<p style=\"text-align: justify;\"><img decoding=\"async\" src=\"http:\/\/catolicanet.com.br\/images\/stories\/geral\/4 ajubileu.jpg\" border=\"0\" align=\"left\" \/>Igrejas, pra\u00e7as, pequenas vielas e fontes. Inspirada nos antigos trajetos percorridos por s\u00e9culos por peregrinos que vinham \u00e0 Cidade Eterna, a Prefeitura de Roma apresentou, na quarta-feira (5\/8), junto com a Obra Romana de Peregrina\u00e7\u00f5es, quatro itiner\u00e1rios a serem percorridos \u00e0 p\u00e9. Os percursos v\u00e3o oferecer uma experi\u00eancia religiosa e cultural aos fi\u00e9is que chegar\u00e3o ao Vaticano por ocasi\u00e3o do Ano Santo da Miseric\u00f3rdia.<\/p>\n<p>Inspira\u00e7\u00e3o no Papa Francisco<\/p>\n<p>A iniciativa foi inspirada nas palavras do Papa Francisco que desejou,\u00a0 por ocasi\u00e3o do Ano Jubilar, \u201cque os peregrinos chegassem aos locais de culto, incluindo as catacumbas, como uma verdadeira peregrina\u00e7\u00e3o, portanto, com parte do caminho feito \u00e0 p\u00e9\u201d.<\/p>\n<p>Todos os quatro itiner\u00e1rios levar\u00e3o ao Vaticano. Neste sentido, durante todo o Ano Santo, ser\u00e1 organizada uma faixa para pedestres extra na Via da Concilia\u00e7\u00e3o, que poder\u00e1 ser removida quando da realiza\u00e7\u00e3o de grandes eventos. Permanecer\u00e3o, no entanto, restrita somente aos pedestres, a Pra\u00e7a do Rel\u00f3gio, Pra\u00e7a Santo Agostinho e Pra\u00e7a S\u00e3o Salvador em Lauro.<\/p>\n<p>Os itiner\u00e1rios<\/p>\n<p>Os quatro itiner\u00e1rios a serem percorridos \u00e0 p\u00e9 evitar\u00e3o as grandes ruas e pra\u00e7as como a Via Cavour, Campo di Fiori, Corso Vittorio, dando prefer\u00eancia aos percursos feitos por antigos peregrinos. O ponto de chegada ser\u00e1 sempre S\u00e3o Pedro. O Primeiro e segundo percurso (o \u2018Caminho Papal\u2019) partem da Bas\u00edlica de S\u00e3o Jo\u00e3o de Latr\u00e3o, passando pelo Coliseu e chegando ao Vaticano com duas variantes: Via dei Banchi Nuovi e Via dei Coronari. O terceiro itiner\u00e1rio (o \u2018Caminho do peregrino\u2019) parte tamb\u00e9m da Bas\u00edlica de S\u00e3o Jo\u00e3o de Latr\u00e3o, mas passa pela Via de San Paolo ala Regola. O quarto itiner\u00e1rio (o \u2018Caminho mariano\u2019) parte da Bas\u00edlica Santa Maria Maior, passando pela Via Urbana, Foros Imperiais e C\u00e1rcere Mamertino.<\/p>\n<p>Igrejas da tradi\u00e7\u00e3o jubilar<\/p>\n<p>Ao longo dos quatro percursos poder\u00e3o ser visitadas Igrejas ligadas \u00e0 tradi\u00e7\u00e3o jubilar como S\u00e3o Jo\u00e3o dos Florentinos, Santo Esp\u00edrito em Sassia, S\u00e3o Salvador em Lauro, Santa Maria Vallicella e Sant\u00edssima Trindade dos Peregrinos. Os quatro caminhos de f\u00e9 ser\u00e3o enviados a todas as dioceses do mundo pela Santa S\u00e9. A Prefeitura e a Obra Romana de Peregrina\u00e7\u00f5es trabalham em outros percursos que englobem a Bas\u00edlica de S\u00e3o Paulo fora-dos-muros.<\/p>\n<p>Bicicletas<\/p>\n<p>Ao longo dos quatro itiner\u00e1rios estabelecidos, abertos tamb\u00e9m para as bicicletas, os peregrinos encontrar\u00e3o cal\u00e7adas mais espa\u00e7osas, faixas de seguran\u00e7a, novos e mais agrad\u00e1veis mobili\u00e1rios urbanos e nenhuma barreira arquitet\u00f4nica. Tudo isto, gra\u00e7as a um investimento de 800 mil euros por parte da Prefeitura da capital italiana, vindos do Pacto de estabilidade. As obras ser\u00e3o todas licitadas e os vencedores dever\u00e3o trabalhar dia e noite, sete dias por semana, para deixar tudo pronto at\u00e9 a abertura do Ano Santo em 8 de dezembro. Os itiner\u00e1rios ser\u00e3o totalmente sinalizados com placas e sinais indicativos.<\/p>\n<p>Transporte p\u00fablico<\/p>\n<p>Os peregrinos que preferirem n\u00e3o caminhar s\u00e3o incentivados a usar os meios de transporte p\u00fablico, como metr\u00f4, trem e \u00f4nibus de linha, evitando a entrada na cidade com \u00f4nibus tur\u00edsticos.<\/p>\n","protected":false},"excerpt":{"rendered":"<p>Igrejas, pra\u00e7as, pequenas vielas e fontes. Inspirada nos antigos trajetos percorridos por s\u00e9culos por peregrinos que vinham \u00e0 Cidade Eterna, a Prefeitura de Roma apresentou, na quarta-feira (5\/8), junto com a Obra Romana de Peregrina\u00e7\u00f5es, quatro itiner\u00e1rios a serem percorridos \u00e0 p\u00e9. Os percursos v\u00e3o oferecer uma experi\u00eancia religiosa e cultural aos fi\u00e9is que chegar\u00e3o [&hellip;]<\/p>\n","protected":false},"author":1,"featured_media":0,"comment_status":"closed","ping_status":"closed","sticky":false,"template":"","format":"standard","meta":{"footnotes":""},"categories":[3],"tags":[],"class_list":["post-6281","post","type-post","status-publish","format-standard","hentry","category-vaticano"],"_links":{"self":[{"href":"https:\/\/catolicanet.net\/wp-cnet\/wp-json\/wp\/v2\/posts\/6281","targetHints":{"allow":["GET"]}}],"collection":[{"href":"https:\/\/catolicanet.net\/wp-cnet\/wp-json\/wp\/v2\/posts"}],"about":[{"href":"https:\/\/catolicanet.net\/wp-cnet\/wp-json\/wp\/v2\/types\/post"}],"author":[{"embeddable":true,"href":"https:\/\/catolicanet.net\/wp-cnet\/wp-json\/wp\/v2\/users\/1"}],"replies":[{"embeddable":true,"href":"https:\/\/catolicanet.net\/wp-cnet\/wp-json\/wp\/v2\/comments?post=6281"}],"version-history":[{"count":1,"href":"https:\/\/catolicanet.net\/wp-cnet\/wp-json\/wp\/v2\/posts\/6281\/revisions"}],"predecessor-version":[{"id":11209,"href":"https:\/\/catolicanet.net\/wp-cnet\/wp-json\/wp\/v2\/posts\/6281\/revisions\/11209"}],"wp:attachment":[{"href":"https:\/\/catolicanet.net\/wp-cnet\/wp-json\/wp\/v2\/media?parent=6281"}],"wp:term":[{"taxonomy":"category","embeddable":true,"href":"https:\/\/catolicanet.net\/wp-cnet\/wp-json\/wp\/v2\/categories?post=6281"},{"taxonomy":"post_tag","embeddable":true,"href":"https:\/\/catolicanet.net\/wp-cnet\/wp-json\/wp\/v2\/tags?post=6281"}],"curies":[{"name":"wp","href":"https:\/\/api.w.org\/{rel}","templated":true}]}}