{"id":62796,"date":"2020-09-27T09:17:01","date_gmt":"2020-09-27T12:17:01","guid":{"rendered":"https:\/\/catolicanet.net\/wp-cnet\/?p=62796"},"modified":"2020-09-28T12:19:04","modified_gmt":"2020-09-28T15:19:04","slug":"vos-porem-mesmo-vendo-isso-nao-vos-arrependestes-para-crer-nele","status":"publish","type":"post","link":"https:\/\/catolicanet.net\/wp-cnet\/vos-porem-mesmo-vendo-isso-nao-vos-arrependestes-para-crer-nele\/","title":{"rendered":"V\u00f3s, por\u00e9m, mesmo vendo isso, n\u00e3o vos arrependestes para crer nele"},"content":{"rendered":"<p style=\"text-align: justify;\">Celebramos hoje o 26\u00ba Domingo do Tempo Comum e o tema da liturgia dessa semana continua sendo o perd\u00e3o, assim como temos acompanhado j\u00e1 h\u00e1 alguns Domingos. Hoje de maneira de especial observamos que todos n\u00f3s podemos nos arrepender de nossos \u201cerros\u201d passados e escolher o caminho da verdade e do amor.<\/p>\n<p style=\"text-align: justify;\">N\u00f3s temos o livre arb\u00edtrio para escolhermos qual caminho devemos seguir e se cairmos em si e vermos que estamos no caminho que desagrada a Deus ou fizemos a escolha errada para a nossa vida naquele momento, poder examinar a nossa consci\u00eancia e optar pelo caminho certo.<\/p>\n<p style=\"text-align: justify;\">Que esta celebra\u00e7\u00e3o deste domingo, em que celebramos o Dia Nacional da B\u00edblia, nos ajude a \u201cdescobrirmos\u201d qual o caminho que estamos escolhendo. Se \u00e9 o da mentira ou o da verdade, e se estamos sendo fi\u00e9is na miss\u00e3o a qual o Senhor nos chamou desde o nosso Batismo.<\/p>\n<p style=\"text-align: justify;\">Seguindo essa linha de pensamento que o profeta Ezequiel (<em>Ez 18,25-28)<\/em> na primeira leitura de hoje se dirige ao povo de Israel. O profeta questiona o povo que estava dizendo que a conduta do Senhor era errada. E o profeta indaga o povo: \u201c<em>\u00c9 a minha conduta que n\u00e3o \u00e9 correta, ou antes \u00e9 a vossa conduta que n\u00e3o \u00e9 correta\u201d?(Ez 18,25) <\/em>\u00a0O profeta diz que quando um justo se desvia do caminho da justi\u00e7a e pratica a injusti\u00e7a, \u00e9 pela injusti\u00e7a que ele cometeu que morrer\u00e1. E quando o \u00edmpio se arrepende de seus pecados ele conserva a sua vida. Essa leitura ser\u00e1 iluminada pelo Evangelho deste domingo.<\/p>\n<p style=\"text-align: justify;\">O profeta alerta a praticar o direito e a justi\u00e7a e com certeza viveremos e n\u00e3o morreremos. N\u00e3o coloquemos a culpa em Deus por causa de nossos erros, pois se ca\u00edmos foi por nossa pr\u00f3pria vontade e n\u00e3o a dele. Sempre nos guiemos pelo caminho da verdade e da justi\u00e7a para sempre estarmos de p\u00e9 diante do Senhor.<\/p>\n<p style=\"text-align: justify;\">O <em>salmo responsorial 24 (25)<\/em> nos recorda da bondade e da ternura do Senhor que est\u00e1 sempre propenso a perdoar as nossas faltas, desde que de cora\u00e7\u00e3o nos arrependamos. Devemos nos pautar pelo caminho do Senhor que \u00e9 a verdade e essa verdade nos conduz para a salva\u00e7\u00e3o e o caminho da mentira nos conduz para a \u201cperdi\u00e7\u00e3o\u201d.<\/p>\n<p style=\"text-align: justify;\">Na segunda leitura (<em>Fl 2,1-11<\/em>) S\u00e3o Paulo se dirige a comunidade de Filipos. \u00a0O Ap\u00f3stolo S\u00e3o Paulo nos mostra qual \u00e9 o caminho da humildade, e que n\u00e3o importa o \u201ccargo\u201d que tenhamos na vida devemos sempre respeitar o pr\u00f3ximo, nunca nos acharmos superiores ou melhores que ningu\u00e9m. O texto de Paulo \u00e9 solene: ele explicita que a sua maior consola\u00e7\u00e3o, alento e unidade no Esp\u00edrito ele pede para que eles ajudem a tornar completa a sua alegria: viver na unidade, harmonia, mesmo amor, nada fazendo por competi\u00e7\u00e3o ou vangl\u00f3ria. Da\u00ed ele cita o grande hino cristol\u00f3gico d\u2019Aquele, que sendo Deus se fez homem e deu a vida por n\u00f3s. E o ap\u00f3stolo ainda diz para termos os mesmos sentimentos de Cristo, que n\u00e3o usou do poder que ele tinha como uma \u201cusurpa\u00e7\u00e3o\u201d, mas esvaziou-se completamente e assumiu a condi\u00e7\u00e3o humana e deu a sua vida por n\u00f3s.<\/p>\n<p style=\"text-align: justify;\">No Evangelho de S\u00e3o Mateus (<em>Mt 21,28-32<\/em>) Jesus lan\u00e7a uma pergunta aos anci\u00e3os e sacerdotes do templo. Um homem tinha dois filhos, primeiro esse homem se dirige a um de seus filhos e pede que este v\u00e1 trabalhar na vinha, ele diz \u201cn\u00e3o\u201d, mas depois mudou de opini\u00e3o e foi. Em seguida o Pai se dirige ao outro filho, este diz \u201cSim\u201d, mas n\u00e3o foi. Em seguida Jesus pergunta: \u201c<em>Qual dos dois fez a vontade do Pai<\/em>\u201d?(Mt 21,31) Todos eles unanimem-te disseram que foi o primeiro.<\/p>\n<p style=\"text-align: justify;\">Jesus usa da resposta deles para dizer que os cobradores de impostos as prostitutas os precedem no Reino dos c\u00e9us. Pois ouviram a prega\u00e7\u00e3o de Jo\u00e3o Batista e se arrependeram de seus pecados e os anci\u00e3os e sacerdotes do templo que se entendiam fi\u00e9is a lei n\u00e3o aceitavam a prega\u00e7\u00e3o de Jesus. Eles mesmo vendo os sinais que Jesus realizava estavam como que \u201ccegos\u201d e n\u00e3o se arrependiam para crer nele.<\/p>\n<p style=\"text-align: justify;\">Observamos no Evangelho de hoje, que sempre h\u00e1 tempo para o arrependimento, ent\u00e3o, podemos num primeiro momento dizer \u201cn\u00e3o\u201d a verdade de Deus, mas depois ter tempo de cair em si e optar pelo \u201cSim\u201d a essa verdade. E quando cairmos por algum motivo devido aos nossos erros, n\u00e3o por a culpa em Deus, mas nos levantarmos e mudar a nossa conduta.<\/p>\n<p style=\"text-align: justify;\">Agradecidos pela celebra\u00e7\u00e3o do m\u00eas da B\u00edblia, que neste ano aprofundou o livro do Deuteron\u00f4mio, e que teve como tema \u201cAbre tua m\u00e3o para o teu irm\u00e3o!\u201d (Dt 15,11). Somente sabe repartir e socorrer os mais necessitados aqueles que dizem \u201cSim\u201d a Deus vivendo uma vida misericordiosa que \u00e9 traduzida em caridade e compaix\u00e3o. Nunca deixemos de abrir nossas m\u00e3os para os nossos irm\u00e3os, principalmente, os mais pobres, necessitados e os doentes de toda natureza.<\/p>\n<p style=\"text-align: justify;\">Al\u00e9m disso comemoramos hoje o 106\u00ba Dia Mundial do Migrante e Refugiado com a mensagem do Papa Francisco: For\u00e7ados como Jesus Cristo a fugir\u201d, acolher, proteger, promover e integrar os deslocados internos.<\/p>\n<table style=\"height: 459px;\" width=\"697\">\n<tbody>\n<tr>\n<td>Estamos tamb\u00e9m comemorando \u201cO Tempo da Cria\u00e7\u00e3o\u201d que come\u00e7ou dia 1\u00ba de setembro, Dia Mundial de Ora\u00e7\u00e3o pelo Cuidado da Cria\u00e7\u00e3o, e vai terminar em 4 de outubro, em mem\u00f3ria a S\u00e3o Francisco de Assis. A iniciativa deste ano acontece durante o Ano Especial de anivers\u00e1rio da Enc\u00edclica Laudato si&#8217;, 5 anos de sua publica\u00e7\u00e3o, lan\u00e7ada pelo Papa Francisco, que vai at\u00e9 24 de maio de 2021, organizada pelo Dicast\u00e9rio para o Servi\u00e7o do Desenvolvimento Humano Integral. O tema da edi\u00e7\u00e3o deste ano da preocupa\u00e7\u00e3o com a cria\u00e7\u00e3o que veio da tradi\u00e7\u00e3o oriental \u00e9 &#8220;Jubileu da Terra: novos ritmos, nova esperan\u00e7a&#8221;.<\/p>\n<p>Neste domingo comemoramos tamb\u00e9m o Dia Nacional do doador de \u00f3rg\u00e3os, gesto de caridade t\u00e3o importante dos familiares de algu\u00e9m que faleceu, ou mesmo, em alguns casos, grande generosidade evang\u00e9lica da doa\u00e7\u00e3o entre vivos.<\/p>\n<p>Tamb\u00e9m comemoramos o Dia Mundial do Turismo que nestes tempos tanto tem sofrido e ocasionado muito desemprego. A Igreja tem uma Pastoral do Turismo, n\u00e3o apenas voltada para o turismo religioso, mas tamb\u00e9m para a causa do turismo em geral.<\/td>\n<td>&nbsp;<\/td>\n<\/tr>\n<tr>\n<td><\/td>\n<td>&nbsp;<\/td>\n<\/tr>\n<\/tbody>\n<\/table>\n<p style=\"text-align: justify;\">Iluminados pela Palavra de hoje, vivamos o amor e a justi\u00e7a e experimentemos o perd\u00e3o e a miseric\u00f3rdia do Senhor em nossa vida e transmitamos esse amor h\u00e1 quem n\u00f3s encontrarmos. E assim como Jesus nos ensina, apresentemos o caminho da verdade para aqueles que est\u00e3o no caminho do erro, assim construiremos o Reino dos C\u00e9us.<\/p>\n<p style=\"text-align: justify;\">Que S\u00e3o Jer\u00f4nimo, cuja festa que ser\u00e1 no pr\u00f3ximo dia 30, ocasionou esse 49\u00ba m\u00eas da B\u00edblia e tamb\u00e9m o Dia Nacional da B\u00edblia, e que comemora neste ano 1600 anos de sua morte, interceda por nossa vida para que pela viv\u00eancia da Palavra de Deus e pela pr\u00e1tica do arrependimento e pelo perd\u00e3o efetuado a quem dele precisa, cheguemos a uma vida nova.<\/p>\n","protected":false},"excerpt":{"rendered":"<p>Celebramos hoje o 26\u00ba Domingo do Tempo Comum e o tema da liturgia dessa semana continua sendo o perd\u00e3o, assim como temos acompanhado j\u00e1 h\u00e1 alguns Domingos. Hoje de maneira de especial observamos que todos n\u00f3s podemos nos arrepender de nossos \u201cerros\u201d passados e escolher o caminho da verdade e do amor. N\u00f3s temos o [&hellip;]<\/p>\n","protected":false},"author":5,"featured_media":55819,"comment_status":"open","ping_status":"closed","sticky":false,"template":"","format":"standard","meta":{"footnotes":""},"categories":[9],"tags":[],"class_list":["post-62796","post","type-post","status-publish","format-standard","has-post-thumbnail","hentry","category-artigos"],"_links":{"self":[{"href":"https:\/\/catolicanet.net\/wp-cnet\/wp-json\/wp\/v2\/posts\/62796","targetHints":{"allow":["GET"]}}],"collection":[{"href":"https:\/\/catolicanet.net\/wp-cnet\/wp-json\/wp\/v2\/posts"}],"about":[{"href":"https:\/\/catolicanet.net\/wp-cnet\/wp-json\/wp\/v2\/types\/post"}],"author":[{"embeddable":true,"href":"https:\/\/catolicanet.net\/wp-cnet\/wp-json\/wp\/v2\/users\/5"}],"replies":[{"embeddable":true,"href":"https:\/\/catolicanet.net\/wp-cnet\/wp-json\/wp\/v2\/comments?post=62796"}],"version-history":[{"count":1,"href":"https:\/\/catolicanet.net\/wp-cnet\/wp-json\/wp\/v2\/posts\/62796\/revisions"}],"predecessor-version":[{"id":62797,"href":"https:\/\/catolicanet.net\/wp-cnet\/wp-json\/wp\/v2\/posts\/62796\/revisions\/62797"}],"wp:featuredmedia":[{"embeddable":true,"href":"https:\/\/catolicanet.net\/wp-cnet\/wp-json\/wp\/v2\/media\/55819"}],"wp:attachment":[{"href":"https:\/\/catolicanet.net\/wp-cnet\/wp-json\/wp\/v2\/media?parent=62796"}],"wp:term":[{"taxonomy":"category","embeddable":true,"href":"https:\/\/catolicanet.net\/wp-cnet\/wp-json\/wp\/v2\/categories?post=62796"},{"taxonomy":"post_tag","embeddable":true,"href":"https:\/\/catolicanet.net\/wp-cnet\/wp-json\/wp\/v2\/tags?post=62796"}],"curies":[{"name":"wp","href":"https:\/\/api.w.org\/{rel}","templated":true}]}}