{"id":62780,"date":"2020-09-25T10:03:41","date_gmt":"2020-09-25T13:03:41","guid":{"rendered":"https:\/\/catolicanet.net\/wp-cnet\/?p=62780"},"modified":"2020-09-25T13:04:48","modified_gmt":"2020-09-25T16:04:48","slug":"reliquia-de-sao-joao-paulo-ii-e-furtada-de-catedral","status":"publish","type":"post","link":"https:\/\/catolicanet.net\/wp-cnet\/reliquia-de-sao-joao-paulo-ii-e-furtada-de-catedral\/","title":{"rendered":"Rel\u00edquia de S\u00e3o Jo\u00e3o Paulo II \u00e9 furtada de catedral"},"content":{"rendered":"<h2 class=\"subtitle\" style=\"text-align: justify;\">Relic\u00e1rio cont\u00e9m gotas de sangue do Papa polon\u00eas<\/h2>\n<div class=\"base-post-content\">Um relic\u00e1rio dourado que cont\u00e9m uma ampola com gotas do sangue de S\u00e3o Jo\u00e3o Paulo II foi furtado da Catedral de Spoleto, regi\u00e3o da \u00dambria, na It\u00e1lia.<\/p>\n<p style=\"text-align: justify;\">\n<p style=\"text-align: justify;\">Segundo o\u00a0<a href=\"https:\/\/www.vaticannews.va\/pt\/igreja\/news\/2020-09\/reliquia-sao-joao-paulo-ii-roubada-catedral-spoleto-italia.html\" target=\"_blank\" rel=\"noopener noreferrer\"><em>Vatican News<\/em><\/a>, o crime teria acontecido na quarta-feira, 23 de setembro. O desaparecimento do objeto sagrado foi percebido pela sacrist\u00e3, que deu falta do relic\u00e1rio quando foi fechar a igreja. O material ficava guardado e era venerado na Capela do Crucifixo, dentro da catedral.<\/p>\n<figure class=\"alignnone\" style=\"text-align: justify;\"><img decoding=\"async\" src=\"https:\/\/pt.aleteia.org\/wp-content\/uploads\/sites\/5\/2020\/09\/WEB-RELIQUIA-JOHN-PAUL-II-STOLEN-2-spoletonorcia.it_.jpg?quality=100&amp;strip=all\" alt=\"RELIC\" \/><\/p>\n<footer><small>spoletonorcia.it<\/small><\/footer>\n<\/figure>\n<p style=\"text-align: justify;\">A Pol\u00edcia j\u00e1 foi acionada e os investigadores v\u00e3o analisar as imagens do circuito de c\u00e2meras de seguran\u00e7a da igreja.<\/p>\n<p style=\"text-align: justify;\">O arcebispo de Spoleto-Norcia, dom Renato Boccardo, pediu para que a rel\u00edquia \u201cex-sanguine\u201d seja devolvida. Em uma videomensagem, ele afirmou que o furto \u201c\u00e9 um ato grave, que fere a sensibilidade e a devo\u00e7\u00e3o de muitas pessoas\u201d. Dom Boccardo acrescentou: \u201cTamb\u00e9m espero que este ato imprudente n\u00e3o tenha sido feito com fins lucrativos\u201d.<\/p>\n<p style=\"text-align: justify;\">A rel\u00edquia foi doada \u00e0 igreja de Spoleto em 2016 pelo arcebispo em\u00e9rito de Crac\u00f3via, cardeal Stanislaw Dziwisz (que foi secret\u00e1rio do Papa polon\u00eas) e seria transferida para a nova igreja de S\u00e3o Nicolau (dedicada a S\u00e3o Jo\u00e3o Paulo II) no pr\u00f3ximo m\u00eas.<\/p>\n<h3 style=\"text-align: justify;\">Outros furtos de rel\u00edquias na It\u00e1lia<\/h3>\n<p style=\"text-align: justify;\">Os roubos e furtos de rel\u00edquias cat\u00f3licas t\u00eam sido tristemente frequentes na It\u00e1lia e, em sua grande maioria, s\u00e3o cometidos basicamente por duas motiva\u00e7\u00f5es: ou para pedir\u00a0resgate\u00a0em dinheiro ou para\u00a0profana\u00e7\u00f5es\u00a0em rituais sat\u00e2nicos.<\/p>\n<div class=\"nativo-inread\" style=\"text-align: justify;\"><\/div>\n<h3 style=\"text-align: justify;\"><strong>Alguns casos que repercutiram<\/strong><\/h3>\n<ul style=\"text-align: justify;\">\n<li>Em junho de 2017, foi furtada uma ampola com os restos do c\u00e9rebro de\u00a0S\u00e3o Jo\u00e3o Bosco preservadas como rel\u00edquia na bas\u00edlica de Castelnuovo d\u2019Asti, norte do pa\u00eds. A pol\u00edcia italiana conseguiu recuperar o relic\u00e1rio, que havia sido furtado por um homem de 42 anos, com antecedentes criminais, que pretendia vender o relic\u00e1rio. Ele achava, erroneamente, que o relic\u00e1rio fosse de ouro maci\u00e7o;<\/li>\n<li>Ainda em 2017, ladr\u00f5es que se passaram por visitantes furtaram do altar maior do santu\u00e1rio italiano de Monte Castello\u00a0algumas rel\u00edquias que inclu\u00edam o\u00a0sangue do Papa S\u00e3o Jo\u00e3o Paulo II\u00a0e fragmentos de um\u00a0osso do Beato Jerzy\u00a0Popie\u0142uszko, sacerdote polon\u00eas assassinado em 1984;<\/li>\n<li>Em 2014, j\u00e1 tinha sido furtada outra ampola de cristal contendo sangue de\u00a0<strong>S\u00e3o Jo\u00e3o Paulo II<\/strong>. Esta rel\u00edquia acabou sendo recuperada porque, n\u00e3o tendo grande valor de mercado, os ladr\u00f5es a abandonaram num terreno baldio;<\/li>\n<li>Em 2011,\u00a0S\u00e3o Jo\u00e3o Bosco j\u00e1 tinha tido outra rel\u00edquia furtada: ladr\u00f5es levaram o seu dedo, que estava preservado em uma igreja de Alassio, em G\u00eanova;<\/li>\n<li>Em 1991, tinha sido a vez de\u00a0Santo Ant\u00f4nio de Lisboa e P\u00e1dua. O chefe mafioso Felice Maniero tinha ordenado o crime para pressionar o Estado italiano a libertar um familiar do pres\u00eddio.<\/li>\n<\/ul>\n<p style=\"text-align: justify;\"><em>Com informa\u00e7\u00f5es de\u00a0<a href=\"https:\/\/www.vaticannews.va\/pt\/igreja\/news\/2020-09\/reliquia-sao-joao-paulo-ii-roubada-catedral-spoleto-italia.html\" target=\"_blank\" rel=\"noopener noreferrer\">Vatican News<\/a>\u00a0<\/em><\/p>\n<\/div>\n","protected":false},"excerpt":{"rendered":"<p>Relic\u00e1rio cont\u00e9m gotas de sangue do Papa polon\u00eas Um relic\u00e1rio dourado que cont\u00e9m uma ampola com gotas do sangue de S\u00e3o Jo\u00e3o Paulo II foi furtado da Catedral de Spoleto, regi\u00e3o da \u00dambria, na It\u00e1lia. Segundo o\u00a0Vatican News, o crime teria acontecido na quarta-feira, 23 de setembro. O desaparecimento do objeto sagrado foi percebido pela [&hellip;]<\/p>\n","protected":false},"author":1,"featured_media":62781,"comment_status":"open","ping_status":"closed","sticky":false,"template":"","format":"standard","meta":{"footnotes":""},"categories":[4],"tags":[],"class_list":["post-62780","post","type-post","status-publish","format-standard","has-post-thumbnail","hentry","category-cotidiano"],"_links":{"self":[{"href":"https:\/\/catolicanet.net\/wp-cnet\/wp-json\/wp\/v2\/posts\/62780","targetHints":{"allow":["GET"]}}],"collection":[{"href":"https:\/\/catolicanet.net\/wp-cnet\/wp-json\/wp\/v2\/posts"}],"about":[{"href":"https:\/\/catolicanet.net\/wp-cnet\/wp-json\/wp\/v2\/types\/post"}],"author":[{"embeddable":true,"href":"https:\/\/catolicanet.net\/wp-cnet\/wp-json\/wp\/v2\/users\/1"}],"replies":[{"embeddable":true,"href":"https:\/\/catolicanet.net\/wp-cnet\/wp-json\/wp\/v2\/comments?post=62780"}],"version-history":[{"count":1,"href":"https:\/\/catolicanet.net\/wp-cnet\/wp-json\/wp\/v2\/posts\/62780\/revisions"}],"predecessor-version":[{"id":62782,"href":"https:\/\/catolicanet.net\/wp-cnet\/wp-json\/wp\/v2\/posts\/62780\/revisions\/62782"}],"wp:featuredmedia":[{"embeddable":true,"href":"https:\/\/catolicanet.net\/wp-cnet\/wp-json\/wp\/v2\/media\/62781"}],"wp:attachment":[{"href":"https:\/\/catolicanet.net\/wp-cnet\/wp-json\/wp\/v2\/media?parent=62780"}],"wp:term":[{"taxonomy":"category","embeddable":true,"href":"https:\/\/catolicanet.net\/wp-cnet\/wp-json\/wp\/v2\/categories?post=62780"},{"taxonomy":"post_tag","embeddable":true,"href":"https:\/\/catolicanet.net\/wp-cnet\/wp-json\/wp\/v2\/tags?post=62780"}],"curies":[{"name":"wp","href":"https:\/\/api.w.org\/{rel}","templated":true}]}}