{"id":62749,"date":"2020-09-25T09:31:03","date_gmt":"2020-09-25T12:31:03","guid":{"rendered":"https:\/\/catolicanet.net\/wp-cnet\/?p=62749"},"modified":"2020-09-25T12:32:32","modified_gmt":"2020-09-25T15:32:32","slug":"dom-paglia-a-inteligencia-artificial-esta-a-servico-do-ser-humano","status":"publish","type":"post","link":"https:\/\/catolicanet.net\/wp-cnet\/dom-paglia-a-inteligencia-artificial-esta-a-servico-do-ser-humano\/","title":{"rendered":"Dom Paglia: a intelig\u00eancia artificial est\u00e1 a servi\u00e7o do ser humano"},"content":{"rendered":"<div class=\"article__subTitle\" style=\"text-align: justify;\">Durante o encontro on-line \u201cIntelig\u00eancia artificial, alimento para todos. Di\u00e1logo e Experi\u00eancias\u201d, o presidente da Pontif\u00edcia Academia para a Vida indicou entre as prioridades a desativa\u00e7\u00e3o da \u201cconex\u00e3o entre novas tecnologias e estruturas de poder\u201d, uma combina\u00e7\u00e3o capaz de \u201ccontrolar e manipular mercados e democracias no \u00e2mbito planet\u00e1rio\u201d.<\/div>\n<div class=\"title__separator\" style=\"text-align: justify;\"><\/div>\n<div class=\"article__text \">\n<p style=\"text-align: justify;\"><b>Emanuela Campanile\/Mariangela Jaguraba \u2013 Vatican News<\/b><\/p>\n<p style=\"text-align: justify;\">A vida no seu mist\u00e9rio indescrit\u00edvel, o destino da humanidade e do planeta em que habita s\u00e3o hoje, desafios cruciais para os quais \u00e9 necess\u00e1rio que \u201csaberes e compet\u00eancias diferentes encontrem espa\u00e7os comuns, lugares de partilha e confronto\u201d.<\/p>\n<div style=\"text-align: justify;\">\n<div class=\"article__embed article__embed--unwrap article__embed--dark\">\n<div class=\"article__innerTitle\">Ou\u00e7a e compartilhe<\/div>\n<div>\n<!--[if lt IE 9]><script>document.createElement('audio');<\/script><![endif]-->\n<audio class=\"wp-audio-shortcode\" id=\"audio-62749-1\" preload=\"none\" style=\"width: 100%;\" controls=\"controls\"><source type=\"audio\/mpeg\" src=\"https:\/\/media.vaticannews.va\/media\/audio\/s1\/2020\/09\/25\/12\/135728038_F135728038.mp3?_=1\" \/><a href=\"https:\/\/media.vaticannews.va\/media\/audio\/s1\/2020\/09\/25\/12\/135728038_F135728038.mp3\">https:\/\/media.vaticannews.va\/media\/audio\/s1\/2020\/09\/25\/12\/135728038_F135728038.mp3<\/a><\/audio>\n<\/div>\n<\/div>\n<\/div>\n<p style=\"text-align: justify;\">Com esta premissa, e com a esperan\u00e7a de que \u201cchegar\u00e1 em breve\u201d o dia em que \u201cningu\u00e9m mais ter\u00e1 fome de alimento, assim como de ideias e afetos\u201d, o presidente da Pontif\u00edcia Academia para a Vida, dom Vincenzo Paglia, abriu o seu discurso na tarde de quinta-feira (24\/09), no encontro virtual \u201cIntelig\u00eancia Artificial, Alimento para todos\u201d (Artificial Inteligence, Food For All).<\/p>\n<h2 style=\"text-align: justify;\">Entrela\u00e7amentos virtuosos<\/h2>\n<p style=\"text-align: justify;\">O desejo de que \u201cnenhuma vida se perca\u201d ou \u201cseja ignorada\u201d \u00e9 acompanhado pela consci\u00eancia e pelo apelo a n\u00e3o marginalizar \u201cnenhuma reflex\u00e3o human\u00edstica\u201d em favor de uma vis\u00e3o cient\u00edfica e econ\u00f4mica totalizante. Corre-se o risco de n\u00e3o \u201coferecer respostas dignas da vida humana\u201d. Segundo dom Pagia, o caminho a seguir \u00e9 aquele marcado pelo entrela\u00e7amento de \u201chumanitas e alta tecnologia\u201d.<\/p>\n<p style=\"text-align: justify;\">Outra forma de envolver os sujeitos, que de outra forma poderiam permanecer marginalizados, \u00e9 otimizar e partilhar conhecimentos cient\u00edficos, instrumentos de gest\u00e3o e redu\u00e7\u00e3o de desperd\u00edcios. Por isso, continua dom Paglia, \u201cdevemos agradecer a quem trabalha todos os dias para obter resultados t\u00e3o importantes, especialmente nas \u00e1reas do planeta onde a produ\u00e7\u00e3o e o mercado agroalimentar est\u00e3o mais sujeitos a riscos clim\u00e1ticos, pol\u00edticos, econ\u00f4micos e sociais\u201d.<\/p>\n<h2 style=\"text-align: justify;\">Proteger<\/h2>\n<p style=\"text-align: justify;\">Mas o caminho que leva a n\u00e3o excluir ningu\u00e9m, tamb\u00e9m passa pelo cuidado do indiv\u00edduo. O presidente da Pontif\u00edcia Academia para a Vida sublinha que \u201ca experi\u00eancia da nutri\u00e7\u00e3o nos oferece uma indica\u00e7\u00e3o precisa sobre como proceder\u201d. Alimentar \u201ccorpos envolve cuidar n\u00e3o da humanidade ou das popula\u00e7\u00f5es (s\u00e3o nomes coletivos), mas de cada habitante do planeta, de sua absoluta e irreprim\u00edvel dignidade singular, que \u00e9 um dom de Deus\u201d. Portanto, est\u00e1 claro o motivo e o significado da seguinte afirma\u00e7\u00e3o: \u201cDevemos alimentar a todos, mas nem todos devem necessariamente comer as mesmas coisas. A salvaguarda da diversidade biol\u00f3gica (humana, vegetal e animal) deve estar no centro de nossa aten\u00e7\u00e3o.\u201d A alimenta\u00e7\u00e3o n\u00e3o pode ser considerada um \u201cfato puramente fisiol\u00f3gico\u201d.<\/p>\n<p style=\"text-align: justify;\">Dom Paglia concluiu o seu discurso com um chamado ao compromisso, cada um \u201cde acordo com suas responsabilidades\u201d.<\/p>\n<\/div>\n","protected":false},"excerpt":{"rendered":"<p>Durante o encontro on-line \u201cIntelig\u00eancia artificial, alimento para todos. Di\u00e1logo e Experi\u00eancias\u201d, o presidente da Pontif\u00edcia Academia para a Vida indicou entre as prioridades a desativa\u00e7\u00e3o da \u201cconex\u00e3o entre novas tecnologias e estruturas de poder\u201d, uma combina\u00e7\u00e3o capaz de \u201ccontrolar e manipular mercados e democracias no \u00e2mbito planet\u00e1rio\u201d. Emanuela Campanile\/Mariangela Jaguraba \u2013 Vatican News A [&hellip;]<\/p>\n","protected":false},"author":1,"featured_media":62750,"comment_status":"open","ping_status":"closed","sticky":false,"template":"","format":"standard","meta":{"footnotes":""},"categories":[3],"tags":[],"class_list":["post-62749","post","type-post","status-publish","format-standard","has-post-thumbnail","hentry","category-vaticano"],"_links":{"self":[{"href":"https:\/\/catolicanet.net\/wp-cnet\/wp-json\/wp\/v2\/posts\/62749","targetHints":{"allow":["GET"]}}],"collection":[{"href":"https:\/\/catolicanet.net\/wp-cnet\/wp-json\/wp\/v2\/posts"}],"about":[{"href":"https:\/\/catolicanet.net\/wp-cnet\/wp-json\/wp\/v2\/types\/post"}],"author":[{"embeddable":true,"href":"https:\/\/catolicanet.net\/wp-cnet\/wp-json\/wp\/v2\/users\/1"}],"replies":[{"embeddable":true,"href":"https:\/\/catolicanet.net\/wp-cnet\/wp-json\/wp\/v2\/comments?post=62749"}],"version-history":[{"count":1,"href":"https:\/\/catolicanet.net\/wp-cnet\/wp-json\/wp\/v2\/posts\/62749\/revisions"}],"predecessor-version":[{"id":62751,"href":"https:\/\/catolicanet.net\/wp-cnet\/wp-json\/wp\/v2\/posts\/62749\/revisions\/62751"}],"wp:featuredmedia":[{"embeddable":true,"href":"https:\/\/catolicanet.net\/wp-cnet\/wp-json\/wp\/v2\/media\/62750"}],"wp:attachment":[{"href":"https:\/\/catolicanet.net\/wp-cnet\/wp-json\/wp\/v2\/media?parent=62749"}],"wp:term":[{"taxonomy":"category","embeddable":true,"href":"https:\/\/catolicanet.net\/wp-cnet\/wp-json\/wp\/v2\/categories?post=62749"},{"taxonomy":"post_tag","embeddable":true,"href":"https:\/\/catolicanet.net\/wp-cnet\/wp-json\/wp\/v2\/tags?post=62749"}],"curies":[{"name":"wp","href":"https:\/\/api.w.org\/{rel}","templated":true}]}}