{"id":62746,"date":"2020-09-25T09:29:43","date_gmt":"2020-09-25T12:29:43","guid":{"rendered":"https:\/\/catolicanet.net\/wp-cnet\/?p=62746"},"modified":"2020-09-25T12:30:37","modified_gmt":"2020-09-25T15:30:37","slug":"o-papa-aos-bispos-europeus-caridade-e-coragem-para-ajudar-as-novas-pobrezas","status":"publish","type":"post","link":"https:\/\/catolicanet.net\/wp-cnet\/o-papa-aos-bispos-europeus-caridade-e-coragem-para-ajudar-as-novas-pobrezas\/","title":{"rendered":"O Papa aos bispos europeus: caridade e coragem para ajudar as novas pobrezas"},"content":{"rendered":"<div class=\"article__subTitle\" style=\"text-align: justify;\">Mensagem de Francisco para a abertura da Assembleia Plen\u00e1ria anual do Conselho das Confer\u00eancias Episcopais da Europa que este ano se realiza exclusivamente on-line de 25 a 26 de setembro. \u00c9 preciso \u201cencontrar formas corajosas de servi\u00e7o pastoral, testemunhando a proximidade paterna e terna com o povo\u201d, escreve o Pont\u00edfice.<\/div>\n<div class=\"title__separator\" style=\"text-align: justify;\"><\/div>\n<div class=\"article__text \">\n<p style=\"text-align: justify;\"><b>Emanuela Campanile\/Mariangela Jaguraba \u2013 Vatican News<\/b><\/p>\n<p style=\"text-align: justify;\">\u201cA Igreja na Europa depois da pandemia. Perspectivas para a cria\u00e7\u00e3o e para a comunidade\u201d \u00e9 o tema escolhido pelos bispos para a Assembleia Plen\u00e1ria do Conselho das Confer\u00eancias Episcopais da Europa (CCEE).<\/p>\n<p style=\"text-align: justify;\">Prevista inicialmente em Praga, na Rep\u00fablica Tcheca, de 25 a 27 deste m\u00eas, a assembleia se realiza exclusivamente on-line, nesta sexta-feira, 25, e no s\u00e1bado, 26, diante do agravamento da situa\u00e7\u00e3o das infec\u00e7\u00f5es por Covid-19 na Rep\u00fablica Tcheca. Por ocasi\u00e3o deste encontro anual, o Papa Francisco manifestou sua proximidade aos participantes, enviando uma mensagem ao presidente do CCEE, cardeal Angelo Bagnasco.<\/p>\n<h2 style=\"text-align: justify;\">Coragem e proximidade<\/h2>\n<p style=\"text-align: justify;\">O Pont\u00edfice manifesta apre\u00e7o pelo tema escolhido pelos bispos e convida a identificar e continuar percorrendo \u201cos caminhos corajosos do servi\u00e7o pastoral\u201d. Percursos inspirados pela experi\u00eancia da Covid, explica Francisco:<\/p>\n<p style=\"text-align: justify;\"><i>A morte de muitos idosos, os dramas das fam\u00edlias pegas de surpresa pela dor grande e amea\u00e7adora, os dramas de crian\u00e7as e jovens trancados em casa, os ritos religiosos e os percursos de forma\u00e7\u00e3o crist\u00e3 suspensos, levaram muitos sacerdotes e religiosos a encontrar formas corajosas de servi\u00e7o pastoral, testemunhando a proximidade paterna e terna com o povo.<\/i><\/p>\n<h2 style=\"text-align: justify;\">\u201cCoisas novas e coisas antigas\u201d<\/h2>\n<p style=\"text-align: justify;\">Diante de tanta dor e daquilo que o Papa identifica como \u201cnovas pobrezas\u201d, \u00e9 \u201cnecess\u00e1rio que esta fantasia da caridade continue, mostrando uma proximidade cada vez mais atenta e generosa com os mais fracos\u201d, ressalta Francisco.<\/p>\n<p style=\"text-align: justify;\">\u00c9 importante que as comunidades crist\u00e3s n\u00e3o percam o que viveram, mas possam rel\u00ea-lo espiritualmente a fim de \u201cdiscernir perspectivas para o futuro\u201d. A imagem a que o Papa se refere \u00e9 a imagem evang\u00e9lica do escriba \u201cque extrai do seu tesouro coisas novas e coisas antigas\u201d.<\/p>\n<p style=\"text-align: justify;\"><i>Asseguro minha ora\u00e7\u00e3o para que, por intercess\u00e3o da Virgem Maria e dos santos padroeiros Bento, Cirilo e Met\u00f3dio, os Pastores da Igreja na Europa possam infundir em todos os fi\u00e9is a certeza da f\u00e9, segundo a qual, aconte\u00e7a o que acontecer, nada poder\u00e1 nos separar do amor de Cristo.<\/i><\/p>\n<\/div>\n","protected":false},"excerpt":{"rendered":"<p>Mensagem de Francisco para a abertura da Assembleia Plen\u00e1ria anual do Conselho das Confer\u00eancias Episcopais da Europa que este ano se realiza exclusivamente on-line de 25 a 26 de setembro. \u00c9 preciso \u201cencontrar formas corajosas de servi\u00e7o pastoral, testemunhando a proximidade paterna e terna com o povo\u201d, escreve o Pont\u00edfice. Emanuela Campanile\/Mariangela Jaguraba \u2013 Vatican [&hellip;]<\/p>\n","protected":false},"author":1,"featured_media":62747,"comment_status":"open","ping_status":"closed","sticky":false,"template":"","format":"standard","meta":{"footnotes":""},"categories":[3],"tags":[],"class_list":["post-62746","post","type-post","status-publish","format-standard","has-post-thumbnail","hentry","category-vaticano"],"_links":{"self":[{"href":"https:\/\/catolicanet.net\/wp-cnet\/wp-json\/wp\/v2\/posts\/62746","targetHints":{"allow":["GET"]}}],"collection":[{"href":"https:\/\/catolicanet.net\/wp-cnet\/wp-json\/wp\/v2\/posts"}],"about":[{"href":"https:\/\/catolicanet.net\/wp-cnet\/wp-json\/wp\/v2\/types\/post"}],"author":[{"embeddable":true,"href":"https:\/\/catolicanet.net\/wp-cnet\/wp-json\/wp\/v2\/users\/1"}],"replies":[{"embeddable":true,"href":"https:\/\/catolicanet.net\/wp-cnet\/wp-json\/wp\/v2\/comments?post=62746"}],"version-history":[{"count":1,"href":"https:\/\/catolicanet.net\/wp-cnet\/wp-json\/wp\/v2\/posts\/62746\/revisions"}],"predecessor-version":[{"id":62748,"href":"https:\/\/catolicanet.net\/wp-cnet\/wp-json\/wp\/v2\/posts\/62746\/revisions\/62748"}],"wp:featuredmedia":[{"embeddable":true,"href":"https:\/\/catolicanet.net\/wp-cnet\/wp-json\/wp\/v2\/media\/62747"}],"wp:attachment":[{"href":"https:\/\/catolicanet.net\/wp-cnet\/wp-json\/wp\/v2\/media?parent=62746"}],"wp:term":[{"taxonomy":"category","embeddable":true,"href":"https:\/\/catolicanet.net\/wp-cnet\/wp-json\/wp\/v2\/categories?post=62746"},{"taxonomy":"post_tag","embeddable":true,"href":"https:\/\/catolicanet.net\/wp-cnet\/wp-json\/wp\/v2\/tags?post=62746"}],"curies":[{"name":"wp","href":"https:\/\/api.w.org\/{rel}","templated":true}]}}