{"id":62707,"date":"2020-09-24T09:04:07","date_gmt":"2020-09-24T12:04:07","guid":{"rendered":"https:\/\/catolicanet.net\/wp-cnet\/?p=62707"},"modified":"2020-09-24T12:15:25","modified_gmt":"2020-09-24T15:15:25","slug":"czerny-as-pessoas-deslocadas-podem-ser-uma-forca-positiva-para-a-mudanca","status":"publish","type":"post","link":"https:\/\/catolicanet.net\/wp-cnet\/czerny-as-pessoas-deslocadas-podem-ser-uma-forca-positiva-para-a-mudanca\/","title":{"rendered":"Czerny: as pessoas deslocadas podem ser uma for\u00e7a positiva para a mudan\u00e7a"},"content":{"rendered":"<figure class=\"article__image\" style=\"text-align: justify;\"><span class=\"didascalia_img\">Cardeal Michael Czerny\u00a0<\/span><\/figure>\n<div class=\"article__meta\">\n<div class=\"article__subTitle\" style=\"text-align: justify;\">Tendo em vista o 106\u00ba Dia Mundial do Migrante e Refugiado, comemorado domingo, 27 de setembro, o cardeal Michael Czerny falou durante um encontro online intitulado &#8220;Como Jesus Cristo, for\u00e7ado a fugir&#8221;. Do subsecret\u00e1rio da Se\u00e7\u00e3o para os migrantes e refugiados do Dicast\u00e9rio para o Servi\u00e7o do Desenvolvimento humano integral, o apelo a uma maior colabora\u00e7\u00e3o para a prote\u00e7\u00e3o das pessoas deslocadas.<\/div>\n<div class=\"title__separator\" style=\"text-align: justify;\"><\/div>\n<div class=\"article__text\">\n<p style=\"text-align: justify;\"><b>Frei Benedict Mayaki, SJ \u2013 Vatican News<\/b><\/p>\n<p style=\"text-align: justify;\">Uma forte exorta\u00e7\u00e3o aos expoentes da Igreja para que colaborem na resposta ao desafio apresentado pelas pessoas deslocadas internamente. Esta quest\u00e3o esteve no centro do discurso via web do cardeal Michael Czerny na tarde desta quarta-feira (23\/09) durante o evento organizado conjuntamente pelo Servi\u00e7o dos Jesu\u00edtas para os Refugiados (JRS) e pela Uni\u00e3o Internacional dos Superiores Gerais (UISG), em colabora\u00e7\u00e3o com a Se\u00e7\u00e3o Migrantes e Refugiados. O subsecret\u00e1rio do Dicast\u00e9rio do Desenvolvimento humano integral observou: &#8220;A proximidade de voc\u00eas pode promover uma escuta mais atenta ao que os deslocados internos necessitam, esperam e aspiram&#8221;; &#8220;pode tamb\u00e9m estimular a participa\u00e7\u00e3o de deslocados internos de todas as origens e capacidades nas decis\u00f5es que lhes dizem respeito, nas l\u00ednguas e formatos que compreendem\u201d.<\/p>\n<div style=\"text-align: justify;\">\n<div class=\"article__embed article__embed--unwrap article__embed--dark\">\n<div class=\"article__innerTitle\">Ou\u00e7a e compartilhe<\/div>\n<div>\n<audio class=\"wp-audio-shortcode\" id=\"audio-62707-1\" preload=\"none\" style=\"width: 100%;\" controls=\"controls\"><source type=\"audio\/mpeg\" src=\"https:\/\/media.vaticannews.va\/media\/audio\/s1\/2020\/09\/24\/11\/135726937_F135726937.mp3?_=1\" \/><a href=\"https:\/\/media.vaticannews.va\/media\/audio\/s1\/2020\/09\/24\/11\/135726937_F135726937.mp3\">https:\/\/media.vaticannews.va\/media\/audio\/s1\/2020\/09\/24\/11\/135726937_F135726937.mp3<\/a><\/audio>\n<\/div>\n<\/div>\n<\/div>\n<h2 style=\"text-align: justify;\">Dia Mundial do migrante e refugiado: para maior clareza<\/h2>\n<p style=\"text-align: justify;\">O Dia Mundial do migrante e refugiado, tradicionalmente celebrado na \u00faltima semana de setembro, foi institu\u00eddo para aumentar a consci\u00eancia das vidas e do destino das pessoas vulner\u00e1veis em movimento, para rezar por elas enquanto enfrentam grandes desafios e para destacar as oportunidades que a migra\u00e7\u00e3o oferece. &#8220;As pessoas deslocadas oferecem-nos a oportunidade de descobrir partes escondidas da humanidade e de aprofundar a nossa compreens\u00e3o das complexidades deste mundo&#8221;, disse o cardeal. \u00c9 atrav\u00e9s delas que somos convidados a encontrar o Senhor &#8220;mesmo que os nossos olhos tenham dificuldade para O reconhecer&#8221;.<\/p>\n<h2 style=\"text-align: justify;\">A mensagem do Papa Francisco<\/h2>\n<p style=\"text-align: justify;\">Em vista deste dia, o Papa Francisco publicou uma Mensagem intitulada &#8220;For\u00e7ados como Jesus Cristo a fugir&#8221;. O cardeal Czerny retorna a este texto guia explicando que, devido aos desafios causados pela atual pandemia, o Papa alargou o \u00e2mbito da sua mensagem para abranger n\u00e3o s\u00f3 as pessoas deslocadas internamente, mas tamb\u00e9m todos aqueles que est\u00e3o vivendo &#8220;situa\u00e7\u00f5es de precariedade, abandono, marginaliza\u00e7\u00e3o e rejei\u00e7\u00e3o como resultado da Covid-19&#8221;.<\/p>\n<h2 style=\"text-align: justify;\">Seis pares de verbos relacionados com a a\u00e7\u00e3o pr\u00e1tica<\/h2>\n<p style=\"text-align: justify;\">Na mensagem, recordou o cardeal, &#8211; o Papa j\u00e1 em 2018 tinha convidado todos a responder a este desafio pastoral com quatro verbos: &#8220;acolher, proteger, promover e integrar&#8221;. Tendo isso como base, na mensagem deste ano, Francisco quis acrescentar o seu valor com a\u00e7\u00f5es pr\u00e1ticas ligadas a cada um dos verbos: precisamos saber para compreender; precisamos estar pr\u00f3ximos para servir; para nos reconciliarmos, precisamos ouvir; para crescer, precisamos partilhar; precisamos estar envolvidos para promover; e finalmente, precisamos cooperar para construir.<\/p>\n<p style=\"text-align: justify;\">Em cada par de a\u00e7\u00f5es relacionadas aos verbos, observou o cardeal, o Papa Francisco apresenta &#8220;uma atitude ou capacidade de base para alcan\u00e7ar objetivos profundamente importantes como a reconcilia\u00e7\u00e3o e o crescimento&#8221;, e expressando o desejo de ter a coragem de criar espa\u00e7os para permitir novas formas de hospitalidade, fraternidade e solidariedade.<\/p>\n<h2 style=\"text-align: justify;\">Colabora\u00e7\u00e3o entre os atores da Igreja<\/h2>\n<p style=\"text-align: justify;\">Inspirando-se nas palavras do Papa Francisco e na experi\u00eancia de uma pessoa deslocada, o cardeal Czerny fez duas considera\u00e7\u00f5es. Primeiro, sublinhou a import\u00e2ncia de partilhar objetivos comuns entre os atores da Igreja em rela\u00e7\u00e3o ao apoio \u00e0s pessoas deslocadas internamente. Notando que a sua prote\u00e7\u00e3o \u00e9 a principal responsabilidade das autoridades nacionais, salientou que a resposta aos deslocados internos requer uma abordagem &#8220;em n\u00edvel de sistema&#8221; para elevar o seu perfil como uma quest\u00e3o global. A este respeito, explicou que a Se\u00e7\u00e3o para os Migrantes e Refugiados do Vaticano desenvolveu Orienta\u00e7\u00f5es pastorais sobre deslocamentos internos com o apoio do\u00a0Servi\u00e7o dos Jesu\u00edtas para os Refugiados e de outras organiza\u00e7\u00f5es. O cardeal tamb\u00e9m encorajou o envolvimento dos deslocados internos na projeta\u00e7\u00e3o, no fornecimento de respostas de prote\u00e7\u00e3o e assist\u00eancia para eles, bem como o desenvolvimento de leis e pol\u00edticas relacionadas ao deslocamento interno.<\/p>\n<h2 style=\"text-align: justify;\">Deslocados internos: uma for\u00e7a positiva para a mudan\u00e7a<\/h2>\n<p style=\"text-align: justify;\">O cardeal Czerny tamb\u00e9m enfatizou que a determina\u00e7\u00e3o, aptid\u00f5es e capacidades com que os deslocados internos reconstroem as suas vidas podem ajudar a melhorar as sociedades que se tornam as suas novas realidades. Observando que &#8220;os deslocados podem ser uma for\u00e7a positiva para a mudan\u00e7a&#8221;, disse que o apoio \u00e0 sua intera\u00e7\u00e3o com as comunidades locais ajudar\u00e1 a promover a coes\u00e3o social, a paz, a seguran\u00e7a e o desenvolvimento. Sendo &#8220;pr\u00f3ximos aos nossos irm\u00e3os e irm\u00e3s deslocados, somos chamados a revelar a beleza e as capacidades que eles t\u00eam&#8221;, observou. Em conclus\u00e3o, o cardeal recordou a mensagem do Papa inspirada em Mt 25,31 &#8211; 46 que nos encoraja a reconhecer Deus no rosto dos famintos, dos sedentos, dos doentes, dos estrangeiros e dos prisioneiros.<\/p>\n<\/div>\n<\/div>\n","protected":false},"excerpt":{"rendered":"<p>Cardeal Michael Czerny\u00a0 Tendo em vista o 106\u00ba Dia Mundial do Migrante e Refugiado, comemorado domingo, 27 de setembro, o cardeal Michael Czerny falou durante um encontro online intitulado &#8220;Como Jesus Cristo, for\u00e7ado a fugir&#8221;. Do subsecret\u00e1rio da Se\u00e7\u00e3o para os migrantes e refugiados do Dicast\u00e9rio para o Servi\u00e7o do Desenvolvimento humano integral, o apelo [&hellip;]<\/p>\n","protected":false},"author":1,"featured_media":62705,"comment_status":"open","ping_status":"closed","sticky":false,"template":"","format":"standard","meta":{"footnotes":""},"categories":[3],"tags":[],"class_list":["post-62707","post","type-post","status-publish","format-standard","has-post-thumbnail","hentry","category-vaticano"],"_links":{"self":[{"href":"https:\/\/catolicanet.net\/wp-cnet\/wp-json\/wp\/v2\/posts\/62707","targetHints":{"allow":["GET"]}}],"collection":[{"href":"https:\/\/catolicanet.net\/wp-cnet\/wp-json\/wp\/v2\/posts"}],"about":[{"href":"https:\/\/catolicanet.net\/wp-cnet\/wp-json\/wp\/v2\/types\/post"}],"author":[{"embeddable":true,"href":"https:\/\/catolicanet.net\/wp-cnet\/wp-json\/wp\/v2\/users\/1"}],"replies":[{"embeddable":true,"href":"https:\/\/catolicanet.net\/wp-cnet\/wp-json\/wp\/v2\/comments?post=62707"}],"version-history":[{"count":1,"href":"https:\/\/catolicanet.net\/wp-cnet\/wp-json\/wp\/v2\/posts\/62707\/revisions"}],"predecessor-version":[{"id":62708,"href":"https:\/\/catolicanet.net\/wp-cnet\/wp-json\/wp\/v2\/posts\/62707\/revisions\/62708"}],"wp:featuredmedia":[{"embeddable":true,"href":"https:\/\/catolicanet.net\/wp-cnet\/wp-json\/wp\/v2\/media\/62705"}],"wp:attachment":[{"href":"https:\/\/catolicanet.net\/wp-cnet\/wp-json\/wp\/v2\/media?parent=62707"}],"wp:term":[{"taxonomy":"category","embeddable":true,"href":"https:\/\/catolicanet.net\/wp-cnet\/wp-json\/wp\/v2\/categories?post=62707"},{"taxonomy":"post_tag","embeddable":true,"href":"https:\/\/catolicanet.net\/wp-cnet\/wp-json\/wp\/v2\/tags?post=62707"}],"curies":[{"name":"wp","href":"https:\/\/api.w.org\/{rel}","templated":true}]}}