{"id":62701,"date":"2020-09-23T09:15:24","date_gmt":"2020-09-23T12:15:24","guid":{"rendered":"https:\/\/catolicanet.net\/wp-cnet\/?p=62701"},"modified":"2020-09-23T14:16:20","modified_gmt":"2020-09-23T17:16:20","slug":"o-maior-amor-que-ja-existiu","status":"publish","type":"post","link":"https:\/\/catolicanet.net\/wp-cnet\/o-maior-amor-que-ja-existiu\/","title":{"rendered":"O maior amor que j\u00e1 existiu"},"content":{"rendered":"<h2 class=\"subtitle\" style=\"text-align: justify;\">O prop\u00f3sito de Deus ao permitir as dores deste mundo talvez seja para que nos lembremos do que Ele disse e provou: \u201cNingu\u00e9m nos ama como Ele!\u201d<\/h2>\n<div class=\"base-post-content\">\n<p style=\"text-align: justify;\">Jesus Cristo \u00e9 o \u00fanico e verdadeiro sentido do nosso viver. Vivemos tempos dif\u00edceis, em que o vazio existencial se tornou predominante dentro do cora\u00e7\u00e3o de cada ser humano.<\/p>\n<p style=\"text-align: justify;\">Finalmente percebemos que o que temos buscado neste mundo simplesmente n\u00e3o \u00e9 o bastante para preencher todo o vazio que est\u00e1 dentro de n\u00f3s \u2013 e que sequer cabe em n\u00f3s.<\/p>\n<p style=\"text-align: justify;\">Jesus Cristo ao passar por esta terra com toda certeza se sentiu sozinho e desamparado por Deus em algum momento. Na pr\u00f3pria cruz, ele disse: \u201cPai, por que me abandonastes?\u201d Quantos de n\u00f3s hoje, n\u00e3o fazemos essa pergunta a Deus, ao nos sentirmos completamente abandonados por Deus?<\/p>\n<p style=\"text-align: justify;\">\u00c9 justamente neste momento que devemos nos voltar a Ele e clamar para que Ele aquiete nossas almas. Pode n\u00e3o parecer, mas \u00e9 somente em meio a dor que nos sentimos mais pr\u00f3ximos de Deus. \u00c9 neste momento que percebemos que s\u00f3 Jesus nos ama apesar de todos os pesares, e a pesar de todas as nossas tantas limita\u00e7\u00f5es e ingratid\u00f5es. Em momentos de dor, quando tudo parece nos tirar o ar, \u00e9 que eu percebemos que s\u00f3 Jesus Cristo pode trazer tons alegres novamente com seu amor.<\/p>\n<p style=\"text-align: justify;\">S\u00f3 percebemos a joia que o nosso sofrimento carrega passando pela experi\u00eancia do vazio existencial e da dor. E se pensarmos bem, talvez conclu\u00edmos que o prop\u00f3sito de Deus ao permitir as dores e os sofrimentos deste mundo seja para que nos lembremos sempre do que Ele j\u00e1 disse e provou uma vez, atrav\u00e9s de sua pr\u00f3pria morte e ressurrei\u00e7\u00e3o: \u201cNingu\u00e9m nos ama como Ele!\u201d.<\/p>\n<p style=\"text-align: justify;\">Santa Faustina revelou em seu di\u00e1rio que passou por uma noite escura da alma. Logo, me pego pensando: quantos de n\u00f3s estamos vivendo uma noite escura da alma? Quantos de n\u00f3s n\u00e3o enxergamos mais a beleza que existe em n\u00f3s e em nossas vidas por estarmos num momento de dor, sofrimento ou at\u00e9 mesmo num momento de escurid\u00e3o \u2013 assim como nos dias de sol?<\/p>\n<div class=\"nativo-inread\" style=\"text-align: justify;\"><\/div>\n<p style=\"text-align: justify;\">Deus est\u00e1 e estar\u00e1 sempre presente em cada detalhe de nossas hist\u00f3rias de vida. Deus est\u00e1 presente nos dias mais ensolarados de nossa hist\u00f3ria de vida, mas tamb\u00e9m est\u00e1 presente em uma noite escura \u2013 e se voc\u00ea estiver aberto(a), Ele ser\u00e1 capaz de fazer com que voc\u00ea enxergue beleza em sua noite mais escura, s\u00f3 por estar presente.<\/p>\n<p style=\"text-align: justify;\">Que possamos entender as dificuldades da vida como uma rosa. Ela \u00e9 linda e sempre existir\u00e1 beleza apesar dos tantos espinhos que possui. Tudo que Deus faz \u00e9 lindo, certo e para o nosso bem. Deus \u00e9 incr\u00edvel em realizar sonhos e fazer com que a nossa alma ganhe o f\u00f4lego necess\u00e1rio para viver novamente, como antes de uma noite escura.<\/p>\n<p style=\"text-align: justify;\">A vida te machuca e te atormenta at\u00e9 que voc\u00ea solte seus caprichos e birras e aprecie a respira\u00e7\u00e3o. A vida te esconde tesouros at\u00e9 que voc\u00ea aprenda a sair para a vida e busc\u00e1-los. A vida te nega Deus at\u00e9 voc\u00ea v\u00ea-lo em todos e em tudo. A vida te acorda, te poda, te quebra, te desaponta.<\/p>\n<p style=\"text-align: justify;\">Mas creia: isso \u00e9 para que seu melhor se manifeste\u2026 At\u00e9 que s\u00f3 o amor permane\u00e7a em voc\u00ea. At\u00e9 que s\u00f3 Jesus Cristo, permane\u00e7a em voc\u00ea.<\/p>\n<\/div>\n","protected":false},"excerpt":{"rendered":"<p>O prop\u00f3sito de Deus ao permitir as dores deste mundo talvez seja para que nos lembremos do que Ele disse e provou: \u201cNingu\u00e9m nos ama como Ele!\u201d Jesus Cristo \u00e9 o \u00fanico e verdadeiro sentido do nosso viver. Vivemos tempos dif\u00edceis, em que o vazio existencial se tornou predominante dentro do cora\u00e7\u00e3o de cada ser [&hellip;]<\/p>\n","protected":false},"author":1,"featured_media":62702,"comment_status":"open","ping_status":"closed","sticky":false,"template":"","format":"standard","meta":{"footnotes":""},"categories":[4],"tags":[],"class_list":["post-62701","post","type-post","status-publish","format-standard","has-post-thumbnail","hentry","category-cotidiano"],"_links":{"self":[{"href":"https:\/\/catolicanet.net\/wp-cnet\/wp-json\/wp\/v2\/posts\/62701","targetHints":{"allow":["GET"]}}],"collection":[{"href":"https:\/\/catolicanet.net\/wp-cnet\/wp-json\/wp\/v2\/posts"}],"about":[{"href":"https:\/\/catolicanet.net\/wp-cnet\/wp-json\/wp\/v2\/types\/post"}],"author":[{"embeddable":true,"href":"https:\/\/catolicanet.net\/wp-cnet\/wp-json\/wp\/v2\/users\/1"}],"replies":[{"embeddable":true,"href":"https:\/\/catolicanet.net\/wp-cnet\/wp-json\/wp\/v2\/comments?post=62701"}],"version-history":[{"count":1,"href":"https:\/\/catolicanet.net\/wp-cnet\/wp-json\/wp\/v2\/posts\/62701\/revisions"}],"predecessor-version":[{"id":62703,"href":"https:\/\/catolicanet.net\/wp-cnet\/wp-json\/wp\/v2\/posts\/62701\/revisions\/62703"}],"wp:featuredmedia":[{"embeddable":true,"href":"https:\/\/catolicanet.net\/wp-cnet\/wp-json\/wp\/v2\/media\/62702"}],"wp:attachment":[{"href":"https:\/\/catolicanet.net\/wp-cnet\/wp-json\/wp\/v2\/media?parent=62701"}],"wp:term":[{"taxonomy":"category","embeddable":true,"href":"https:\/\/catolicanet.net\/wp-cnet\/wp-json\/wp\/v2\/categories?post=62701"},{"taxonomy":"post_tag","embeddable":true,"href":"https:\/\/catolicanet.net\/wp-cnet\/wp-json\/wp\/v2\/tags?post=62701"}],"curies":[{"name":"wp","href":"https:\/\/api.w.org\/{rel}","templated":true}]}}