{"id":6270,"date":"2015-08-05T18:17:12","date_gmt":"2015-08-05T21:17:12","guid":{"rendered":"http:\/\/catolicanet.net\/wp-cnet\/santa-teresa-de-jesus-doutora-da-igreja-e-tambem-honoris-causa-pela-universidade-catolica-de-avila\/"},"modified":"2017-04-11T10:09:26","modified_gmt":"2017-04-11T13:09:26","slug":"santa-teresa-de-jesus-doutora-da-igreja-e-tambem-honoris-causa-pela-universidade-catolica-de-avila","status":"publish","type":"post","link":"https:\/\/catolicanet.net\/wp-cnet\/santa-teresa-de-jesus-doutora-da-igreja-e-tambem-honoris-causa-pela-universidade-catolica-de-avila\/","title":{"rendered":"Santa Teresa de Jesus, Doutora da Igreja, \u00e9 tamb\u00e9m Honoris Causa pela Universidade Cat\u00f3lica de \u00c1vila"},"content":{"rendered":"<p style=\"text-align: justify;\">\n<p><img decoding=\"async\" src=\"http:\/\/catolicanet.com.br\/images\/stories\/geral\/honoris.jpg\" border=\"0\" align=\"left\" \/>Cardeal Antonio Ca\u00f1izares entrega barrete do doutorado ao Pe. Saverio Cannistr\u00e0. <\/p>\n<p> A Universidade Cat\u00f3lica de \u00c1vila (Espanha) investiu Santa Teresa de Jesus como Doutora Honoris Causa. Este reconhecimento foi entregue pelo Cardeal Antonio Ca\u00f1izares Llovera e significa, em termos acad\u00eamicos, o reconhecimento de uma universidade a quem se destacou em certos \u00e2mbitos profissionais.<\/p>\n<p>Esta comemora\u00e7\u00e3o a Santa Teresa de Jesus foi respaldada pelas universidades participantes do Congresso Interuniversit\u00e1rio \u201cSanta Teresa de Jesus, Mestra de Vida\u201d. A este, assistiram mais de cem doutores de diversas universidades de 26 pa\u00edses.<\/p>\n<p>A reitora da Universidade Cat\u00f3lica de \u00c1vila, Maria del Ros\u00e1rio S\u00e1ez Yuguero, pronunciou um discurso de boas-vindas e, como autoridade m\u00e1xima da universidade, conferiu o grau de doutora honoris causa \u00e0 Santa.<\/p>\n<p>Durante seu discurso, a Reitora apontou a figura que \u00e9 padroeira da sua universidade como \u201cintr\u00e9pida reformadora da ordem do Carmelo\u201d, \u201cMestra de Vida Espiritual e pedagoga da contempla\u00e7\u00e3o\u201d.<\/p>\n<p>Tamb\u00e9m destacou que lhe entrega este reconhecimento por ser \u201cluz singular da Igreja universal\u201d e \u201cexcelente exemplo na pr\u00e1tica de todas as virtudes\u201d.<\/p>\n<p>Por sua parte, o prep\u00f3sito geral da Ordem do Carmelo Descal\u00e7o, o Pe. Saverio Cannistr\u00e0, recolheu o barrete e o livro, sinal desta distin\u00e7\u00e3o e da excel\u00eancia da dignidade doutoral, que lhe entregou o Cardeal Ca\u00f1izares, pois ele tamb\u00e9m \u00e9 doutor honoris causa pela Universidade Cat\u00f3lica de \u00c1vila.<\/p>\n<p>O prep\u00f3sito doou o barrete ao Convento de S\u00e3o Jos\u00e9 de \u00c1vila.<\/p>\n<p>A Reitora tamb\u00e9m imp\u00f4s a medalha da Universidade Cat\u00f3lica de \u00c1vila ao Pe. Cannistr\u00e0, que a doou ao Convento da Encarna\u00e7\u00e3o, local onde a Santa permaneceu por 30 anos e logo faleceu.<\/p>\n<p style=\"text-align: justify;\">Fonte: Acidigital<\/p>\n","protected":false},"excerpt":{"rendered":"<p>Cardeal Antonio Ca\u00f1izares entrega barrete do doutorado ao Pe. Saverio Cannistr\u00e0. A Universidade Cat\u00f3lica de \u00c1vila (Espanha) investiu Santa Teresa de Jesus como Doutora Honoris Causa. Este reconhecimento foi entregue pelo Cardeal Antonio Ca\u00f1izares Llovera e significa, em termos acad\u00eamicos, o reconhecimento de uma universidade a quem se destacou em certos \u00e2mbitos profissionais. Esta comemora\u00e7\u00e3o [&hellip;]<\/p>\n","protected":false},"author":1,"featured_media":0,"comment_status":"closed","ping_status":"closed","sticky":false,"template":"","format":"standard","meta":{"footnotes":""},"categories":[4],"tags":[],"class_list":["post-6270","post","type-post","status-publish","format-standard","hentry","category-cotidiano"],"_links":{"self":[{"href":"https:\/\/catolicanet.net\/wp-cnet\/wp-json\/wp\/v2\/posts\/6270","targetHints":{"allow":["GET"]}}],"collection":[{"href":"https:\/\/catolicanet.net\/wp-cnet\/wp-json\/wp\/v2\/posts"}],"about":[{"href":"https:\/\/catolicanet.net\/wp-cnet\/wp-json\/wp\/v2\/types\/post"}],"author":[{"embeddable":true,"href":"https:\/\/catolicanet.net\/wp-cnet\/wp-json\/wp\/v2\/users\/1"}],"replies":[{"embeddable":true,"href":"https:\/\/catolicanet.net\/wp-cnet\/wp-json\/wp\/v2\/comments?post=6270"}],"version-history":[{"count":1,"href":"https:\/\/catolicanet.net\/wp-cnet\/wp-json\/wp\/v2\/posts\/6270\/revisions"}],"predecessor-version":[{"id":11220,"href":"https:\/\/catolicanet.net\/wp-cnet\/wp-json\/wp\/v2\/posts\/6270\/revisions\/11220"}],"wp:attachment":[{"href":"https:\/\/catolicanet.net\/wp-cnet\/wp-json\/wp\/v2\/media?parent=6270"}],"wp:term":[{"taxonomy":"category","embeddable":true,"href":"https:\/\/catolicanet.net\/wp-cnet\/wp-json\/wp\/v2\/categories?post=6270"},{"taxonomy":"post_tag","embeddable":true,"href":"https:\/\/catolicanet.net\/wp-cnet\/wp-json\/wp\/v2\/tags?post=6270"}],"curies":[{"name":"wp","href":"https:\/\/api.w.org\/{rel}","templated":true}]}}