{"id":62698,"date":"2020-09-23T09:13:19","date_gmt":"2020-09-23T12:13:19","guid":{"rendered":"https:\/\/catolicanet.net\/wp-cnet\/?p=62698"},"modified":"2020-09-23T14:14:49","modified_gmt":"2020-09-23T17:14:49","slug":"5-passos-para-santificar-o-seu-quotidiano-com-a-ajuda-de-sao-josemaria","status":"publish","type":"post","link":"https:\/\/catolicanet.net\/wp-cnet\/5-passos-para-santificar-o-seu-quotidiano-com-a-ajuda-de-sao-josemaria\/","title":{"rendered":"5 passos para santificar o seu quotidiano com a ajuda de S\u00e3o Josemar\u00eda"},"content":{"rendered":"<h2 class=\"subtitle\" style=\"text-align: justify;\">Chamado de padroeiro da vida quotidiana, S\u00e3o Josemar\u00eda estava convencido de que as circunst\u00e2ncias da vida n\u00e3o s\u00e3o um obst\u00e1culo no caminho do aperfei\u00e7oamento e do sacrif\u00edcio. A seguir, veja os cinco passos necess\u00e1rios para adotar essa filosofia em seu dia-a-dia<\/h2>\n<div class=\"base-post-content\">Ofundador do Opus Dei tinha uma convic\u00e7\u00e3o, presente em todos os seus escritos: a santidade a que o crist\u00e3o \u201ccomum\u201d \u00e9 chamado a viver n\u00e3o \u00e9 uma santidade barata. \u00c9 um convite a se tornar um verdadeiro \u201ccontemplativo no meio do mundo\u201d. Ut\u00f3pico? N\u00e3o, contanto que voc\u00ea siga os cinco passos a seguir que o ajudar\u00e3o a santificar a sua vida quotidiana.<\/p>\n<h3 class=\"rich-list-item\" style=\"text-align: justify;\"><strong>1 AME A REALIDADE DAS CIRCUNST\u00c2NCIAS PRESENTES<\/strong><\/h3>\n<p class=\"p4\" style=\"text-align: justify;\">\u201c<i>Voc\u00ea realmente quer ser santo?\u201d\u00a0<\/i>perguntou S\u00e3o Josemar\u00eda<i>. \u201cCumpra os pequenos deveres de cada instante: fa\u00e7a o que tem que fazer e esteja presente em tudo o que fizer<\/i>\u201d. Mais tarde, ele desenvolve esta abordagem realista e concreta da santidade no meio do mundo na homilia Amando o Mundo com Paix\u00e3o: \u201c<i>Ent\u00e3o deixe os sonhos, os falsos idealismos, as fantasias \u2013 em uma palavra, o que estou acostumado chamar de m\u00edstica do \u201cse\u201d \u2013 \u201cAh! se eu n\u00e3o tivesse casado; ah! se eu n\u00e3o tivesse essa profiss\u00e3o\u201d. Atenha-se \u00e0 realidade mais material e imediata, pois \u00e9 a\u00ed que o Senhor est\u00e1.\u201d<\/i><\/p>\n<p class=\"p4\" style=\"text-align: justify;\">Este \u201csanto do ordin\u00e1rio\u201d convida-nos a um verdadeiro mergulho na aventura da vida quotidiana: \u201c<i>N\u00e3o h\u00e1 outro caminho, meus filhos: ou aprendemos a encontrar o Senhor na nossa vida quotidiana, ou nunca seremos capazes de encontra-lo<\/i>\u201d.<\/p>\n<h3 class=\"rich-list-item\" style=\"text-align: justify;\"><strong>2 DESCUBRA AQUELE \u201cTOQUE DIVINO\u201d ESCONDIDO POR TR\u00c1S DOS DETALHES<\/strong><\/h3>\n<p class=\"p4\" style=\"text-align: justify;\">\u201c<i>Deus est\u00e1 perto de n\u00f3s<\/i>\u201d, gostava de lembrar Bento XVI. \u00c9 tamb\u00e9m a forma como S\u00e3o Josemar\u00eda acompanhava com ternura aqueles que o ouviam: \u201c<i>Vivemos como se o Senhor estivesse longe, l\u00e1 em cima, onde brilham as estrelas, e n\u00e3o percebemos que ele tamb\u00e9m est\u00e1 sempre ao nosso lado<\/i>\u201d. Como ent\u00e3o encontr\u00e1-lo, como entrar em rela\u00e7\u00e3o com ele? \u201c<i>Saibam disso: h\u00e1 algo santo, divino, escondido nas situa\u00e7\u00f5es mais comuns, e cabe a cada um descobrir\u201d.<\/i><\/p>\n<p class=\"p4\" style=\"text-align: justify;\">Basicamente, trata-se de transformar todas as circunst\u00e2ncias do dia a dia, agrad\u00e1veis \u200b\u200bou n\u00e3o, numa fonte de di\u00e1logo com Deus. E, portanto, de contempla\u00e7\u00e3o: \u201c<i>Essa tarefa banal, semelhante \u00e0 realizada por seus colegas de trabalho, deve ser para voc\u00ea uma ora\u00e7\u00e3o cont\u00ednua, com as mesmas palavras \u00edntimas e familiares, mas a cada dia com uma melodia diferente. Nossa miss\u00e3o \u00e9 justamente a de transformar a prosa desta vida num poema heroico<\/i>\u201d.<\/p>\n<h3 class=\"rich-list-item\" style=\"text-align: justify;\"><strong>3 BUSQUE A UNIDADE DE VIDA<\/strong><\/h3>\n<p class=\"p4\" style=\"text-align: justify;\">Para S\u00e3o Josemar\u00eda, a aspira\u00e7\u00e3o a uma vida aut\u00eantica de ora\u00e7\u00e3o est\u00e1 intimamente ligada \u00e0 procura do aperfei\u00e7oamento pessoal, atrav\u00e9s da aquisi\u00e7\u00e3o das virtudes humanas \u201cinseridas na vida da gra\u00e7a\u201d. Ter paci\u00eancia face ao adolescente rebelde; o sentido da amizade e a capacidade de admira\u00e7\u00e3o nas rela\u00e7\u00f5es com os outros; a serenidade face a um amargo fracasso. Para S\u00e3o Josemar\u00eda esta \u00e9 a \u201cmat\u00e9ria-prima\u201d do di\u00e1logo com Deus, campo de exerc\u00edcio da santifica\u00e7\u00e3o. Trata-se de \u201cmaterializar a vida espiritual\u201d para evitar a tenta\u00e7\u00e3o de \u201c<i>levar uma esp\u00e9cie de vida dupla: por um lado, a vida interior, a vida de relacionamento com Deus; por outro, uma vida distinta e separada, familiar, profissional, social, cheia de pequenas realidades terrenas<\/i>\u201d.<\/p>\n<div class=\"nativo-inread\" style=\"text-align: justify;\"><\/div>\n<p class=\"p4\" style=\"text-align: justify;\">Um di\u00e1logo, relatado em\u00a0<i>Caminho,<\/i>\u00a0ilustra bem este convite: \u201cPor que esta Cruz de madeira? voc\u00ea me pergunta. E eu cito esta passagem: \u2018<i>Quando voc\u00ea tira os olhos do microsc\u00f3pio, seu olhar recai sobre a Cruz negra e vazia. Essa cruz sem o Crucificado \u00e9 um s\u00edmbolo. Tem um significado que os outros n\u00e3o conseguir\u00e3o ver. E aquele que, cansado, estava a ponto de desistir da tarefa, volta ao microsc\u00f3pio e continua o seu trabalho, porque a Cruz vazia chama os ombros que podem carrega-la\u2019.\u201d<\/i><\/p>\n<h3 class=\"rich-list-item\" style=\"text-align: justify;\"><strong>4 VER CRISTO NOS OUTROS<\/strong><\/h3>\n<p class=\"p4\" style=\"text-align: justify;\">Nossa vida di\u00e1ria \u00e9 essencialmente uma vida de relacionamentos, fam\u00edlia, amigos, trabalho. Fontes de alegrias como de tens\u00f5es inevit\u00e1veis. Para S\u00e3o Josemar\u00eda, o segredo \u00e9 saber \u201c<i>reconhecer nos nossos irm\u00e3os o Cristo que vem ao nosso encontro<\/i>\u201d.\u00a0<i>Ningu\u00e9m \u00e9 um verso solto. Todos fazemos parte do mesmo poema divino que Deus escreve com a ajuda de nossa liberdade<\/i>\u201d, escreveu.<\/p>\n<p class=\"p4\" style=\"text-align: justify;\">Portanto, as rela\u00e7\u00f5es cotidianas tamb\u00e9m geram em n\u00f3s um descanso, uma renova\u00e7\u00e3o: \u201c<i>Crian\u00e7a. Doente. Voc\u00ea n\u00e3o se sente tentado em escrever essas palavras em letras mai\u00fasculas? Para uma alma que ama, para as crian\u00e7as, para os doentes, \u00e9 Cristo, ele que est\u00e1 presente<\/i>\u201d. E deste di\u00e1logo \u00edntimo e cont\u00ednuo com Cristo brota tamb\u00e9m com naturalidade o desejo de falar sobre ele aos outros: \u201c<i>O apostolado \u00e9 o amor de Deus que transborda, doando-se aos outros<\/i>\u201d.<\/p>\n<h3 class=\"rich-list-item\" style=\"text-align: justify;\"><strong>5 TUDO FAZER POR AMOR<\/strong><\/h3>\n<p class=\"p4\" style=\"text-align: justify;\"><i>\u201cTudo o que voc\u00ea faz por amor adquire beleza, grandeza<\/i>\u201d. Este \u00e9, sem d\u00favida, o resumo da espiritualidade de S\u00e3o Josemar\u00eda. N\u00e3o se trata de tentar fazer grandes coisas, esperando circunst\u00e2ncias extraordin\u00e1rias para se comportar heroicamente. Se trata muito mais de se apegar humildemente ao pequeno dever de cada momento, colocando todo o seu amor e toda a perfei\u00e7\u00e3o humana naquilo que somos capazes de fazer naquele momento.<\/p>\n<p class=\"p4\" style=\"text-align: justify;\">S\u00e3o Josemar\u00eda gostava especialmente de usar a imagem do burrinho junto ao po\u00e7o, cuja vida, aparentemente ins\u00edpida e mon\u00f3tona, se revela extraordinariamente fecunda. \u201c<i>Bendita seja a perseveran\u00e7a do burro na roda d\u2019\u00e1gua! Sempre no mesmo ritmo. Sempre as mesmas voltas. Dia ap\u00f3s dia, tudo igual. Caso contr\u00e1rio, as frutas n\u00e3o estariam maduras, o pomar n\u00e3o estaria cheio de frescor, e o jardim seria privado de aromas. Aplique esse pensamento \u00e0 sua vida interior\u201d.<\/i><\/p>\n<p class=\"p5\" style=\"text-align: justify;\">B\u00e9atrice de La Coste<\/p>\n<\/div>\n","protected":false},"excerpt":{"rendered":"<p>Chamado de padroeiro da vida quotidiana, S\u00e3o Josemar\u00eda estava convencido de que as circunst\u00e2ncias da vida n\u00e3o s\u00e3o um obst\u00e1culo no caminho do aperfei\u00e7oamento e do sacrif\u00edcio. A seguir, veja os cinco passos necess\u00e1rios para adotar essa filosofia em seu dia-a-dia Ofundador do Opus Dei tinha uma convic\u00e7\u00e3o, presente em todos os seus escritos: a [&hellip;]<\/p>\n","protected":false},"author":1,"featured_media":62699,"comment_status":"open","ping_status":"closed","sticky":false,"template":"","format":"standard","meta":{"footnotes":""},"categories":[4],"tags":[],"class_list":["post-62698","post","type-post","status-publish","format-standard","has-post-thumbnail","hentry","category-cotidiano"],"_links":{"self":[{"href":"https:\/\/catolicanet.net\/wp-cnet\/wp-json\/wp\/v2\/posts\/62698","targetHints":{"allow":["GET"]}}],"collection":[{"href":"https:\/\/catolicanet.net\/wp-cnet\/wp-json\/wp\/v2\/posts"}],"about":[{"href":"https:\/\/catolicanet.net\/wp-cnet\/wp-json\/wp\/v2\/types\/post"}],"author":[{"embeddable":true,"href":"https:\/\/catolicanet.net\/wp-cnet\/wp-json\/wp\/v2\/users\/1"}],"replies":[{"embeddable":true,"href":"https:\/\/catolicanet.net\/wp-cnet\/wp-json\/wp\/v2\/comments?post=62698"}],"version-history":[{"count":1,"href":"https:\/\/catolicanet.net\/wp-cnet\/wp-json\/wp\/v2\/posts\/62698\/revisions"}],"predecessor-version":[{"id":62700,"href":"https:\/\/catolicanet.net\/wp-cnet\/wp-json\/wp\/v2\/posts\/62698\/revisions\/62700"}],"wp:featuredmedia":[{"embeddable":true,"href":"https:\/\/catolicanet.net\/wp-cnet\/wp-json\/wp\/v2\/media\/62699"}],"wp:attachment":[{"href":"https:\/\/catolicanet.net\/wp-cnet\/wp-json\/wp\/v2\/media?parent=62698"}],"wp:term":[{"taxonomy":"category","embeddable":true,"href":"https:\/\/catolicanet.net\/wp-cnet\/wp-json\/wp\/v2\/categories?post=62698"},{"taxonomy":"post_tag","embeddable":true,"href":"https:\/\/catolicanet.net\/wp-cnet\/wp-json\/wp\/v2\/tags?post=62698"}],"curies":[{"name":"wp","href":"https:\/\/api.w.org\/{rel}","templated":true}]}}