{"id":62660,"date":"2020-09-23T13:39:00","date_gmt":"2020-09-23T16:39:00","guid":{"rendered":"https:\/\/catolicanet.net\/wp-cnet\/?p=62660"},"modified":"2020-09-23T13:39:00","modified_gmt":"2020-09-23T16:39:00","slug":"beato-francisco-de-paula-victor-2","status":"publish","type":"post","link":"https:\/\/catolicanet.net\/wp-cnet\/beato-francisco-de-paula-victor-2\/","title":{"rendered":"Beato Francisco de Paula Victor"},"content":{"rendered":"<p style=\"text-align: justify;\">Neste dia 23 de setembro celebramos a mem\u00f3ria lit\u00fargica do Beato Padre Francisco de Paula Victor que foi beatificado no dia 14 de novembro de 2015 pelo cardeal \u00c2ngelo Amato na mineira cidade de Tr\u00eas Pontas, dentro da Circunscri\u00e7\u00e3o Eclesi\u00e1stica da Diocese da Campanha. Padre Victor faleceu no dia 23 de setembro de 1905 aos 78 anos em Tr\u00eas Pontas, com fama de santidade, depois de ter sido o zeloso p\u00e1roco daquela comunidade por meio s\u00e9culo.<\/p>\n<p style=\"text-align: justify;\">Padre Victor viveu de forma heroica o seu sacerd\u00f3cio e faleceu com fama de santidade, teve a sua beatifica\u00e7\u00e3o aprovada pelo Vaticano ap\u00f3s a comprova\u00e7\u00e3o de um milagre atrav\u00e9s de sua intercess\u00e3o e foi beatificado na pr\u00f3pria cidade de Tr\u00eas Pontas, tendo a sua Santidade sendo representada pelo cardeal \u00c2ngelo Amato, Prefeito da Congrega\u00e7\u00e3o da Causa dos Santos.<\/p>\n<p style=\"text-align: justify;\">Padre Victor nasceu na cidade da Campanha em 12 de abril de 1827, foi batizado logo ap\u00f3s o seu nascimento no dia 20 de abril, j\u00e1 mostrando que entregaria totalmente a sua vida a Deus. Era filho de uma escrava chamada Dona Louren\u00e7a Maria de Jesus.<\/p>\n<p style=\"text-align: justify;\">Em 1848 o santo Bispo de Mariana, Dom Ant\u00f4nio Ferreira Vi\u00e7oso, visitou a cidade da Campanha onde foi procurado pelo ent\u00e3o \u201calfaiate\u201d Francisco de Paula Victor, que lhe manifestou o desejo ardente de seguir a vida religiosa querendo entrar no Semin\u00e1rio de Nossa Senhora da Boa Morte em Mariana. Sendo assim em 05 de junho de 1849 Francisco entrou para o Semin\u00e1rio de Nossa Senhora da Boa Morte na cidade episcopal de Mariana. Em 14 de Junho de 1851 Francisco foi ordenado sacerdote e regressou a sua cidade natal.<\/p>\n<p style=\"text-align: justify;\">Padre Francisco de Paula Victor em 14 de junho de 1852 foi transferido para Tr\u00eas Pontas, onde de fato come\u00e7ou a sua a\u00e7\u00e3o evangelizadora como P\u00e1roco colado da Par\u00f3quia Nossa Senhora D\u2019ajuda e pode dar in\u00edcio aos trabalhos sociais em favor dos mais necessitados e a viver intensamente o seu minist\u00e9rio. Foi ali p\u00e1roco durante 53 anos, at\u00e9 a data da sua morte e atra\u00eda muitas pessoas na sua par\u00f3quia devido a fama de santidade por meio da sua prega\u00e7\u00e3o e acolhimento dos menos favorecidos.<\/p>\n<p style=\"text-align: justify;\">Padre Victor procurava catequizar e instruir o povo tendo criado a Escola Sagrada Fam\u00edlia. Padre Victor instruiu muitos filhos de fam\u00edlias humildes, fazendo com que eles se tornassem Homens cultos e pudessem ingressar com mais facilidade no mercado de trabalho. Pessoas importantes passaram pela vida e pela par\u00f3quia de Padre Victor, entre eles: Dom Jo\u00e3o de Almeida Ferr\u00e3o, primeiro Bispo da Campanha \u2013 MG e C\u00f4nego Jos\u00e9 Maria Rabello, que foi o seu coadjutor em Tr\u00eas Pontas.<\/p>\n<p style=\"text-align: justify;\">Padre Victor pregou muito sobre a f\u00e9, esperan\u00e7a, fortaleza, prud\u00eancia, justi\u00e7a, obedi\u00eancia, castidade, temperan\u00e7a, humildade, temor de Deus e, sobretudo, a caridade. Ele amava todas as pessoas, mas em especial os mais pobres. Os paroquianos mais humildes recorriam a ele. Era um padre excelente, por\u00e9m bem r\u00edgido. Vivia das esmolas que recebia e dava esmolas.<\/p>\n<p style=\"text-align: justify;\">Padre Victor criou a Escola Sagrada Fam\u00edlia em Tr\u00eas Pontas que visava catequizar a popula\u00e7\u00e3o, em especial aos mais jovens. Assim Padre Victor mostrava o caminho de Deus aos mais jovens para que eles vivessem uma vida mais regrada e de acordo com a conduta de um Crist\u00e3o cat\u00f3lico evitando aquilo que era pervers\u00e3o e pecado.<\/p>\n<p style=\"text-align: justify;\">Com o seu falecimento houve um grande abalo emocional em toda a cidade e toda a popula\u00e7\u00e3o queria dar o \u00faltimo adeus ao padre. Durante os tr\u00eas dias de vel\u00f3rio, o seu corpo exalava um cheiro de rosas, um perfume muito forte que n\u00e3o se sabia de onde vinha. Ap\u00f3s os tr\u00eas dias de vel\u00f3rio foi feito um cortejo pela cidade com o corpo e foi sepultado na Igreja Matriz Nossa Senhora da Ajuda, Igreja na qual ele ajudou a construir.<\/p>\n<p style=\"text-align: justify;\">De 1992 at\u00e9 2015 o processo de beatifica\u00e7\u00e3o do Padre Victor tramitou na Vaticano. Em 2012 ele recebeu o t\u00edtulo de vener\u00e1vel atrav\u00e9s de um decreto assinado pelo Papa Bento XVI. A 03 de Junho de 2015, os cardeais aprovaram no Vaticano por unanimidade um milagre atribu\u00eddo ao Padre Victor. O milagre no qual foi atribu\u00eddo \u00e9 a cura de um homem que estava com tumor e era morador da cidade e inexplicavelmente ele foi curado por intercess\u00e3o de Padre Victor. E por fim, no dia 14 de novembro foi beatificado e ficando a sua festa lit\u00fargica para o dia de sua morte, que \u00e9 o dia 23 de setembro.<\/p>\n<p style=\"text-align: justify;\">O Beato Padre Victor precisa ter comprovado mais um milagre para ser canonizado e assim declarado Santo. Ele \u00e9 um vivo exemplo de santidade presbiteral. Viveu uma vida inteira, 53 longos anos, santificando pela Palavra, pelo exemplo e pelo testemunho a cidade de Tr\u00eas Pontas e todo o aben\u00e7oado Sul de Minas, desde os contrafortes da Mantiqueira at\u00e9 as \u00e1guas azuis do Lago de Furnas, na formosa e pujante Diocese da Campanha.<\/p>\n<p style=\"text-align: justify;\">A vida de nossos padres precisa ser espelhada no eloquente testemunho de caridade crist\u00e3, de educa\u00e7\u00e3o da juventude, de viv\u00eancia da santidade e de partilha dos dons e dos bens que o Beato Padre Victor ensina a cada um de n\u00f3s! Deve come\u00e7ar pelos p\u00e1rocos para que esse bom odor da santidade presbiteral impregne em nossas Par\u00f3quias e nos fi\u00e9is para que possamos ser transmissores e testemunhas cred\u00edveis do Evangelho.<\/p>\n<p style=\"text-align: justify;\">O Beato Padre Victor foi um negro que sofreu muitas discrimina\u00e7\u00f5es e humilha\u00e7\u00f5es, a come\u00e7ar pela Par\u00f3quia de Tr\u00eas Pontas, onde alguns fazendeiros, bar\u00f5es do caf\u00e9, n\u00e3o o aceitavam na metade do s\u00e9culo XIX, por ser negro. Superou tudo pela santidade irretoc\u00e1vel da vida crist\u00e3, da viv\u00eancia do Evangelho e da santifica\u00e7\u00e3o do povo pelo testemunho. A sua principal prega\u00e7\u00e3o era a sua pr\u00f3pria vida. Uma vida para Deus e que levava os homens e as mulheres, superando qualquer preconceito e \u00f3dio, a viverem como irm\u00e3os a fraternidade e a caridade crist\u00e3. Socorreu os pobres! Nunca descuidou das necessidades materiais dos mais humildes. Nada ajuntou. Distribuiu tudo e ganhou o c\u00e9u!<\/p>\n<p style=\"text-align: justify;\">Rezemos pedindo a intercess\u00e3o do Beato Padre Victor por todos n\u00f3s e que em breve possamos ter mais um Santo brasileiro t\u00e3o logo que tenhamos a comprova\u00e7\u00e3o de mais um milagre por intercess\u00e3o do Padre Victor para que isso aconte\u00e7a. Que a sua hist\u00f3ria de vida, seja um exemplo para todos n\u00f3s e possamos aprender com a ele a humildade e a pobreza de esp\u00edrito e vivendo de maneira \u00edntegra a f\u00e9 cat\u00f3lica.<\/p>\n<p style=\"text-align: justify;\">Beato Padre Victor, rogai por N\u00f3s!<\/p>\n","protected":false},"excerpt":{"rendered":"<p>Neste dia 23 de setembro celebramos a mem\u00f3ria lit\u00fargica do Beato Padre Francisco de Paula Victor que foi beatificado no dia 14 de novembro de 2015 pelo cardeal \u00c2ngelo Amato na mineira cidade de Tr\u00eas Pontas, dentro da Circunscri\u00e7\u00e3o Eclesi\u00e1stica da Diocese da Campanha. Padre Victor faleceu no dia 23 de setembro de 1905 aos [&hellip;]<\/p>\n","protected":false},"author":5,"featured_media":55819,"comment_status":"open","ping_status":"closed","sticky":false,"template":"","format":"standard","meta":{"footnotes":""},"categories":[9],"tags":[],"class_list":["post-62660","post","type-post","status-publish","format-standard","has-post-thumbnail","hentry","category-artigos"],"_links":{"self":[{"href":"https:\/\/catolicanet.net\/wp-cnet\/wp-json\/wp\/v2\/posts\/62660","targetHints":{"allow":["GET"]}}],"collection":[{"href":"https:\/\/catolicanet.net\/wp-cnet\/wp-json\/wp\/v2\/posts"}],"about":[{"href":"https:\/\/catolicanet.net\/wp-cnet\/wp-json\/wp\/v2\/types\/post"}],"author":[{"embeddable":true,"href":"https:\/\/catolicanet.net\/wp-cnet\/wp-json\/wp\/v2\/users\/5"}],"replies":[{"embeddable":true,"href":"https:\/\/catolicanet.net\/wp-cnet\/wp-json\/wp\/v2\/comments?post=62660"}],"version-history":[{"count":1,"href":"https:\/\/catolicanet.net\/wp-cnet\/wp-json\/wp\/v2\/posts\/62660\/revisions"}],"predecessor-version":[{"id":62661,"href":"https:\/\/catolicanet.net\/wp-cnet\/wp-json\/wp\/v2\/posts\/62660\/revisions\/62661"}],"wp:featuredmedia":[{"embeddable":true,"href":"https:\/\/catolicanet.net\/wp-cnet\/wp-json\/wp\/v2\/media\/55819"}],"wp:attachment":[{"href":"https:\/\/catolicanet.net\/wp-cnet\/wp-json\/wp\/v2\/media?parent=62660"}],"wp:term":[{"taxonomy":"category","embeddable":true,"href":"https:\/\/catolicanet.net\/wp-cnet\/wp-json\/wp\/v2\/categories?post=62660"},{"taxonomy":"post_tag","embeddable":true,"href":"https:\/\/catolicanet.net\/wp-cnet\/wp-json\/wp\/v2\/tags?post=62660"}],"curies":[{"name":"wp","href":"https:\/\/api.w.org\/{rel}","templated":true}]}}