{"id":62655,"date":"2020-09-22T13:07:56","date_gmt":"2020-09-22T16:07:56","guid":{"rendered":"https:\/\/catolicanet.net\/wp-cnet\/?p=62655"},"modified":"2020-09-22T13:07:56","modified_gmt":"2020-09-22T16:07:56","slug":"setembro-amarelo-uma-luz-de-esperanca","status":"publish","type":"post","link":"https:\/\/catolicanet.net\/wp-cnet\/setembro-amarelo-uma-luz-de-esperanca\/","title":{"rendered":"SETEMBRO AMARELO, UMA LUZ DE ESPERAN\u00c7A"},"content":{"rendered":"<p style=\"text-align: right;\">Padre Di Lascio<\/p>\n<p style=\"text-align: justify;\">\u201cQuando setembro vier\u201d \u00e9 uma bel\u00edssima m\u00fasica que est\u00e1 registrada no mais profundo de nossa mem\u00f3ria afetiva. A arte da m\u00fasica nos transporta para o reino da imagina\u00e7\u00e3o, nos move num serpenteamento c\u00f3smico\u00a0 e, enchendo-nos de sonhos e fantasias cria em n\u00f3s uma vontade imensa de viver e de encontrar a felicidade nesta\u00a0 nossa trajet\u00f3ria terrena.<\/p>\n<p style=\"text-align: justify;\">Quando nos deix\u00e1vamos levar pelo som dessa musica e nossos p\u00e9s ligeiros\u00a0 deslizavam pelos sal\u00f5es de baile, na companhia de quem tinha conquistado nossos cora\u00e7\u00f5es, era como se um impulso m\u00e1gico nos arrebatava, e nos levava a crer, convencer-se mesmo, de que o amor existe e vale a pena viver e fazer de tudo para encontr\u00e1-lo.<\/p>\n<p style=\"text-align: justify;\">Setembro \u00e9 o m\u00eas da primavera.\u00a0 Tempo que\u00a0 traz de volta a esperan\u00e7a e nos enche de alegria e vontade de viver. \u00c0 aura de mist\u00e9rio e magia deste m\u00eas, vem agora juntar-se a <em>Campanha Setembro Amarelo, <\/em>uma conclama\u00e7\u00e3o para nos movermos no trabalho de preven\u00e7\u00e3o contra o suic\u00eddio.<\/p>\n<p style=\"text-align: justify;\">Segundo as estat\u00edsticas da OMS a cada 40 segundos, ao redor do mundo,\u00a0 uma pessoa se suicida. No Brasil, os observadores chegam \u00e0 constata\u00e7\u00e3o de que esse n\u00famero \u00e9 de uma centena por dia.<\/p>\n<p style=\"text-align: justify;\">O suic\u00eddio \u00e9 o ato culminante a que chega uma pessoa que busca na morte um meio de p\u00f4r fim aos problemas que a atormentam.<\/p>\n<p style=\"text-align: justify;\">Diversas s\u00e3o as motiva\u00e7\u00f5es que levam as pessoas ao suic\u00eddio. Entre as mais comuns: o sentimento de culpa, o remorso, a decep\u00e7\u00e3o, a depress\u00e3o, a ansiedade, o medo, o vazio existencial, a humilha\u00e7\u00e3o e por a\u00ed vai&#8230; A pessoa perde o est\u00edmulo para tocar a vida em frente, acaba por se isolar de tudo e de todos e entra em paran\u00f3ia. Um assalto de pensamentos desconexos, conflitantes, que n\u00e3o trazem resposta alguma, roubam a paz e o discernimento\u00a0 e levam a pessoa ao desespero.<\/p>\n<p style=\"text-align: justify;\">Esse grave problema \u00e9 de responsabilidade de todos n\u00f3s, como cidad\u00e3os.\u00a0\u00a0 Todos fazemos parte do tecido social que se move e vive pela gratuidade e interdepend\u00eancia uns dos outros. Ningu\u00e9m sobrevive isolado como uma ilha e por quest\u00e3o de \u00e9tica e moral, ningu\u00e9m tem o direito de ser feliz sozinho.<\/p>\n<p style=\"text-align: justify;\">A realidade que vemos \u00e9 outra: uma sociedade-avestruz, em que grande parte dos indiv\u00edduos vive com a cabe\u00e7a voltada para si mesmos, mergulhada nos aparelhos eletr\u00f4nicos, e as aten\u00e7\u00f5es voltadas para o seu pr\u00f3prio umbigo.Uma total aliena\u00e7\u00e3o e indiferen\u00e7a frente \u00e0 presen\u00e7a desconhecida do outro.<\/p>\n<p style=\"text-align: justify;\">Ent\u00e3o percebemos que grande parte da massa populacional n\u00e3o vive, mas se faz ref\u00e9m sob o dom\u00ednio dos \u00eddolos do poder, do prazer e do ter.\u00a0 S\u00e3o criaturas\u00a0 fracas, indolentes, ignorantes e vitimas da s\u00edndrome da baixa autoestima. Culpadas e revoltadas por n\u00e3o se enquadrar\u00a0 entre os grupos \u201cprivilegiados\u201d, que det\u00eam o \u201cstatus social\u201d n\u00e3o atendem os crit\u00e9rios que os fa\u00e7am ser aceitos e valorizados no grupo social dominante e opressor.<\/p>\n<p style=\"text-align: justify;\">Assim sendo, essa sociedade marginal, discriminada, cria seres humanos infelizes por n\u00e3o usar \u201ctal ou qual\u201d marca de produto de consumo, ou por n\u00e3o possuir os padr\u00f5es de beleza e est\u00e9tica ou por n\u00e3o poder ostentar nada daquilo que os fa\u00e7a ser aceitos e aprovados na sociedade \u201cpadr\u00e3o\u201d.<\/p>\n<p style=\"text-align: justify;\">A vida nos escolhe. E isso nos \u00e9 comprovado pela trajet\u00f3ria milagrosa e desafiante do ciclo vital desde o primeiro momento p\u00f3s-fecunda\u00e7\u00e3o. Essa maravilhosa migra\u00e7\u00e3o de milhares de espermatoz\u00f3ides que disputam, numa corrida fren\u00e9tica e de bravura, o alvo a ser conquistado: o \u00f3vulo maduro \u00e0\u00a0 espera do encontro para ser gerada uma nova vida. Temos a\u00ed a vit\u00f3ria de um Campe\u00e3o da Vida.<\/p>\n<p style=\"text-align: justify;\">Sabemos pela ci\u00eancia que estuda o comportamento humano, que em 90% dos casos o suic\u00eddio\u00a0 pode ser prevenido. \u00c9 uma grande verdade! Quantos desafios e amea\u00e7as de morte tivemos que enfrentar nessa trajet\u00f3ria da fecunda\u00e7\u00e3o ao nascimento, para sairmos vitoriosos: tentativa de aborto, viol\u00eancia sofrida pela m\u00e3e, abandono, enfermidades, amea\u00e7as, dificuldades na hora de nascer&#8230; E outros perigos amea\u00e7adores.<\/p>\n<p style=\"text-align: justify;\">A vida que herdamos tem que seguir e cumprir a sua miss\u00e3o rumo \u00e0 eternidade. Passamos por esta Terra como peregrinos na Escola da Vida. Carregamos o dom da imortalidade durante esta peregrina\u00e7\u00e3o. Sofreremos in\u00fameras amea\u00e7as de morte, mas, em cada fase da vida aprendemos a enfrentar esses monstros que nos atormentam ou que querem impedir o nosso crescimento e avan\u00e7o.<\/p>\n<p style=\"text-align: justify;\">As resili\u00eancias nos fazem ganhar experi\u00eancias e condi\u00e7\u00f5es de assumirmos cada dia mais o nosso destino. No inicio, a vida nos escolheu. Agora somos n\u00f3s que devemos escolh\u00ea-la para continuarmos o nosso caminho e seguir em frente.<\/p>\n<p style=\"text-align: justify;\">Somos todos guardi\u00f5es do nosso pr\u00f3ximo. Somos parte de um corpo vivo e possu\u00edmos uma alma (<em>animus<\/em>) que abriga o Espirito Divino. A vida \u00e9, pois,\u00a0 um\u00a0 presente. \u00c9 uma d\u00e1diva de amor pela qual vale a pena fazer de tudo para que vingue, flores\u00e7a, e se realize.<\/p>\n<p style=\"text-align: justify;\">O Mestre dos Mestres, Jesus Cristo, veio at\u00e9 n\u00f3s assumindo um corpo humano para nos ensinar a valorizar a Vida. <em>Eu vim para que todos tenham vida e a tenham em abund\u00e2ncia (Jo,10-10). <\/em>Quem ama cuida, defende e salva. E, se for preciso, entrega a sua pr\u00f3pria vida para salvar outra vida.<\/p>\n<p style=\"text-align: justify;\">H\u00e1 sempre uma luz de esperan\u00e7a no caminho, uma m\u00e3o que se estende e um ouvido que escuta o chamado: <em>EU PRECISO DE AJUDA!<\/em><\/p>\n<p style=\"text-align: justify;\">\n<p style=\"text-align: justify;\">Pe. Luiz Roberto Teixeira Di Lascio<\/p>\n<p style=\"text-align: justify;\">Vig\u00e1rio Paroquial da Bas\u00edlica Nossa Senhora do Carmo<\/p>\n<p style=\"text-align: justify;\">Arquidiocese de Campinas \u2013 SP.<\/p>\n<p style=\"text-align: justify;\">e-mail: <a href=\"mailto:padredilascio@uol.com.br\">padredilascio@uol.com.br<\/a><\/p>\n<p style=\"text-align: justify;\">fone: (19) 9.9704-7070<\/p>\n<p>&nbsp;<\/p>\n","protected":false},"excerpt":{"rendered":"<p>Padre Di Lascio \u201cQuando setembro vier\u201d \u00e9 uma bel\u00edssima m\u00fasica que est\u00e1 registrada no mais profundo de nossa mem\u00f3ria afetiva. A arte da m\u00fasica nos transporta para o reino da imagina\u00e7\u00e3o, nos move num serpenteamento c\u00f3smico\u00a0 e, enchendo-nos de sonhos e fantasias cria em n\u00f3s uma vontade imensa de viver e de encontrar a felicidade [&hellip;]<\/p>\n","protected":false},"author":1,"featured_media":62656,"comment_status":"open","ping_status":"closed","sticky":false,"template":"","format":"standard","meta":{"footnotes":""},"categories":[4],"tags":[],"class_list":["post-62655","post","type-post","status-publish","format-standard","has-post-thumbnail","hentry","category-cotidiano"],"_links":{"self":[{"href":"https:\/\/catolicanet.net\/wp-cnet\/wp-json\/wp\/v2\/posts\/62655","targetHints":{"allow":["GET"]}}],"collection":[{"href":"https:\/\/catolicanet.net\/wp-cnet\/wp-json\/wp\/v2\/posts"}],"about":[{"href":"https:\/\/catolicanet.net\/wp-cnet\/wp-json\/wp\/v2\/types\/post"}],"author":[{"embeddable":true,"href":"https:\/\/catolicanet.net\/wp-cnet\/wp-json\/wp\/v2\/users\/1"}],"replies":[{"embeddable":true,"href":"https:\/\/catolicanet.net\/wp-cnet\/wp-json\/wp\/v2\/comments?post=62655"}],"version-history":[{"count":1,"href":"https:\/\/catolicanet.net\/wp-cnet\/wp-json\/wp\/v2\/posts\/62655\/revisions"}],"predecessor-version":[{"id":62657,"href":"https:\/\/catolicanet.net\/wp-cnet\/wp-json\/wp\/v2\/posts\/62655\/revisions\/62657"}],"wp:featuredmedia":[{"embeddable":true,"href":"https:\/\/catolicanet.net\/wp-cnet\/wp-json\/wp\/v2\/media\/62656"}],"wp:attachment":[{"href":"https:\/\/catolicanet.net\/wp-cnet\/wp-json\/wp\/v2\/media?parent=62655"}],"wp:term":[{"taxonomy":"category","embeddable":true,"href":"https:\/\/catolicanet.net\/wp-cnet\/wp-json\/wp\/v2\/categories?post=62655"},{"taxonomy":"post_tag","embeddable":true,"href":"https:\/\/catolicanet.net\/wp-cnet\/wp-json\/wp\/v2\/tags?post=62655"}],"curies":[{"name":"wp","href":"https:\/\/api.w.org\/{rel}","templated":true}]}}