{"id":62622,"date":"2020-09-22T09:35:06","date_gmt":"2020-09-22T12:35:06","guid":{"rendered":"https:\/\/catolicanet.net\/wp-cnet\/?p=62622"},"modified":"2020-09-22T12:36:44","modified_gmt":"2020-09-22T15:36:44","slug":"presidente-da-cnbb-apresenta-a-onu-os-riscos-da-mineracao-predatoria","status":"publish","type":"post","link":"https:\/\/catolicanet.net\/wp-cnet\/presidente-da-cnbb-apresenta-a-onu-os-riscos-da-mineracao-predatoria\/","title":{"rendered":"PRESIDENTE DA CNBB APRESENTA \u00c0 ONU OS RISCOS DA MINERA\u00c7\u00c3O PREDAT\u00d3RIA"},"content":{"rendered":"<p style=\"text-align: justify;\">O arcebispo metropolitano de Belo Horizonte e presidente da Confer\u00eancia Nacional dos Bispos do Brasil (CNBB), dom Walmor Oliveira de Azevedo, em v\u00eddeo apresentado na manh\u00e3 desta segunda-feira, (21\/09) durante a 45\u00aa Sess\u00e3o do Conselho de Direitos Humanos da Organiza\u00e7\u00e3o das Na\u00e7\u00f5es Unidas (ONU), disse que inst\u00e2ncias governamentais continuam a flexibilizar as regras para a realiza\u00e7\u00e3o da atividade miner\u00e1ria, mesmo diante do risco de rompimento de 40 barragens em Minas Gerais.<\/p>\n<p style=\"text-align: justify;\">Dom Walmor, na mensagem, alertou sobre a contamina\u00e7\u00e3o do solo e de rios no Par\u00e1, com produtos t\u00f3xicos da atividade miner\u00e1ria. \u201cPedimos ao governo brasileiro que cumpra com as suas obriga\u00e7\u00f5es internacionais, para garantir medidas de preven\u00e7\u00e3o e de responsabiliza\u00e7\u00e3o das empresas que causaram trag\u00e9dias\u201d, disse o presidente da CNBB.<\/p>\n<p style=\"text-align: justify;\">A 45\u00aa Sess\u00e3o do Conselho de Direitos Humanos da Organiza\u00e7\u00e3o das Na\u00e7\u00f5es Unidas (ONU) est\u00e1 sendo realizada em Genebra, na Su\u00ed\u00e7a, de 14 de setembro a 6 de outubro, em formato h\u00edbrido, com participa\u00e7\u00f5es presenciais e em v\u00eddeo, respeitando o distanciamento social exigido para conter o avan\u00e7o da covid-19.<\/p>\n<p style=\"text-align: justify;\">Assista ao v\u00eddeo de dom Walmor exibido na 45\u00aa Sess\u00e3o do Conselho de Direitos Humanos da Organiza\u00e7\u00e3o das Na\u00e7\u00f5es Unidas (ONU).<\/p>\n<p><iframe loading=\"lazy\" title=\"Dom Walmor Oliveira - Denuncia Brasil na ONU\" width=\"696\" height=\"392\" src=\"https:\/\/www.youtube.com\/embed\/NyBYkFfutVY?feature=oembed\" frameborder=\"0\" allow=\"accelerometer; autoplay; clipboard-write; encrypted-media; gyroscope; picture-in-picture\" allowfullscreen><\/iframe><\/p>\n","protected":false},"excerpt":{"rendered":"<p>O arcebispo metropolitano de Belo Horizonte e presidente da Confer\u00eancia Nacional dos Bispos do Brasil (CNBB), dom Walmor Oliveira de Azevedo, em v\u00eddeo apresentado na manh\u00e3 desta segunda-feira, (21\/09) durante a 45\u00aa Sess\u00e3o do Conselho de Direitos Humanos da Organiza\u00e7\u00e3o das Na\u00e7\u00f5es Unidas (ONU), disse que inst\u00e2ncias governamentais continuam a flexibilizar as regras para a [&hellip;]<\/p>\n","protected":false},"author":1,"featured_media":62623,"comment_status":"open","ping_status":"closed","sticky":false,"template":"","format":"standard","meta":{"footnotes":""},"categories":[7,13],"tags":[],"class_list":["post-62622","post","type-post","status-publish","format-standard","has-post-thumbnail","hentry","category-cnbb","category-featured"],"_links":{"self":[{"href":"https:\/\/catolicanet.net\/wp-cnet\/wp-json\/wp\/v2\/posts\/62622","targetHints":{"allow":["GET"]}}],"collection":[{"href":"https:\/\/catolicanet.net\/wp-cnet\/wp-json\/wp\/v2\/posts"}],"about":[{"href":"https:\/\/catolicanet.net\/wp-cnet\/wp-json\/wp\/v2\/types\/post"}],"author":[{"embeddable":true,"href":"https:\/\/catolicanet.net\/wp-cnet\/wp-json\/wp\/v2\/users\/1"}],"replies":[{"embeddable":true,"href":"https:\/\/catolicanet.net\/wp-cnet\/wp-json\/wp\/v2\/comments?post=62622"}],"version-history":[{"count":1,"href":"https:\/\/catolicanet.net\/wp-cnet\/wp-json\/wp\/v2\/posts\/62622\/revisions"}],"predecessor-version":[{"id":62624,"href":"https:\/\/catolicanet.net\/wp-cnet\/wp-json\/wp\/v2\/posts\/62622\/revisions\/62624"}],"wp:featuredmedia":[{"embeddable":true,"href":"https:\/\/catolicanet.net\/wp-cnet\/wp-json\/wp\/v2\/media\/62623"}],"wp:attachment":[{"href":"https:\/\/catolicanet.net\/wp-cnet\/wp-json\/wp\/v2\/media?parent=62622"}],"wp:term":[{"taxonomy":"category","embeddable":true,"href":"https:\/\/catolicanet.net\/wp-cnet\/wp-json\/wp\/v2\/categories?post=62622"},{"taxonomy":"post_tag","embeddable":true,"href":"https:\/\/catolicanet.net\/wp-cnet\/wp-json\/wp\/v2\/tags?post=62622"}],"curies":[{"name":"wp","href":"https:\/\/api.w.org\/{rel}","templated":true}]}}