{"id":62618,"date":"2020-09-22T09:29:58","date_gmt":"2020-09-22T12:29:58","guid":{"rendered":"https:\/\/catolicanet.net\/wp-cnet\/?p=62618"},"modified":"2020-09-22T12:33:10","modified_gmt":"2020-09-22T15:33:10","slug":"santa-se-tutelar-os-direitos-dos-idosos-em-tempos-de-pandemia","status":"publish","type":"post","link":"https:\/\/catolicanet.net\/wp-cnet\/santa-se-tutelar-os-direitos-dos-idosos-em-tempos-de-pandemia\/","title":{"rendered":"Santa S\u00e9: tutelar os direitos dos idosos em tempos de pandemia"},"content":{"rendered":"<figure class=\"article__image\"><span class=\"didascalia_img\">Idosos italianos passeiam num parque em Mil\u00e3o\u00a0 (ANSA)<\/span><\/figure>\n<div class=\"article__meta\">\n<div class=\"article__subTitle\" style=\"text-align: justify;\">Uma gera\u00e7\u00e3o preciosa, um recurso que a pandemia colocou seriamente risco: \u00e9 preciso tutelar os direitos dos idosos. Estes s\u00e3o os pontos principais do pronunciamento do observador permanente da Santa S\u00e9 na ONU, em Genebra, dom Ivan Jurkovi\u010d, durante a 45\u00aa sess\u00e3o do Conselho de Direitos Humanos.<\/div>\n<div class=\"title__separator\" style=\"text-align: justify;\"><\/div>\n<div class=\"article__text\">\n<p style=\"text-align: justify;\"><b>Isabella Piro\/Mariangela Jaguraba \u2013 Vatican News<\/b><\/p>\n<p style=\"text-align: justify;\">Os direitos humanos n\u00e3o t\u00eam idade e, portanto, a sa\u00fade das pessoas idosas deve ser tutelada como a de todos, especialmente em tempos de pandemia da Covid-19. Este foi o apelo feito, nesta segunda-feira (21\/09), pelo observador permanente da Santa S\u00e9 na ONU, em Genebra, na Su\u00ed\u00e7a, dom Ivan Jurkovi\u010d. O prelado falou durante a 45\u00aa sess\u00e3o do Conselho de Direitos Humanos, dedicada ao relat\u00f3rio do Perito Independente sobre o acesso aos direitos humanos pelos idosos.<\/p>\n<div style=\"text-align: justify;\">\n<div class=\"article__embed article__embed--unwrap article__embed--dark\">\n<div class=\"article__innerTitle\">Ou\u00e7a e compartilhe<\/div>\n<div>\n<!--[if lt IE 9]><script>document.createElement('audio');<\/script><![endif]-->\n<audio class=\"wp-audio-shortcode\" id=\"audio-62618-1\" preload=\"none\" style=\"width: 100%;\" controls=\"controls\"><source type=\"audio\/mpeg\" src=\"https:\/\/media.vaticannews.va\/media\/audio\/s1\/2020\/09\/21\/16\/135724215_F135724215.mp3?_=1\" \/><a href=\"https:\/\/media.vaticannews.va\/media\/audio\/s1\/2020\/09\/21\/16\/135724215_F135724215.mp3\">https:\/\/media.vaticannews.va\/media\/audio\/s1\/2020\/09\/21\/16\/135724215_F135724215.mp3<\/a><\/audio>\n<\/div>\n<\/div>\n<\/div>\n<h2 style=\"text-align: justify;\">Dados certos e completos sobre a realidade dos idosos<\/h2>\n<p style=\"text-align: justify;\">Em primeiro lugar, o arcebispo destacou a necessidade de ter dados certos e completos sobre a realidade dos idosos: as estat\u00edsticas s\u00e3o incompletas e gen\u00e9ricas e tendem a \u201crepresent\u00e1-los como um grupo homog\u00eaneo, enquanto a realidade \u00e9 muito diferente\u201d.<\/p>\n<p style=\"text-align: justify;\">\u201cUma perspectiva t\u00e3o limitada\u201d n\u00e3o permite \u201cuma avalia\u00e7\u00e3o precisa de suas necessidades\u201d, nem \u201cuma aprecia\u00e7\u00e3o adequada\u201d da contribui\u00e7\u00e3o valiosa que oferecem para a sociedade. Dom Jurkovi\u010d chamou a aten\u00e7\u00e3o para a necessidade de dados \u201cde alta qualidade, oportunos e confi\u00e1veis\u201d para que \u201cas lacunas na prote\u00e7\u00e3o dos direitos humanos\u201d, para este segmento da popula\u00e7\u00e3o, sejam identificadas e preenchidas. Os dados s\u00e3o de \u201cimport\u00e2ncia vital\u201d, reiterou o observador, pois, como a pandemia demonstrou, representam \u201cum instrumento indispens\u00e1vel para monitorar a emerg\u00eancia sanit\u00e1ria\u201d, \u00e0 qual dar \u201crespostas espec\u00edficas\u201d.<\/p>\n<h2 style=\"text-align: justify;\">Nenhuma discrimina\u00e7\u00e3o com base na idade<\/h2>\n<p style=\"text-align: justify;\">O arcebispo recordou o \u201ctriste tributo\u201d que a Covid-19 exigiu dos idosos internados \u201cem casas de sa\u00fade e estruturas residenciais no mundo inteiro\u201d. \u201cLevando em conta essa terr\u00edvel situa\u00e7\u00e3o, \u00e9 necess\u00e1rio falar com precis\u00e3o sobre as infec\u00e7\u00f5es por coronav\u00edrus e sobre as mortes que ocorrem nessa situa\u00e7\u00e3o, a fim de melhorar a monitora\u00e7\u00e3o dentro desses centros\u201d, salientou o representante da Santa S\u00e9.<\/p>\n<p style=\"text-align: justify;\">Quanto ao acesso aos cuidados m\u00e9dicos, dom Jurkovi\u010d manifestou preocupa\u00e7\u00e3o pelo fato de que \u201cas decis\u00f5es sobre a designa\u00e7\u00e3o de recursos m\u00e9dicos, incluindo ventiladores, possam ser ou j\u00e1 foram tomadas exclusivamente com base na idade\u201d dos pacientes. Por esta raz\u00e3o, \u201c\u00e9 de grande import\u00e2ncia\u201d que os protocolos de sa\u00fade sejam guiados \u201cpor avalia\u00e7\u00f5es cl\u00ednicas minuciosas\u201d e por \u201cum compromisso claro\u201d a fim de salvaguardar os direitos e a dignidade de cada pessoa.<\/p>\n<h2 style=\"text-align: justify;\">Proteger os idosos, um recurso precioso<\/h2>\n<p style=\"text-align: justify;\">\u201cNos \u00faltimos meses, uma gera\u00e7\u00e3o inteira de idosos\u201d pagou caro as consequ\u00eancias da pandemia, apesar de esta gera\u00e7\u00e3o constituir \u201co recurso mais precioso\u201d para a fam\u00edlia humana, \u201cem termos de hist\u00f3ria, experi\u00eancia e ensinamentos inestim\u00e1veis\u201d, acrescentou \u00a0dom Jurkovi\u010d. \u201cRa\u00edzes e mem\u00f3ria de um povo, os idosos devem ser protegidos, seus direitos e dignidade devem ser salvaguardados\u201d, reiterou o arcebispo. Mas para atingir \u201cum objetivo t\u00e3o nobre e necess\u00e1rio, s\u00e3o essenciais dados completos, confi\u00e1veis e significativos\u201d, a fim de eliminar os obst\u00e1culos presentes e avaliar \u201ca efic\u00e1cia das medidas j\u00e1 em vigor\u201d, concluiu o representante vaticano.<\/p>\n<p style=\"text-align: justify;\">Vatican News Service \u2013 IP\/MJ<\/p>\n<\/div>\n<\/div>\n","protected":false},"excerpt":{"rendered":"<p>Idosos italianos passeiam num parque em Mil\u00e3o\u00a0 (ANSA) Uma gera\u00e7\u00e3o preciosa, um recurso que a pandemia colocou seriamente risco: \u00e9 preciso tutelar os direitos dos idosos. Estes s\u00e3o os pontos principais do pronunciamento do observador permanente da Santa S\u00e9 na ONU, em Genebra, dom Ivan Jurkovi\u010d, durante a 45\u00aa sess\u00e3o do Conselho de Direitos Humanos. [&hellip;]<\/p>\n","protected":false},"author":1,"featured_media":62619,"comment_status":"open","ping_status":"closed","sticky":false,"template":"","format":"standard","meta":{"footnotes":""},"categories":[3],"tags":[],"class_list":["post-62618","post","type-post","status-publish","format-standard","has-post-thumbnail","hentry","category-vaticano"],"_links":{"self":[{"href":"https:\/\/catolicanet.net\/wp-cnet\/wp-json\/wp\/v2\/posts\/62618","targetHints":{"allow":["GET"]}}],"collection":[{"href":"https:\/\/catolicanet.net\/wp-cnet\/wp-json\/wp\/v2\/posts"}],"about":[{"href":"https:\/\/catolicanet.net\/wp-cnet\/wp-json\/wp\/v2\/types\/post"}],"author":[{"embeddable":true,"href":"https:\/\/catolicanet.net\/wp-cnet\/wp-json\/wp\/v2\/users\/1"}],"replies":[{"embeddable":true,"href":"https:\/\/catolicanet.net\/wp-cnet\/wp-json\/wp\/v2\/comments?post=62618"}],"version-history":[{"count":1,"href":"https:\/\/catolicanet.net\/wp-cnet\/wp-json\/wp\/v2\/posts\/62618\/revisions"}],"predecessor-version":[{"id":62620,"href":"https:\/\/catolicanet.net\/wp-cnet\/wp-json\/wp\/v2\/posts\/62618\/revisions\/62620"}],"wp:featuredmedia":[{"embeddable":true,"href":"https:\/\/catolicanet.net\/wp-cnet\/wp-json\/wp\/v2\/media\/62619"}],"wp:attachment":[{"href":"https:\/\/catolicanet.net\/wp-cnet\/wp-json\/wp\/v2\/media?parent=62618"}],"wp:term":[{"taxonomy":"category","embeddable":true,"href":"https:\/\/catolicanet.net\/wp-cnet\/wp-json\/wp\/v2\/categories?post=62618"},{"taxonomy":"post_tag","embeddable":true,"href":"https:\/\/catolicanet.net\/wp-cnet\/wp-json\/wp\/v2\/tags?post=62618"}],"curies":[{"name":"wp","href":"https:\/\/api.w.org\/{rel}","templated":true}]}}