{"id":62586,"date":"2020-09-21T09:20:55","date_gmt":"2020-09-21T12:20:55","guid":{"rendered":"https:\/\/catolicanet.net\/wp-cnet\/?p=62586"},"modified":"2020-09-21T13:22:05","modified_gmt":"2020-09-21T16:22:05","slug":"os-avos-pontos-de-referencia-essenciais-para-as-criancas","status":"publish","type":"post","link":"https:\/\/catolicanet.net\/wp-cnet\/os-avos-pontos-de-referencia-essenciais-para-as-criancas\/","title":{"rendered":"Os av\u00f3s, pontos de refer\u00eancia essenciais para as crian\u00e7as"},"content":{"rendered":"<h2 class=\"subtitle\" style=\"text-align: justify;\">Os av\u00f3s desempenham um papel insubstitu\u00edvel e importante nas fam\u00edlias. Mas qual \u00e9 o seu lugar de direito, como podem transmitir sua vida de f\u00e9, sua cultura e valores familiares aos netos, sem substituir os pais?<\/h2>\n<div class=\"base-post-content\">\n<p class=\"p4\" style=\"text-align: justify;\">\u201c<i>Quem pode esquecer a presen\u00e7a e o testemunho dos av\u00f3s?<\/i>\u201d, recordou o Papa Bento XVI em 2008. No passado, os av\u00f3s ocupavam um lugar essencial no n\u00facleo familiar, muitas vezes compartilhando o lar. Com uma expectativa de vida menor do que a atual, aproveit\u00e1vamos a chance de viver e aprender com os nossos av\u00f3s ou av\u00f4s porque isso era raro. Hoje as pessoas vivem mais, as gera\u00e7\u00f5es n\u00e3o convivem mais sob o mesmo teto, o modelo de fam\u00edlia mudou. O que acontece ent\u00e3o com os av\u00f3s nesta nova configura\u00e7\u00e3o?<\/p>\n<p class=\"p4\" style=\"text-align: justify;\"><b>N\u00e3o substituir os pais na educa\u00e7\u00e3o das crian\u00e7as<\/b><\/p>\n<p class=\"p4\" style=\"text-align: justify;\">Os av\u00f3s t\u00eam um lugar mais essencial do que nunca, considera o padre Yannik Bonnet: \u201c<i>Devido ambos os pais precisarem trabalhar, a presen\u00e7a dos av\u00f3s \u00e9 muitas vezes necess\u00e1ria, mas, continua, \u00e9 muito mais complicado do que antes<\/i>\u201d. Os av\u00f3s sofrem por serem tratados muitas vezes como prestadores de servi\u00e7os e, \u00e0s vezes, por sofrerem chantagem emocional das crian\u00e7as. Os av\u00f3s de hoje s\u00e3o chamados a estar 100% dispon\u00edveis, mesmo quando ainda s\u00e3o ativos e muitas vezes est\u00e3o cheios de compromissos ap\u00f3s a aposentadoria. S\u00e3o cobrados de estarem atualizados de tudo, mesmo \u00e0 medida que envelhecem; e acolher na pr\u00f3pria fam\u00edlia situa\u00e7\u00f5es que v\u00e3o contra as suas convic\u00e7\u00f5es mais profundas e que os ferem. Como se posicionar nesses casos? Maria e Marcos, Martinha, Francisca, Brigitte e Jos\u00e9, Elisabete e Hugo, de 52 a 73 anos, representam a diversidade de situa\u00e7\u00f5es dos av\u00f3s de hoje. Todos, independentemente das dificuldades, falam da alegria que os netos lhes trazem.<\/p>\n<p class=\"p4\" style=\"text-align: justify;\">Francisca, que tem cinco filhos casados \u200b\u200be quatorze netos, explica: \u201c<i>A vida \u00e9 uma d\u00e1diva e n\u00f3s nos tornamos mais conscientes disso \u00e0 medida que envelhecemos; a \u00fanica coisa que importa \u00e9 amar, e como s\u00f3 vemos os netos ocasionalmente, nos concentramos nesses momentos<\/i>.\u00a0<i>Por isso, mesmo que a sua situa\u00e7\u00e3o seja delicada, rejeitem o termo sofrimento<\/i>\u201d. \u201c<i>Sofremos quando os nossos filhos sofrem<\/i>\u201d, afirmam Marcos e Maria, que tem quatro filhos \u2013 sendo uma das filhas divorciada e novamente casada, e uma nora que se recusa a v\u00ea-los \u2013 e cinco netos. Martinha possui tr\u00eas filhos, um dos filhos mora junto sem ter contra\u00eddo matrim\u00f4nio, e eles tamb\u00e9m t\u00eam uma neta n\u00e3o batizada. Embora ela mesma viva em Cristo, observa: \u201c<i>\u00c9 uma grande falta para mim<\/i>\u201d. Da mesma forma, Francisca, que lamenta que tr\u00eas de seus netos n\u00e3o sejam batizados, fala abertamente sobre isso com sua filha, sem procurar lhe dar li\u00e7\u00f5es de moral.<\/p>\n<p class=\"p4\" style=\"text-align: justify;\">Todos eles veem seu papel na disponibilidade, hospitalidade e doa\u00e7\u00e3o. Eles consideram mais do que normal p\u00f4r-se a servi\u00e7o, embora tamb\u00e9m saibam como estabelecer limites. Para Brigitte e Jos\u00e9, \u00e9 importante reservar tempo para eles mesmos e, acrescentam, \u201c<i>n\u00e3o se deve e n\u00e3o se pode substituir os pais<\/i>\u201d. Marcos e Maria adotaram a mesma regra, exceto em emerg\u00eancias; tamb\u00e9m decidiram ser testemunhas da miseric\u00f3rdia e acolher todas as situa\u00e7\u00f5es familiares. Apenas Brigitte e Jos\u00e9 podem se alegrar por n\u00e3o ter encontrado qualquer obst\u00e1culo com rela\u00e7\u00e3o a este assunto, com seus dois filhos casados \u200b\u200be seus oito netos, todos batizados \u2013 esses av\u00f3s entenderam bem que n\u00e3o podem substituir os pais na educa\u00e7\u00e3o dos netos, conforme confirma o Padre Bonnet.<\/p>\n<p class=\"p4\" style=\"text-align: justify;\"><b>Ame sem contar, sem julgar e sem esperar nada em troca<\/b><\/p>\n<div class=\"nativo-inread\" style=\"text-align: justify;\"><\/div>\n<p class=\"p4\" style=\"text-align: justify;\">Francisca, como Martinha, no entanto, imp\u00f5e certas regras em casa e tem o cuidado de fazer cumprir as regras estabelecidas pelos pr\u00f3prios pais. Por isso, Francisca nunca tem doces em casa, pois acha que os filhos n\u00e3o v\u00e3o gostar. Da mesma forma, Martinha tem o cuidado de n\u00e3o intervir quando os pais est\u00e3o presentes, principalmente durante as refei\u00e7\u00f5es, onde atende, sem contestar, aos caprichos da neta; por ter tido ela mesma uma m\u00e3e muito invasiva, ela sabe o quanto \u00e9 importante respeitar a liberdade de seus filhos.<\/p>\n<p class=\"p4\" style=\"text-align: justify;\">Acolher incondicionalmente, portanto, n\u00e3o significa dar todo o seu tempo, nem querer preencher as lacunas dos pais. Receber noras e genros de outra religi\u00e3o tamb\u00e9m n\u00e3o \u00e9 f\u00e1cil, admitem Hugo e Elisabete, que t\u00eam cinco filhos casados \u200b\u200be catorze netos: \u201c<i>Com o meu genro, foi sobretudo a diferen\u00e7a na educa\u00e7\u00e3o que tive dificuldade em aceitar; com minha nora, \u00e9 o materialismo que me incomoda. Contudo, agarrei-me ao fato de que eles fazem meus filhos felizes<\/i>\u201d, explica Hugo. \u201c<i>Com os nossos netos<\/i>\u201d, continua Elisabete, \u201c<i>procuro acolh\u00ea-los sem julg\u00e1-los, am\u00e1-los sem dar prefer\u00eancia a um ou a outro. N\u00e3o dar opini\u00e3o n\u00e3o \u00e9 f\u00e1cil, como experimentamos quando uma de nossas filhas, com o marido e tr\u00eas filhos, precisou morar conosco por alguns meses. Guardamos muitas coisas em nosso cora\u00e7\u00e3o e silenciamos<\/i>\u201d, lembra ela, rindo.<\/p>\n<p class=\"p4\" style=\"text-align: justify;\">Amar sem contar, sem julgar e sem esperar nada em troca, \u00e9 a regra que esses av\u00f3s se propuseram, mas eles sabem que tamb\u00e9m t\u00eam a delicada tarefa de transmitir. \u201c<i>Este \u00e9 na verdade o seu papel fundamental\u201d<\/i>, lembra-nos o Padre Bonnet, \u201c<i>mas isto exigir\u00e1 conselhos e n\u00e3o ordens<\/i>\u201d. \u00c9 exatamente assim que Francisca faz: \u201c<i>Quando pedimos algo aos nossos netos, tudo \u00e9 feito numa atmosfera bem diferente da casa dos pais, porque n\u00f3s temos muito mais tempo para explicar o porque das coisas<\/i>\u201d. \u201c<i>Eles entendem direitinho<\/i>\u201d, observou Maria, \u201c<i>e isso lhes faz bem; \u00e9 uma forma de aprender que existem padr\u00f5es diferentes em fam\u00edlias diferentes<\/i>\u201d. A quest\u00e3o tamb\u00e9m \u00e9 saber o que transmitir; porque, como observou o padre Bonnet, os mais jovens geralmente ouvem mais atentamente os av\u00f3s do que os pr\u00f3prios pais. Assim, os mais velhos podem ser verdadeiros apoios para os mais jovens, desde que os ou\u00e7am e os questionem sabiamente, em vez de querer doutrina-los. Acima de tudo, portanto, significa transmitir uma experi\u00eancia de vida que pode ajudar os netos a fazer suas pr\u00f3prias escolhas. E isso tamb\u00e9m se aplica \u00e0 f\u00e9.<\/p>\n<p class=\"p4\" style=\"text-align: justify;\"><b>Testemunhe a sua f\u00e9 atrav\u00e9s do seu estilo de vida<\/b><\/p>\n<p class=\"p4\" style=\"text-align: justify;\">\u201c<i>Temos que ser testemunhas do amor de Deus, respeitando a realidade de cada um<\/i>\u201d, diz Francisca. Este \u00e9 um grande desafio: \u201c<i>O respeito pelas convic\u00e7\u00f5es dos nossos filhos n\u00e3o me impede de anunciar Cristo<\/i>\u201d, diz Martinha. Ela ainda acrescentou: \u201c<i>Ele morreu por n\u00f3s, ent\u00e3o n\u00e3o temos o direito de ficar calados na frente dos nossos netos; mas devo ter certeza de faz\u00ea-lo com o consentimento de seus pais<\/i>\u201d. As dificuldades que encontrou com o relacionamento de seu filho, paradoxalmente, fortaleceram sua f\u00e9, em vez de diminui-la.<\/p>\n<p class=\"p4\" style=\"text-align: justify;\">Genevieve, 86 anos, ainda detalha: \u201c<i>Claro, n\u00e3o podemos dar li\u00e7\u00f5es de moral, pelo contr\u00e1rio, o meu testemunho vem da minha forma de viver. E ent\u00e3o poderemos sempre dizer: em minha longa vida, a minha f\u00e9 sempre foi a minha for\u00e7a! E mesmo tendo passado por momentos de ang\u00fastia e tristeza \u2013 porque voc\u00ea n\u00e3o pode atingir a minha idade sem ver os entes queridos partir \u2013 ela tamb\u00e9m \u00e9 minha alegria, provavelmente por causa da esperan\u00e7a<\/i>\u201d.<\/p>\n<p class=\"p4\" style=\"text-align: justify;\">Para Maria, procurar uma forma de superar a dificuldade em anunciar foi um est\u00edmulo para enraiz\u00e1-la mais em Deus: \u201c<i>As dificuldades vividas nas casas dos meus filhos obrigaram-me a procurar uma forma de expressar as minhas convic\u00e7\u00f5es sem magoa-los<\/i>\u201d. Atitudes que talvez n\u00e3o seriam poss\u00edveis se \u201c<i>j\u00e1 n\u00e3o tiv\u00e9ssemos implementado no nosso quotidiano a vida espiritual<\/i>\u201d, nota o marido.<\/p>\n<p class=\"p4\" style=\"text-align: justify;\">Quanto aos conselhos pr\u00e1ticos\u2026 A ora\u00e7\u00e3o \u00e9 a principal e \u00faltima recomenda\u00e7\u00e3o do Padre Bonnet: \u201c<i>S\u00f3 assim se pode construir uma fam\u00edlia unida, nas prova\u00e7\u00f5es e na alegria<\/i>\u201d. Para Genevieve, isso \u00e9 muito natural: \u201c<i>Todos os dias, ap\u00f3s as laudes, elevo ao Senhor minhas ora\u00e7\u00f5es pelos meus filhos e netos. Pe\u00e7o-lhe que os aben\u00e7oe, que os mantenha \u00e0 sombra das suas asas, que o Senhor esteja sempre presente na vida deles, e que eles queiram estar perto dEle<\/i>\u201d.<\/p>\n<p class=\"p5\" style=\"text-align: justify;\">Fr\u00e9d\u00e9rique de Watrigant<\/p>\n<\/div>\n","protected":false},"excerpt":{"rendered":"<p>Os av\u00f3s desempenham um papel insubstitu\u00edvel e importante nas fam\u00edlias. Mas qual \u00e9 o seu lugar de direito, como podem transmitir sua vida de f\u00e9, sua cultura e valores familiares aos netos, sem substituir os pais? \u201cQuem pode esquecer a presen\u00e7a e o testemunho dos av\u00f3s?\u201d, recordou o Papa Bento XVI em 2008. No passado, [&hellip;]<\/p>\n","protected":false},"author":1,"featured_media":62587,"comment_status":"open","ping_status":"closed","sticky":false,"template":"","format":"standard","meta":{"footnotes":""},"categories":[4,13],"tags":[],"class_list":["post-62586","post","type-post","status-publish","format-standard","has-post-thumbnail","hentry","category-cotidiano","category-featured"],"_links":{"self":[{"href":"https:\/\/catolicanet.net\/wp-cnet\/wp-json\/wp\/v2\/posts\/62586","targetHints":{"allow":["GET"]}}],"collection":[{"href":"https:\/\/catolicanet.net\/wp-cnet\/wp-json\/wp\/v2\/posts"}],"about":[{"href":"https:\/\/catolicanet.net\/wp-cnet\/wp-json\/wp\/v2\/types\/post"}],"author":[{"embeddable":true,"href":"https:\/\/catolicanet.net\/wp-cnet\/wp-json\/wp\/v2\/users\/1"}],"replies":[{"embeddable":true,"href":"https:\/\/catolicanet.net\/wp-cnet\/wp-json\/wp\/v2\/comments?post=62586"}],"version-history":[{"count":1,"href":"https:\/\/catolicanet.net\/wp-cnet\/wp-json\/wp\/v2\/posts\/62586\/revisions"}],"predecessor-version":[{"id":62588,"href":"https:\/\/catolicanet.net\/wp-cnet\/wp-json\/wp\/v2\/posts\/62586\/revisions\/62588"}],"wp:featuredmedia":[{"embeddable":true,"href":"https:\/\/catolicanet.net\/wp-cnet\/wp-json\/wp\/v2\/media\/62587"}],"wp:attachment":[{"href":"https:\/\/catolicanet.net\/wp-cnet\/wp-json\/wp\/v2\/media?parent=62586"}],"wp:term":[{"taxonomy":"category","embeddable":true,"href":"https:\/\/catolicanet.net\/wp-cnet\/wp-json\/wp\/v2\/categories?post=62586"},{"taxonomy":"post_tag","embeddable":true,"href":"https:\/\/catolicanet.net\/wp-cnet\/wp-json\/wp\/v2\/tags?post=62586"}],"curies":[{"name":"wp","href":"https:\/\/api.w.org\/{rel}","templated":true}]}}