{"id":62571,"date":"2020-09-21T09:07:36","date_gmt":"2020-09-21T12:07:36","guid":{"rendered":"https:\/\/catolicanet.net\/wp-cnet\/?p=62571"},"modified":"2020-09-21T13:08:52","modified_gmt":"2020-09-21T16:08:52","slug":"presidente-da-cnbb-e-nomeado-como-membro-do-observatorio-dos-direitos-humanos-do-poder-judiciario","status":"publish","type":"post","link":"https:\/\/catolicanet.net\/wp-cnet\/presidente-da-cnbb-e-nomeado-como-membro-do-observatorio-dos-direitos-humanos-do-poder-judiciario\/","title":{"rendered":"PRESIDENTE DA CNBB \u00c9 NOMEADO COMO MEMBRO DO OBSERVAT\u00d3RIO DOS DIREITOS HUMANOS DO PODER JUDICI\u00c1RIO"},"content":{"rendered":"<div class=\"elementor-element elementor-element-3a087bd2 elementor-widget elementor-widget-theme-post-content\" data-id=\"3a087bd2\" data-element_type=\"widget\" data-widget_type=\"theme-post-content.default\">\n<div class=\"elementor-widget-container\">\n<figure id=\"attachment_249215\" class=\"wp-caption alignright\" aria-describedby=\"caption-attachment-249215\"><img loading=\"lazy\" decoding=\"async\" class=\"wp-image-249215 size-medium lazyloaded\" src=\"https:\/\/eadn-wc02-718006.nxedge.io\/cdn\/wp-content\/uploads\/2020\/09\/Dom-Walmor-Oliveira-300x258.jpg\" sizes=\"auto, (max-width: 300px) 100vw, 300px\" srcset=\"https:\/\/eadn-wc02-718006.nxedge.io\/cdn\/wp-content\/uploads\/2020\/09\/Dom-Walmor-Oliveira-300x258.jpg 300w, https:\/\/eadn-wc02-718006.nxedge.io\/cdn\/wp-content\/uploads\/2020\/09\/Dom-Walmor-Oliveira-1024x882.jpg 1024w, https:\/\/eadn-wc02-718006.nxedge.io\/cdn\/wp-content\/uploads\/2020\/09\/Dom-Walmor-Oliveira-768x661.jpg 768w, https:\/\/eadn-wc02-718006.nxedge.io\/cdn\/wp-content\/uploads\/2020\/09\/Dom-Walmor-Oliveira-500x430.jpg 500w, https:\/\/eadn-wc02-718006.nxedge.io\/cdn\/wp-content\/uploads\/2020\/09\/Dom-Walmor-Oliveira.jpg 1280w\" alt=\"\" width=\"300\" height=\"258\" data-srcset=\"https:\/\/eadn-wc02-718006.nxedge.io\/cdn\/wp-content\/uploads\/2020\/09\/Dom-Walmor-Oliveira-300x258.jpg 300w, https:\/\/eadn-wc02-718006.nxedge.io\/cdn\/wp-content\/uploads\/2020\/09\/Dom-Walmor-Oliveira-1024x882.jpg 1024w, https:\/\/eadn-wc02-718006.nxedge.io\/cdn\/wp-content\/uploads\/2020\/09\/Dom-Walmor-Oliveira-768x661.jpg 768w, https:\/\/eadn-wc02-718006.nxedge.io\/cdn\/wp-content\/uploads\/2020\/09\/Dom-Walmor-Oliveira-500x430.jpg 500w, https:\/\/eadn-wc02-718006.nxedge.io\/cdn\/wp-content\/uploads\/2020\/09\/Dom-Walmor-Oliveira.jpg 1280w\" data-src=\"https:\/\/eadn-wc02-718006.nxedge.io\/cdn\/wp-content\/uploads\/2020\/09\/Dom-Walmor-Oliveira-300x258.jpg\" data-sizes=\"(max-width: 300px) 100vw, 300px\" \/><figcaption id=\"caption-attachment-249215\" class=\"wp-caption-text\">Dom Walmor \u00e9 nomeado membro do Observat\u00f3rio de Direitos Humanos do Judici\u00e1rio brasileiro. Foto: Comunica\u00e7\u00e3o Arquidiocese de Belo Horizonte.<\/figcaption><\/figure>\n<p style=\"text-align: justify;\">O arcebispo da arquidiocese de Belo Horizonte (MG) e presidente da Confer\u00eancia Nacional dos Bispos do Brasil (CNBB), dom Walmor Oliveira de Azevedo, foi nomeado, dia 17 de setembro, como um dos 19 membros do primeiro Observat\u00f3rio dos Direitos Humanos do Poder Judici\u00e1rio brasileiro. O Observat\u00f3rio, criado no mesmo dia em que o seu colegiado foi constitu\u00eddo, \u00e9 coordenado pelo Conselho Nacional de Justi\u00e7a (CNJ) e presidido pelo presidente do \u00f3rg\u00e3o, o ministro Luiz Fux.<\/p>\n<p style=\"text-align: justify;\">O grupo de trabalho do CNJ ir\u00e1 acompanhar a prote\u00e7\u00e3o e a implementa\u00e7\u00e3o dos princ\u00edpios de direitos humanos no \u00e2mbito do Poder Judici\u00e1rio. Al\u00e9m do presidente do CNJ, ministro Fux, o Observat\u00f3rio dos Direitos Humanos do Poder Judici\u00e1rio conta, em sua constitui\u00e7\u00e3o, com 10 conselheiros do CNJ e com profissionais do meio acad\u00eamico, membros da sociedade e de entidades representativas que possuem experi\u00eancia ou forma\u00e7\u00e3o na \u00e1rea de direitos humanos.<\/p>\n<p style=\"text-align: justify;\">Cabe ao Observat\u00f3rio a articula\u00e7\u00e3o da Justi\u00e7a com institui\u00e7\u00f5es nacionais ou internacionais que atuem na \u00e1rea de prote\u00e7\u00e3o aos direitos humanos, assim como parcerias para interc\u00e2mbio de informa\u00e7\u00f5es, experi\u00eancias e projetos ligados \u00e0 tutela dos direitos humanos. Para realizar suas atividades, o GT poder\u00e1 convidar colaboradores eventuais para participar de reuni\u00f5es, projetos ou outras iniciativas, sempre que houver necessidade.<\/p>\n<h4 style=\"text-align: justify;\">Direitos humanos: valores universais<\/h4>\n<p style=\"text-align: justify;\">Os direitos humanos s\u00e3o valores universais, de todo ser humano, independentemente de ra\u00e7a, sexo, nacionalidade, etnia, idioma, religi\u00e3o ou qualquer outra condi\u00e7\u00e3o. Eles est\u00e3o assegurados pela Constitui\u00e7\u00e3o Federal brasileira e, tamb\u00e9m, em tratados e acordos internacionais assinados pelo Brasil. Ao ratificar esses textos, o Poder P\u00fablico deve promover a\u00e7\u00f5es que garantam que esses direitos sejam cumpridos.<\/p>\n<p style=\"text-align: justify;\">A cria\u00e7\u00e3o do GT foi anunciada pelo ministro Luiz Fux em seu discurso de posse na presid\u00eancia do Supremo Tribunal Federal (STF) e do CNJ, na \u00faltima quinta-feira, 10 de setembro. Na ocasi\u00e3o, o ministro apresentou cinco eixos de atua\u00e7\u00e3o do CNJ alinhados aos Objetivos de Desenvolvimento Sustent\u00e1vel da Agenda 2030 e, entre eles, estavam a prote\u00e7\u00e3o dos direitos humanos e do meio ambiente.<\/p>\n<h4 style=\"text-align: justify;\">Membros do Observat\u00f3rio<\/h4>\n<p style=\"text-align: justify;\">Tamb\u00e9m integram esta primeira forma\u00e7\u00e3o do observat\u00f3rio, o ator Wagner Moura, enquanto embaixador da luta contra o trabalho escravo pela Organiza\u00e7\u00e3o Internacional do Trabalho (OIT), o frei David Raimundo Santos, da ONG Educafro, e a antrop\u00f3loga Maria Manuela Ligeti Carbeiro, por suas atua\u00e7\u00f5es nas tem\u00e1ticas etnol\u00f3gica, da hist\u00f3ria e dos direitos dos \u00edndios e negros.<\/p>\n<p style=\"text-align: justify;\">O \u00a0Rosh da Congrega\u00e7\u00e3o Judaica do Brasil, rabino Nilton Bonder, tamb\u00e9m faz parte do colegiado, al\u00e9m do presidente da AVON, Daniel de Almeida Gusm\u00e3o Alves Silveira, que\u00a0 foi convidado em raz\u00e3o do trabalho do Instituto Avon na promo\u00e7\u00e3o e empoderamento da mulher e no investimento em a\u00e7\u00f5es sociais e projetos nessa tem\u00e1tica.<\/p>\n<h4 style=\"text-align: justify;\">Conhe\u00e7a:<\/h4>\n<p style=\"text-align: justify;\"><a href=\"https:\/\/www.cnj.jus.br\/wp-content\/uploads\/2020\/09\/OBSERVATORIO-DH.pdf\">Minuta de cria\u00e7\u00e3o do primeiro Observat\u00f3rio dos Direitos Humanos do Poder Judici\u00e1rio brasileiro.<\/a><\/p>\n<p style=\"text-align: justify;\"><strong>Foto:<\/strong><br \/>\nReprodu\u00e7\u00e3o do arquivo do CNJ<\/p>\n<\/div>\n<\/div>\n","protected":false},"excerpt":{"rendered":"<p>Dom Walmor \u00e9 nomeado membro do Observat\u00f3rio de Direitos Humanos do Judici\u00e1rio brasileiro. Foto: Comunica\u00e7\u00e3o Arquidiocese de Belo Horizonte. O arcebispo da arquidiocese de Belo Horizonte (MG) e presidente da Confer\u00eancia Nacional dos Bispos do Brasil (CNBB), dom Walmor Oliveira de Azevedo, foi nomeado, dia 17 de setembro, como um dos 19 membros do primeiro [&hellip;]<\/p>\n","protected":false},"author":1,"featured_media":62572,"comment_status":"open","ping_status":"closed","sticky":false,"template":"","format":"standard","meta":{"footnotes":""},"categories":[7],"tags":[],"class_list":["post-62571","post","type-post","status-publish","format-standard","has-post-thumbnail","hentry","category-cnbb"],"_links":{"self":[{"href":"https:\/\/catolicanet.net\/wp-cnet\/wp-json\/wp\/v2\/posts\/62571","targetHints":{"allow":["GET"]}}],"collection":[{"href":"https:\/\/catolicanet.net\/wp-cnet\/wp-json\/wp\/v2\/posts"}],"about":[{"href":"https:\/\/catolicanet.net\/wp-cnet\/wp-json\/wp\/v2\/types\/post"}],"author":[{"embeddable":true,"href":"https:\/\/catolicanet.net\/wp-cnet\/wp-json\/wp\/v2\/users\/1"}],"replies":[{"embeddable":true,"href":"https:\/\/catolicanet.net\/wp-cnet\/wp-json\/wp\/v2\/comments?post=62571"}],"version-history":[{"count":1,"href":"https:\/\/catolicanet.net\/wp-cnet\/wp-json\/wp\/v2\/posts\/62571\/revisions"}],"predecessor-version":[{"id":62573,"href":"https:\/\/catolicanet.net\/wp-cnet\/wp-json\/wp\/v2\/posts\/62571\/revisions\/62573"}],"wp:featuredmedia":[{"embeddable":true,"href":"https:\/\/catolicanet.net\/wp-cnet\/wp-json\/wp\/v2\/media\/62572"}],"wp:attachment":[{"href":"https:\/\/catolicanet.net\/wp-cnet\/wp-json\/wp\/v2\/media?parent=62571"}],"wp:term":[{"taxonomy":"category","embeddable":true,"href":"https:\/\/catolicanet.net\/wp-cnet\/wp-json\/wp\/v2\/categories?post=62571"},{"taxonomy":"post_tag","embeddable":true,"href":"https:\/\/catolicanet.net\/wp-cnet\/wp-json\/wp\/v2\/tags?post=62571"}],"curies":[{"name":"wp","href":"https:\/\/api.w.org\/{rel}","templated":true}]}}